    
{"id":74675,"date":"2024-03-22T13:02:34","date_gmt":"2024-03-22T12:02:34","guid":{"rendered":"https:\/\/www.praha7.cz\/?p=74675"},"modified":"2024-03-22T13:14:30","modified_gmt":"2024-03-22T12:14:30","slug":"prelozky-siti-v-krizovatce-ul-strojnicka-a-schnirchova","status":"publish","type":"post","link":"https:\/\/www.praha7.cz\/prelozky-siti-v-krizovatce-ul-strojnicka-a-schnirchova\/","title":{"rendered":"P\u0159elo\u017eky s\u00edt\u00ed v&nbsp;k\u0159i\u017eovatce ulic Strojnick\u00e1 a&nbsp;Schnirchova"},"content":{"rendered":"<p>[perex]<\/p>\r\n<p>Upozor\u0148ujeme, \u017ee v&nbsp;pond\u011bl\u00ed 25.&nbsp;b\u0159ezna 2024 budou v&nbsp;k\u0159i\u017eovatce ulic Strojnick\u00e1 a&nbsp;Schnirchova zah\u00e1jeny pr\u00e1ce na p\u0159elo\u017ek\u00e1ch kabel\u016f PRE, kter\u00e9 budou prob\u00edhat do 14.&nbsp;dubna 2024.<\/p>\r\n<p>[\/perex]<\/p>\r\n<p>V ulici Strojnick\u00e1 dojde k&nbsp;z\u00e1boru vozovky v&nbsp;cel\u00e9 \u0161\u00ed\u0159i komunikace u&nbsp;k\u0159i\u017eovatky s&nbsp;ulic\u00ed Schnirchova. Obj\u00ed\u017e\u010fka uzav\u0159en\u00e9ho \u00faseku povede ulicemi Schnirchova a&nbsp;\u0160im\u00e1\u010dkova. V&nbsp;dot\u010den\u00e9 lokalit\u011b je t\u0159eba po\u010d\u00edtat tak\u00e9 se z\u00e1bory chodn\u00edk\u016f a&nbsp;\u010d\u00e1ste\u010dn\u00fdm omezen\u00edm parkov\u00e1n\u00ed. P\u0159elo\u017eky kabel\u016f budou z\u00e1rove\u0148 realizov\u00e1ny v&nbsp;k\u0159i\u017eovatce ulic Bubensk\u00e1 a&nbsp;\u017delezni\u010d\u00e1\u0159\u016f. Zde bude p\u0159ekop\u00e1n\u00ed vozovky prov\u00e1d\u011bno po polovin\u00e1ch pro zachov\u00e1n\u00ed pr\u016fjezdu. Akci zaji\u0161\u0165uje Spr\u00e1va \u017eeleznic v&nbsp;r\u00e1mci projektu modernizace trati.<\/p>\r\n<p>D\u011bkujeme za trp\u011blivost b\u011bhem realizace prac\u00ed.<\/p>","protected":false},"excerpt":{"rendered":"[perex] Upozor\u0148ujeme, \u017ee v&nbsp;pond\u011bl\u00ed 25.&nbsp;b\u0159ezna 2024 budou v&nbsp;k\u0159i\u017eovatce ulic Strojnick\u00e1 a&nbsp;Schnirchova zah\u00e1jeny pr\u00e1ce na p\u0159elo\u017ek\u00e1ch kabel\u016f PRE, kter\u00e9 budou prob\u00edhat do 14.&nbsp;dubna 2024. [\/perex] V&nbsp;ulici Strojnick\u00e1 dojde k&nbsp;z\u00e1boru vozovky v&nbsp;cel\u00e9 \u0161\u00ed\u0159i komunikace u&nbsp;k\u0159i\u017eovatky s&nbsp;ulic\u00ed Schnirchova. Obj\u00ed\u017e\u010fka uzav\u0159en\u00e9ho \u00faseku povede ulicemi Schnirchova a&nbsp;\u0160im\u00e1\u010dkova. V&nbsp;dot\u010den\u00e9 lokalit\u011b je t\u0159eba po\u010d\u00edtat tak\u00e9 se z\u00e1bory chodn\u00edk\u016f a&nbsp;\u010d\u00e1ste\u010dn\u00fdm omezen\u00edm parkov\u00e1n\u00ed. [&hellip;]","protected":false},"author":5,"featured_media":74676,"comment_status":"closed","ping_status":"open","sticky":false,"template":"","format":"standard","meta":[],"categories":[34],"tags":[57],"_links":{"self":[{"href":"https:\/\/www.praha7.cz\/api\/wp\/v2\/posts\/74675"}],"collection":[{"href":"https:\/\/www.praha7.cz\/api\/wp\/v2\/posts"}],"about":[{"href":"https:\/\/www.praha7.cz\/api\/wp\/v2\/types\/post"}],"author":[{"embeddable":true,"href":"https:\/\/www.praha7.cz\/api\/wp\/v2\/users\/5"}],"replies":[{"embeddable":true,"href":"https:\/\/www.praha7.cz\/api\/wp\/v2\/comments?post=74675"}],"version-history":[{"count":3,"href":"https:\/\/www.praha7.cz\/api\/wp\/v2\/posts\/74675\/revisions"}],"predecessor-version":[{"id":74679,"href":"https:\/\/www.praha7.cz\/api\/wp\/v2\/posts\/74675\/revisions\/74679"}],"wp:featuredmedia":[{"embeddable":true,"href":"https:\/\/www.praha7.cz\/api\/wp\/v2\/media\/74676"}],"wp:attachment":[{"href":"https:\/\/www.praha7.cz\/api\/wp\/v2\/media?parent=74675"}],"wp:term":[{"taxonomy":"category","embeddable":true,"href":"https:\/\/www.praha7.cz\/api\/wp\/v2\/categories?post=74675"},{"taxonomy":"post_tag","embeddable":true,"href":"https:\/\/www.praha7.cz\/api\/wp\/v2\/tags?post=74675"}],"curies":[{"name":"wp","href":"https:\/\/api.w.org\/{rel}","templated":true}]}}