    
{"id":74635,"date":"2024-04-05T14:34:33","date_gmt":"2024-04-05T12:34:33","guid":{"rendered":"https:\/\/www.praha7.cz\/?p=74635"},"modified":"2024-04-05T14:34:33","modified_gmt":"2024-04-05T12:34:33","slug":"prihlaste-se-na-zazit-mesto-jinak","status":"publish","type":"post","link":"https:\/\/www.praha7.cz\/prihlaste-se-na-zazit-mesto-jinak\/","title":{"rendered":"P\u0159ihlaste se na Za\u017e\u00edt m\u011bsto jinak"},"content":{"rendered":"<p>[perex]<\/p>\r\n<p>I letos bude t\u0159et\u00ed z\u00e1\u0159ijov\u00e1 sobota po cel\u00e9 republice pat\u0159it soused\u016fm a&nbsp;sousedk\u00e1m. Do 19.&nbsp;ro\u010dn\u00edku slavnost\u00ed Za\u017e\u00edt m\u011bsto jinak se te\u010f mohou hl\u00e1sit dobrovoln\u00ed organiz\u00e1to\u0159i, kte\u0159\u00ed cht\u011bj\u00ed podpo\u0159it m\u00edstn\u00ed komunitn\u00ed \u017eivot a&nbsp;prom\u011bnit ve\u0159ejn\u00fd prostor ve sv\u00e9m okol\u00ed. <a href=\"https:\/\/zazitmestojinak.cz\/registrace\" target=\"_blank\" rel=\"noopener\">P\u0159idat se<\/a> k&nbsp;akci spolku AutoMat a&nbsp;m\u00edstn\u00edch se m\u016f\u017eete a\u017e do 30.&nbsp;dubna 2024. Term\u00edn sousedsk\u00fdch slavnost\u00ed p\u0159ipad\u00e1 na 21.&nbsp;z\u00e1\u0159\u00ed 2024.<\/p>\r\n<p>[\/perex]<\/p>\r\n<h3>Zpomalme<\/h3>\r\n<p>Motto \u201eZpomal\u201c leto\u0161n\u00edho ro\u010dn\u00edku slavnost\u00ed Za\u017e\u00edt m\u011bsto jinak odkazuje nejen k&nbsp;na\u0161emu hektick\u00e9mu \u017eivotn\u00edmu stylu, ale i&nbsp;ke zklid\u0148ov\u00e1n\u00ed dopravy v&nbsp;na\u0161ich m\u011bstech, \u0161koln\u00edm ulic\u00edm a&nbsp;taktick\u00e9mu urbanismu \u2013 tedy \u00faprav\u00e1m ve\u0159ejn\u00e9ho prostoru nejprve \u201ena zkou\u0161ku\u201c, potom trvale. To v\u0161echno jsou t\u00e9mata, kter\u00fdmi se po\u0159\u00e1daj\u00edc\u00ed spolek AutoMat zab\u00fdv\u00e1 u\u017e 21 let. Je to tak\u00e9 v\u00fdzva pro v\u0161echny sousedy a&nbsp;sousedky, aby se alespo\u0148 na jeden den zastavili a&nbsp;zvelebili sv\u00e9 okol\u00ed podle sv\u00fdch p\u0159edstav a&nbsp;oslavili svobodn\u00fd pohyb po m\u00edstech, kter\u00e1 \u010dasto pat\u0159\u00ed sp\u00ed\u0161 automobilov\u00e9 doprav\u011b.<\/p>\r\n<p>\u201eT\u0159et\u00ed z\u00e1\u0159ijov\u00e1 sobota se m\u016f\u017ee st\u00e1t dnem, kdy si m\u016f\u017eete v&nbsp;klidu prohl\u00e9dnout zd\u00e1nliv\u011b zn\u00e1m\u00e9 ulice, popov\u00eddat si s&nbsp;lidmi, kter\u00e9 jindy m\u00edj\u00edte ve sp\u011bchu u&nbsp;\u0161koly, cestou do pr\u00e1ce nebo na n\u00e1kup. Tematizujeme tak\u00e9 pot\u0159ebu p\u0159em\u00fd\u0161let o&nbsp;funkci a&nbsp;dopadech dopravy v&nbsp;na\u0161ich m\u011bstech. Je pro n\u00e1s d\u016fle\u017eit\u011bj\u0161\u00ed ustupovat st\u00e1le rostouc\u00edmu provozu i&nbsp;parkov\u00e1n\u00ed, nebo d\u00e1t mo\u017enost d\u011btem, aby se po m\u011bst\u011b mohly bezpe\u010dn\u011b pohybovat samy?\u201c uva\u017euje Barbora Hrade\u010dn\u00e1, hlavn\u00ed koordin\u00e1torka akce z&nbsp;AutoMatu.<\/p>\r\n<h3>Spolupr\u00e1ce m\u00edstn\u00edch a&nbsp;AutoMatu<\/h3>\r\n<p>Program v&nbsp;jednotliv\u00fdch sousedsk\u00fdch lokalit\u00e1ch je pln\u011b v&nbsp;re\u017eii dobrovoln\u00fdch organiz\u00e1tor\u016f a&nbsp;organiz\u00e1torek, jednotlivc\u016f i&nbsp;spolk\u016f. Ti p\u0159in\u00e1\u0161ej\u00ed do ve\u0159ejn\u00e9ho prostoru kulturu i&nbsp;gastronomii, vytv\u00e1\u0159ej\u00ed prostor pro sousedsk\u00e9 kl\u00e1bosen\u00ed i&nbsp;d\u011btsk\u00e9 hran\u00ed, zvelebuj\u00ed sv\u00e9 okol\u00ed i&nbsp;poukazuj\u00ed na to, co je ve ve\u0159ejn\u00e9m prostoru p\u00e1l\u00ed. Spolek AutoMat pak mus\u00ed sehnat ka\u017edoro\u010dn\u011b t\u00e9m\u011b\u0159 dva miliony korun na to, aby mohl poskytnout pra\u017esk\u00fdm lokalit\u00e1m vy\u0159\u00edzen\u00ed z\u00e1boru ve\u0159ejn\u00e9ho prostranstv\u00ed, v\u0161em pak sd\u00edlen\u00ed know-how a&nbsp;konzultace, prostor na webu, v&nbsp;programu a&nbsp;katalogu slavnost\u00ed a&nbsp;dal\u0161\u00ed marketingovou podporu.<\/p>\r\n<h3>P\u0159idat se m\u016f\u017ee kdokoli<\/h3>\r\n<p>Ka\u017ed\u00fd, kdo si mysl\u00ed, \u017ee by u&nbsp;toho nem\u011bla chyb\u011bt pr\u00e1v\u011b ta jeho ulice, park, dvorek \u010di n\u00e1m\u011bst\u00ed, m\u00e1 p\u0159\u00edle\u017eitost p\u0159ipojit se ke stovk\u00e1m dobrovoln\u00fdch organiz\u00e1torek a&nbsp;organiz\u00e1tor\u016f akce. <a href=\"https:\/\/docs.google.com\/forms\/d\/e\/1FAIpQLSfwS8yZkB1dTUJI_FR7gAYQjCGFD5Quxeaxt390ztw_En2jCQ\/viewform\" target=\"_blank\" rel=\"noopener\">Registrace<\/a> jsou otev\u0159eny do 30.&nbsp;dubna 2024.<\/p>\r\n<p>Hlavn\u00ed term\u00edn sousedsk\u00fdch slavnost\u00ed Za\u017e\u00edt m\u011bsto jinak letos p\u0159ipad\u00e1 na 21.&nbsp;z\u00e1\u0159\u00ed 2024. Akce se kon\u00e1 v\u017edy v&nbsp;r\u00e1mci Evropsk\u00e9ho t\u00fddne mobility.<\/p>","protected":false},"excerpt":{"rendered":"[perex] I&nbsp;letos bude t\u0159et\u00ed z\u00e1\u0159ijov\u00e1 sobota po cel\u00e9 republice pat\u0159it soused\u016fm a&nbsp;sousedk\u00e1m. Do 19.&nbsp;ro\u010dn\u00edku slavnost\u00ed Za\u017e\u00edt m\u011bsto jinak se te\u010f mohou hl\u00e1sit dobrovoln\u00ed organiz\u00e1to\u0159i, kte\u0159\u00ed cht\u011bj\u00ed podpo\u0159it m\u00edstn\u00ed komunitn\u00ed \u017eivot a&nbsp;prom\u011bnit ve\u0159ejn\u00fd prostor ve sv\u00e9m okol\u00ed. P\u0159idat se k&nbsp;akci spolku AutoMat a&nbsp;m\u00edstn\u00edch se m\u016f\u017eete a\u017e do 30.&nbsp;dubna 2024. Term\u00edn sousedsk\u00fdch slavnost\u00ed p\u0159ipad\u00e1 na 21.&nbsp;z\u00e1\u0159\u00ed [&hellip;]","protected":false},"author":251,"featured_media":74642,"comment_status":"closed","ping_status":"open","sticky":false,"template":"","format":"standard","meta":[],"categories":[34],"tags":[120,91,110],"_links":{"self":[{"href":"https:\/\/www.praha7.cz\/api\/wp\/v2\/posts\/74635"}],"collection":[{"href":"https:\/\/www.praha7.cz\/api\/wp\/v2\/posts"}],"about":[{"href":"https:\/\/www.praha7.cz\/api\/wp\/v2\/types\/post"}],"author":[{"embeddable":true,"href":"https:\/\/www.praha7.cz\/api\/wp\/v2\/users\/251"}],"replies":[{"embeddable":true,"href":"https:\/\/www.praha7.cz\/api\/wp\/v2\/comments?post=74635"}],"version-history":[{"count":1,"href":"https:\/\/www.praha7.cz\/api\/wp\/v2\/posts\/74635\/revisions"}],"predecessor-version":[{"id":74643,"href":"https:\/\/www.praha7.cz\/api\/wp\/v2\/posts\/74635\/revisions\/74643"}],"wp:featuredmedia":[{"embeddable":true,"href":"https:\/\/www.praha7.cz\/api\/wp\/v2\/media\/74642"}],"wp:attachment":[{"href":"https:\/\/www.praha7.cz\/api\/wp\/v2\/media?parent=74635"}],"wp:term":[{"taxonomy":"category","embeddable":true,"href":"https:\/\/www.praha7.cz\/api\/wp\/v2\/categories?post=74635"},{"taxonomy":"post_tag","embeddable":true,"href":"https:\/\/www.praha7.cz\/api\/wp\/v2\/tags?post=74635"}],"curies":[{"name":"wp","href":"https:\/\/api.w.org\/{rel}","templated":true}]}}