    
{"id":74264,"date":"2024-03-07T11:00:12","date_gmt":"2024-03-07T10:00:12","guid":{"rendered":"https:\/\/www.praha7.cz\/?p=74264"},"modified":"2024-03-12T10:52:45","modified_gmt":"2024-03-12T09:52:45","slug":"vikendove-preruseni-metra-nadrazi-holesovice-i-p-pavlova","status":"publish","type":"post","link":"https:\/\/www.praha7.cz\/vikendove-preruseni-metra-nadrazi-holesovice-i-p-pavlova\/","title":{"rendered":"V\u00edkendov\u00e9 p\u0159eru\u0161en\u00ed metra N\u00e1dra\u017e\u00ed Hole\u0161ovice \u2013 I. P. Pavlova"},"content":{"rendered":"<p>[perex]<\/p>\r\n<p>Z d\u016fvodu opravy trati bude od soboty 9.&nbsp;b\u0159ezna (od zah\u00e1jen\u00ed provozu) do ned\u011ble 10.&nbsp;b\u0159ezna 2024 (do ukon\u010den\u00ed provozu) obousm\u011brn\u011b p\u0159eru\u0161en provoz metra na lince C mezi stanicemi I. P. Pavlova \u2013 N\u00e1dra\u017e\u00ed Hole\u0161ovice.<\/p>\r\n<p>[\/perex]<\/p>\r\n<h3>N\u00e1hradn\u00ed doprava<\/h3>\r\n<p>V denn\u00edm provozu je zavedena n\u00e1hradn\u00ed autobusov\u00e1 doprava\u00a0XC\u00a0v trase\u00a0I. P. Pavlova \u2013 Muzeum \u2013 Hlavn\u00ed n\u00e1dra\u017e\u00ed \u2013 Florenc \u2013 Vltavsk\u00e1 \u2013 N\u00e1dra\u017e\u00ed Hole\u0161ovice.<\/p>\r\n<p><strong>Zast\u00e1vky linky XC sm\u011br\u00a0N\u00e1dra\u017e\u00ed Hole\u0161ovice<\/strong><\/p>\r\n<ul>\r\n\t<li>I. P. Pavlova \u2013 n\u00e1stupn\u00ed: na n\u00e1m\u011bst\u00ed I. P. Pavlova mezi ulicemi Sokolsk\u00e1 a&nbsp;Legerova u&nbsp;vstupu do metra<\/li>\r\n\t<li>Muzeum: v&nbsp;ulici Legerova v&nbsp;zast\u00e1vce autobusov\u00e9 linky \u010d\u00edslo 905 sm\u011br S\u00eddli\u0161t\u011b \u010cimice<\/li>\r\n\t<li>Hlavn\u00ed n\u00e1dra\u017e\u00ed: v&nbsp;ulici Wilsonova v&nbsp;zast\u00e1vce autobusov\u00e9 linky \u010d\u00edslo 905 sm\u011br S\u00eddli\u0161t\u011b \u010cimice<\/li>\r\n\t<li>Florenc: v&nbsp;ulici Wilsonova na p\u0159emost\u011bn\u00ed Masarykova n\u00e1dra\u017e\u00ed<\/li>\r\n\t<li>Vltavsk\u00e1: na sjezdov\u00e9 ramp\u011b z&nbsp;Hl\u00e1vkova mostu<\/li>\r\n\t<li>N\u00e1dra\u017e\u00ed Hole\u0161ovice\u00a0\u2013\u00a0v\u00fdstupn\u00ed:\u00a0v obrati\u0161ti autobus\u016f ve v\u00fdstupn\u00ed zast\u00e1vce<\/li>\r\n<\/ul>\r\n<p><strong>Zast\u00e1vky linky XC sm\u011br\u00a0I. P. Pavlova<\/strong><\/p>\r\n<ul>\r\n\t<li>N\u00e1dra\u017e\u00ed Hole\u0161ovice \u2013 n\u00e1stupn\u00ed \u2013 v&nbsp;obrati\u0161ti autobus\u016f v&nbsp;n\u00e1stupn\u00ed zast\u00e1vce autobusov\u00e9 linky 156<\/li>\r\n\t<li>Vltavsk\u00e1: na Bubensk\u00e9m n\u00e1b\u0159e\u017e\u00ed v&nbsp;zast\u00e1vce autobusov\u00e9 linky \u010d\u00edslo 156<\/li>\r\n\t<li>Florenc: v&nbsp;ulici Wilsonova na p\u0159emost\u011bn\u00ed Masarykova n\u00e1dra\u017e\u00ed<\/li>\r\n\t<li>Hlavn\u00ed n\u00e1dra\u017e\u00ed: v&nbsp;ulici Wilsonova v&nbsp;zast\u00e1vce autobusov\u00e9 linky \u010d\u00edslo 905 sm\u011br Ji\u017en\u00ed M\u011bsto<\/li>\r\n\t<li>Muzeum: v&nbsp;ulici Wilsonova v&nbsp;zast\u00e1vce autobusov\u00e9 linky \u010d\u00edslo 905 sm\u011br Ji\u017en\u00ed M\u011bsto<\/li>\r\n\t<li>I. P. Pavlova \u2013 v\u00fdstupn\u00ed:\u00a0na n\u00e1m\u011bst\u00ed I. P. Pavlova mezi ulicemi Sokolsk\u00e1 a&nbsp;Legerova u&nbsp;vstupu do metra<\/li>\r\n<\/ul>\r\n<p><strong>Alternativn\u00ed n\u00e1hradn\u00ed tramvajov\u00e1 doprava<\/strong> \u2013 v&nbsp;denn\u00edm provozu linka \u010d\u00edslo\u00a036\u00a0v trase\u00a0Zvona\u0159ka \u2013 I. P. Pavlova \u2013 Karlovo n\u00e1m\u011bst\u00ed \u2013 V\u00e1clavsk\u00e9 n\u00e1m\u011bst\u00ed \u2013 Masarykovo n\u00e1dra\u017e\u00ed \u2013 Florenc \u2013 K\u0159i\u017e\u00edkova \u2013 Invalidovna \u2013 Palmovka \u2013 Bulovka \u2013 Kobylisy \u2013 Vozovna Kobylisy.<\/p>\r\n<p>&nbsp;<\/p>\r\n<h3>Zm\u011bny tras linek tramvaj\u00ed<\/h3>\r\n<p>Linka \u010d\u00edslo\u00a023\u00a0je ve sm\u011bru od Kr\u00e1lovky ze zast\u00e1vky\u00a0Bruselsk\u00e1\u00a0odklon\u011bna p\u0159es zast\u00e1vky\u00a0Pod Karlovem\u00a0a\u00a0Nuselsk\u00e9 schody\u00a0do zast\u00e1vky\u00a0N\u00e1m\u011bst\u00ed Brat\u0159\u00ed Synk\u016f\u00a0(v\u00fdstupn\u00ed v&nbsp;ulici Na Z\u00e1meck\u00e9, n\u00e1stupn\u00ed v&nbsp;obrati\u0161ti).<\/p>\r\n<h3>Bezbari\u00e9rov\u00e9 cestov\u00e1n\u00ed<\/h3>\r\n<p>S ohledem na to, \u017ee k&nbsp;zast\u00e1vce n\u00e1hradn\u00ed autobusov\u00e9 dopravy\u00a0XC Florenc\u00a0nen\u00ed bezbari\u00e9rov\u00fd p\u0159\u00edstup, doporu\u010dujeme vyu\u017e\u00edt spojen\u00ed tramvajovou linkou \u010d\u00edslo\u00a036\u00a0s bezbari\u00e9rov\u00fdm p\u0159estupem na metro\u00a0C\u00a0ve stanic\u00edch\u00a0I. P. Pavlova\u00a0a\u00a0Kobylisy, p\u0159\u00edpadn\u011b dal\u0161\u00ed linky povrchov\u00e9 dopravy.<\/p>\r\n<p>&nbsp;<\/p>\r\n<p><a href=\"https:\/\/www.praha7.cz\/wp-content\/uploads\/2024\/03\/Letak_k_opatreni-3_page-0001.jpg\"><img loading=\"lazy\" src=\"https:\/\/www.praha7.cz\/wp-content\/uploads\/2024\/03\/Letak_k_opatreni-3_page-0001-1414x1000.jpg\" alt=\"\" width=\"640\" height=\"453\" class=\"alignnone size-large wp-image-74267\" srcset=\"https:\/\/www.praha7.cz\/wp-content\/uploads\/2024\/03\/Letak_k_opatreni-3_page-0001-1414x1000.jpg 1414w, https:\/\/www.praha7.cz\/wp-content\/uploads\/2024\/03\/Letak_k_opatreni-3_page-0001-566x400.jpg 566w, https:\/\/www.praha7.cz\/wp-content\/uploads\/2024\/03\/Letak_k_opatreni-3_page-0001-768x543.jpg 768w, https:\/\/www.praha7.cz\/wp-content\/uploads\/2024\/03\/Letak_k_opatreni-3_page-0001-1536x1086.jpg 1536w, https:\/\/www.praha7.cz\/wp-content\/uploads\/2024\/03\/Letak_k_opatreni-3_page-0001-2048x1448.jpg 2048w\" sizes=\"(max-width: 640px) 100vw, 640px\" \/><\/a><\/p>\r\n<p>Ve\u0161ker\u00e9 informace k&nbsp;v\u00fdluce naleznete <a href=\"https:\/\/www.dpp.cz\/omezeni-a-mimoradne-udalosti\/detail\/21711\" target=\"_blank\" rel=\"noopener\">na str\u00e1nk\u00e1ch DPP<\/a>.<\/p>","protected":false},"excerpt":{"rendered":"[perex] Z&nbsp;d\u016fvodu opravy trati bude od soboty 9.&nbsp;b\u0159ezna (od zah\u00e1jen\u00ed provozu) do ned\u011ble 10.&nbsp;b\u0159ezna 2024 (do ukon\u010den\u00ed provozu) obousm\u011brn\u011b p\u0159eru\u0161en provoz metra na lince C mezi stanicemi I. P. Pavlova \u2013 N\u00e1dra\u017e\u00ed Hole\u0161ovice. [\/perex] N\u00e1hradn\u00ed doprava V&nbsp;denn\u00edm provozu je zavedena n\u00e1hradn\u00ed autobusov\u00e1 doprava\u00a0XC\u00a0v trase\u00a0I. P. Pavlova \u2013 Muzeum \u2013 Hlavn\u00ed n\u00e1dra\u017e\u00ed \u2013 Florenc [&hellip;]","protected":false},"author":251,"featured_media":74268,"comment_status":"closed","ping_status":"open","sticky":false,"template":"","format":"standard","meta":[],"categories":[34],"tags":[57],"_links":{"self":[{"href":"https:\/\/www.praha7.cz\/api\/wp\/v2\/posts\/74264"}],"collection":[{"href":"https:\/\/www.praha7.cz\/api\/wp\/v2\/posts"}],"about":[{"href":"https:\/\/www.praha7.cz\/api\/wp\/v2\/types\/post"}],"author":[{"embeddable":true,"href":"https:\/\/www.praha7.cz\/api\/wp\/v2\/users\/251"}],"replies":[{"embeddable":true,"href":"https:\/\/www.praha7.cz\/api\/wp\/v2\/comments?post=74264"}],"version-history":[{"count":1,"href":"https:\/\/www.praha7.cz\/api\/wp\/v2\/posts\/74264\/revisions"}],"predecessor-version":[{"id":74269,"href":"https:\/\/www.praha7.cz\/api\/wp\/v2\/posts\/74264\/revisions\/74269"}],"wp:featuredmedia":[{"embeddable":true,"href":"https:\/\/www.praha7.cz\/api\/wp\/v2\/media\/74268"}],"wp:attachment":[{"href":"https:\/\/www.praha7.cz\/api\/wp\/v2\/media?parent=74264"}],"wp:term":[{"taxonomy":"category","embeddable":true,"href":"https:\/\/www.praha7.cz\/api\/wp\/v2\/categories?post=74264"},{"taxonomy":"post_tag","embeddable":true,"href":"https:\/\/www.praha7.cz\/api\/wp\/v2\/tags?post=74264"}],"curies":[{"name":"wp","href":"https:\/\/api.w.org\/{rel}","templated":true}]}}