    
{"id":74109,"date":"2024-03-04T10:51:49","date_gmt":"2024-03-04T09:51:49","guid":{"rendered":"https:\/\/www.praha7.cz\/?p=74109"},"modified":"2024-03-04T12:16:28","modified_gmt":"2024-03-04T11:16:28","slug":"co-je-ted-je-lepsi-nez-vsechno-co-bylo-predtim","status":"publish","type":"post","link":"https:\/\/www.praha7.cz\/co-je-ted-je-lepsi-nez-vsechno-co-bylo-predtim\/","title":{"rendered":"Co je te\u010f, je lep\u0161\u00ed ne\u017e v\u0161echno, co bylo p\u0159edt\u00edm"},"content":{"rendered":"<p>[perex]<\/p>\r\n<p>\u201eJ\u00e1 nem\u016f\u017eu na dne\u0161n\u00ed dobu \u0159\u00edct nic jin\u00fdho, ne\u017e \u017ee j\u00ed fand\u00edm\u2026 J\u00e1 j\u00ed fand\u00edm proto, \u017ee jsem za tohle celej \u017eivot bojoval.\u201c To jsou slova Tom\u00e1\u0161e Kul\u00edka, narozen\u00e9ho 8.&nbsp;\u00fanora 1927 v&nbsp;Hole\u0161ovic\u00edch, filmov\u00e9ho a&nbsp;televizn\u00edho re\u017eis\u00e9ra, jej\u017e boj za pravdu a&nbsp;demokracii skute\u010dn\u011b prov\u00e1zel celou kari\u00e9ru. Vzpom\u00ednky pana Kul\u00edka zaznamenali \u017e\u00e1ci v&nbsp;r\u00e1mci projektu P\u0159\u00edb\u011bhy na\u0161ich soused\u016f.<\/p>\r\n<p>[\/perex]<\/p>\r\n<p>Tom\u00e1\u0161 Kul\u00edk se narodil a&nbsp;d\u011btstv\u00ed pro\u017eil v&nbsp;dob\u011b prvn\u00ed republiky, za prezidenta T. G. Masaryka a&nbsp;pozd\u011bji i&nbsp;Edvarda Bene\u0161e. Na tyto \u010dasy vzpom\u00edn\u00e1 jako na n\u011bco sv\u00fdm zp\u016fsobem neuchopiteln\u011b p\u0159ekr\u00e1sn\u00e9ho. Byla sice vy\u0161\u0161\u00ed nezam\u011bstnanost kv\u016fli sv\u011btov\u00e9 hospod\u00e1\u0159sk\u00e9 krizi, ale t\u011bm, kte\u0159\u00ed pr\u00e1ci m\u011bli, se pr\u00fd \u017eilo dob\u0159e. \u201eKdy\u017e jste m\u011bli pen\u00edze, mohli jste v\u0161echno,\u201c \u0159\u00edk\u00e1 se sm\u00edchem.<\/p>\r\n<p>Pot\u00e9 ale p\u0159i\u0161el rok 1939 a&nbsp;do \u010cech vtrhla nacistick\u00e1 vojska. Toho dne se mal\u00fd Tom\u00e1\u0161 probudil s&nbsp;t\u00edm, \u017ee p\u016fjde do \u0161koly jako ka\u017ed\u00fd jin\u00fd den, a&nbsp;us\u00ednal s&nbsp;t\u00edm, \u017ee v&nbsp;Masarykov\u011b \u0161kole na dne\u0161n\u00edm Ortenov\u011b n\u00e1m\u011bst\u00ed jsou ubytovan\u00ed N\u011bmci. Pozd\u011bji se vyu\u010dov\u00e1n\u00ed zase obnovilo, ale nic nebylo jako d\u0159\u00edv. Pan Kul\u00edk vypr\u00e1v\u00ed, jak se spolu s&nbsp;ostatn\u00edmi kluky chodili d\u00edvat na n\u011bmeck\u00e9 voj\u00e1ky stoj\u00edc\u00ed s&nbsp;flintami p\u0159ed dve\u0159mi \u0161koly. V\u011bd\u011bli, \u017ee to jsou jejich nep\u0159\u00e1tel\u00e9; kdy\u017e jim str\u00e1\u017ee se slovy \u201echud\u00e1ci \u010ce\u0161i\u201c nab\u00edzely gul\u00e1\u0161, d\u011bti poka\u017ed\u00e9 odm\u00edtly.<br \/>\r\n<br \/>\r\n<\/p>\r\n<p><img loading=\"lazy\" src=\"https:\/\/www.praha7.cz\/wp-content\/uploads\/2024\/03\/21-281x400.png\" alt=\"\" width=\"281\" height=\"400\" class=\"alignnone size-medium wp-image-74113\" srcset=\"https:\/\/www.praha7.cz\/wp-content\/uploads\/2024\/03\/21-281x400.png 281w, https:\/\/www.praha7.cz\/wp-content\/uploads\/2024\/03\/21.png 378w\" sizes=\"(max-width: 281px) 100vw, 281px\" \/><br \/>\r\n<span style=\"color: #ff6600;\"><em>Pr\u00e1ce \u201ena dlouh\u00e9 sklo\u201c, zv\u011bt\u0161enina detailu<br \/>\r\n<br \/>\r\n<\/em><\/span><\/p>\r\n<p>Pana Kul\u00edka ale mnohem v\u00edce rmout\u00ed vzpom\u00ednky na tzv. ordnery, Sudeton\u011bmeck\u00fd sbor dobrovoln\u00edk\u016f, kte\u0159\u00ed s\u00eddlili v&nbsp;dne\u0161n\u00edm Slovansk\u00e9m, tenkr\u00e1t N\u011bmeck\u00e9m dom\u011b. Tato polovojensk\u00e1 organizace byla zalo\u017eena za \u00fa\u010delem destabilizace situace v&nbsp;\u010ceskoslovensku pomoc\u00ed ozbrojen\u00fdch \u00fatok\u016f a&nbsp;sabot\u00e1\u017e\u00ed, co\u017e tak\u00e9 d\u011blala. Z&nbsp;na\u0159\u00edzen\u00ed Adolfa Hitlera napadali ordne\u0159i lidi, p\u0159edev\u0161\u00edm ty slab\u00e9 \u010di star\u00e9, a&nbsp;to \u010de\u0161t\u00ed policist\u00e9 nemohli nechat bez odezvy. Jednou za \u010das si \u2013 s&nbsp;Tom\u00e1\u0161ov\u00fdm str\u00fd\u010dkem komisa\u0159em v&nbsp;\u010dele \u2013 stoupli p\u0159ed N\u011bmeck\u00fd d\u016fm, po\u010dkali si, a\u017e ordne\u0159i vyjdou ven, a&nbsp;pak je, dle slov pana Kul\u00edka, \u201ezml\u00e1tili\u201c. Samotn\u00ed \u010ce\u0161i byli za protektor\u00e1tu st\u0159\u00edleni doslova na potk\u00e1n\u00ed, bez soudu, mnohdy i&nbsp;bez p\u0159\u00ed\u010diny.<\/p>\r\n<p>V roce 1942 pan Kul\u00edk dokon\u010dil \u0161kolu a&nbsp;cht\u011bl j\u00edt na obchodn\u00ed akademii, ale neud\u011blal zkou\u0161ku z&nbsp;n\u011bm\u010diny, co\u017e tenkr\u00e1t bylo zcela nep\u0159\u00edpustn\u00e9. Proto\u017ee necht\u011bl promarnit t\u0159i roky v&nbsp;u\u010debn\u00edm oboru, \u0161el na t\u0159i \u010dtvrt\u011b roku pracovat do firmy K\u0159i\u017e\u00edk-Chaudoir, kde se vyr\u00e1b\u011bly nap\u0159\u00edklad zapalova\u010de, je\u017e pot\u00e9 putovaly na frontu. Ve firm\u011b se za\u010dal bavit s&nbsp;N\u011bmci a&nbsp;d\u00edky tomu si zlep\u0161il n\u011bm\u010dinu dost na to, aby z&nbsp;n\u00ed posl\u00e9ze ud\u011blal onu zkou\u0161ku, a&nbsp;mohl tak kone\u010dn\u011b nastoupit na obchodn\u00ed akademii.<\/p>\r\n<p>Dal\u0161\u00ed probl\u00e9my na sebe ale nenechaly dlouho \u010dekat a&nbsp;po roce bylo vyhl\u00e1\u0161eno tot\u00e1ln\u00ed nasazen\u00ed. Pan Tom\u00e1\u0161 m\u011bl \u0161t\u011bst\u00ed a&nbsp;nemusel j\u00edt pracovat do \u0158\u00ed\u0161e ani na Moravu, kter\u00e1 byla bombardov\u00e1na Rusy, jako mnoz\u00ed jeho kamar\u00e1di. Do konce v\u00e1lky vyr\u00e1b\u011bl vst\u0159ikovac\u00ed pumpi\u010dky do letadel ve firm\u011b Hejduk a&nbsp;Faix v&nbsp;pra\u017esk\u00fdch Vyso\u010danech. Pro N\u011bmecko pracoval jen z&nbsp;donucen\u00ed. V&nbsp;tov\u00e1rn\u011b byla nasazen\u00e1 v\u017edy jedna skupina d\u011bln\u00edk\u016f od sedmi r\u00e1no do sedmi ve\u010der a&nbsp;druh\u00e1 od sedmi ve\u010der do sedmi r\u00e1no. Zat\u00edmco N\u011bmci m\u011bli sm\u011bnu dlouhou deset hodin, \u010ce\u0161i dvan\u00e1ct. \u201eBylo to jako otroctv\u00ed,\u201c krout\u00ed hlavou pan Kul\u00edk. Nejv\u00edce ho roz\u010dilovalo, \u017ee n\u011bkte\u0159\u00ed \u010ce\u0161i svou pr\u00e1ci m\u011bli kv\u016fli dobr\u00e9mu platu r\u00e1di, bez ohledu na to, \u017ee t\u00edm pom\u00e1hali nep\u0159\u00edteli.<\/p>\r\n<p>S bl\u00ed\u017e\u00edc\u00edm se koncem v\u00e1lky se d\u011bly hrozn\u00e9 v\u011bci. N\u011bmci vyvra\u017edili cel\u00e9 bloky dom\u016f. Nicm\u00e9n\u011b Libe\u0148 a&nbsp;Hole\u0161ovice byly docela bezpe\u010dn\u00e9, vrazi se nedostali d\u00e1l ne\u017e za Trojsk\u00fd most a&nbsp;z&nbsp;druh\u00e9 strany p\u0159es Hl\u00e1vk\u016fv most. Hlas pana Kul\u00edka nab\u00edr\u00e1 t\u00f3nu, ze kter\u00e9ho mraz\u00ed, kdy\u017e popisuje, jak se s&nbsp;kamar\u00e1dem jednou p\u0159ipl\u00ed\u017eili a\u017e k&nbsp;Trojsk\u00e9mu mostu a&nbsp;vid\u011bli nacistick\u00e9ho d\u016fstojn\u00edka st\u0159\u00edlet lidi ut\u00edkaj\u00edc\u00ed z&nbsp;ho\u0159\u00edc\u00edch dom\u016f do kryt\u016f. I&nbsp;po tolika letech to pana Kul\u00edka tr\u00e1p\u00ed: \u201eOn z&nbsp;legrace, jen tak pro sebe, sest\u0159eloval lidi!\u201c<\/p>\r\n<p>Tou dobou byl pro ob\u010dany kl\u00ed\u010dov\u00fd \u010cesk\u00fd rozhlas, nebo\u0165 informoval celou Prahu, r\u00e1dio m\u011bl doma jen m\u00e1lokdo. Rozhlas byl N\u011bmci dobyt, a&nbsp;tak ho \u010ce\u0161i p\u0159esunuli do kostela \u010ceskoslovensk\u00e9 c\u00edrkve na Vinohradech \u2013 p\u0159\u00edmo od olt\u00e1\u0159e vys\u00edlali a\u017e do konce v\u00e1lky a&nbsp;N\u011bmci na to nikdy nep\u0159i\u0161li.<br \/>\r\n<br \/>\r\n<\/p>\r\n<p><img loading=\"lazy\" src=\"https:\/\/www.praha7.cz\/wp-content\/uploads\/2024\/03\/4.jpg\" alt=\"\" width=\"369\" height=\"261\" class=\"alignnone size-full wp-image-74114\" \/><br \/>\r\n<span style=\"color: #ff6600;\"><em>Po\u0159ad B\u00e1brlata se \u0160t\u011bp\u00e1nkou Hani\u010dincovou<\/em><\/span>\u00a0<br \/>\r\n<br \/>\r\n<\/p>\r\n<p>Kdy\u017e se \u0159ekne pov\u00e1le\u010dn\u00e9 obdob\u00ed, panu Kul\u00edkovi se vybav\u00ed plak\u00e1ty politick\u00fdch stran, kter\u00e9 tenkr\u00e1t byly pouze \u010dty\u0159i. Bitvu o&nbsp;p\u0159\u00edze\u0148 voli\u010d\u016f k&nbsp;neradosti pana Kul\u00edka vyhr\u00e1li komunist\u00e9. On s\u00e1m hrd\u011b hl\u00e1s\u00ed, \u017ee volil soci\u00e1ln\u00ed demokraty. Pat\u0159il k&nbsp;tomu m\u00e1lu lid\u00ed, kte\u0159\u00ed Rusy nikdy nevn\u00edmali jako zachr\u00e1nce.<\/p>\r\n<p>Bez ohledu na politiku dokon\u010dil Tom\u00e1\u0161 Kul\u00edk obchodn\u00ed akademii a&nbsp;pokra\u010doval ve studiu na fakult\u011b hospod\u00e1\u0159sk\u00fdch v\u011bd. Po vysok\u00e9 ho zam\u011bstnali v&nbsp;Kovoslu\u017eb\u011b, nejprve jako sl\u00e9va\u010de barevn\u00fdch kov\u016f, ale manu\u00e1ln\u00ed pr\u00e1ce mu ne\u0161la, a&nbsp;tak ho ud\u011blali pl\u00e1nova\u010dem.<\/p>\r\n<p>V roce 1952 pana Kul\u00edka odsoudili za vyd\u00e1v\u00e1n\u00ed protire\u017eimn\u00edch let\u00e1k\u016f na p\u016fl roku do v\u011bzen\u00ed. Trest si odpykal ve Vina\u0159ic\u00edch u&nbsp;Kladna, a&nbsp;kdy\u017e ho propustili, nemohl coby odp\u016frce komunist\u016f sehnat pr\u00e1ci. Jeho man\u017eelka pracovala na Barrandov\u011b jako sekret\u00e1\u0159ka a&nbsp;domluvila mu ve studiu m\u00edsto \u2013 a&nbsp;tak se mu splnil jeho celo\u017eivotn\u00ed sen. Jeho prvn\u00edm filmem, na n\u011bm\u017e pracoval jako asistent v\u00fdroby, byla poh\u00e1dka Byl jednou jeden kr\u00e1l. Nebylo to p\u0159esn\u011b to, co si p\u0159\u00e1l, ale sezn\u00e1mil se p\u0159itom se zaj\u00edmav\u00fdmi osobnosti \u2013 s&nbsp;Vlastou Burianem a&nbsp;Janem Werichem.<\/p>\r\n<p>Kdy\u017e v&nbsp;roce 1968 p\u0159i\u0161ly po p\u0159\u00edjezdu okupa\u010dn\u00edch vojsk do Prahy politick\u00e9 prov\u011brky, na Tom\u00e1\u0161e Kul\u00edka se znovu usm\u00e1lo \u0161t\u011bst\u00ed: dostal od sv\u00e9ho kamar\u00e1da Tomislava Neklana, v\u00fdznamn\u00e9ho redaktora, nab\u00eddku pr\u00e1ce v&nbsp;televizi. Pro\u010d to bylo takov\u00e9 \u0161t\u011bst\u00ed? Inu, proto\u017ee pan Kul\u00edk z&nbsp;Barrandova ode\u0161el, ne\u017e zde prob\u011bhly prov\u011brky, a&nbsp;do televize nastoupil, a\u017e kdy\u017e u\u017e tam bylo po prov\u011brk\u00e1ch. \u0158\u00edk\u00e1, \u017ee neb\u00fdt toho, nejsp\u00ed\u0161 by se re\u017eis\u00e9rem nikdy nestal, proto\u017ee by se rad\u011bji nechal vyhodit, ne\u017e aby p\u0159edst\u00edral loajalitu k&nbsp;Sov\u011btsk\u00e9mu svazu.<\/p>\r\n<p>P\u00e1r let nato po n\u011bm cht\u011bli, aby nat\u00e1\u010del propagandistick\u00e9 filmy. S&nbsp;t\u011bmi on v\u0161ak nesouhlasil, a&nbsp;tak odm\u00edtl: \u201eTyhlety vysloven\u00fd l\u017ei mn\u011b hrozn\u011b vadily, a&nbsp;proto jsem si \u0159ekl: No ne, chlap\u010de, tak tohleto d\u011blat nebude\u0161.\u201c Rad\u011bji si nechal sn\u00ed\u017eit plat, aby mohl d\u00e1le nat\u00e1\u010det popul\u00e1rn\u011b v\u011bdeck\u00e9 filmy. Tento obor mu d\u00e1val smysl, proto\u017ee jak \u0159\u00edk\u00e1: \u201eSami se n\u011bco nau\u010d\u00edte a&nbsp;pak to p\u0159ed\u00e1v\u00e1te div\u00e1k\u016fm.\u201c Kup\u0159\u00edkladu to\u010dil film o&nbsp;chemikovi Jaroslavu Heyrovsk\u00e9m, nositeli Nobelovy ceny za chemii (1959). Pozd\u011bji se Tom\u00e1\u0161 Kul\u00edk stal u\u010ditelem na FAMU, kde p\u016fsobil a\u017e do sv\u00fdch 76 let, i&nbsp;kdy\u017e u\u017e byl v&nbsp;d\u016fchodu, natolik ho jeho pr\u00e1ce napl\u0148ovala.<\/p>\r\n<p>Nyn\u00ed je panu Kul\u00edkovi 97 let, \u017eije v&nbsp;Hole\u0161ovic\u00edch, a&nbsp;kdykoli n\u011bkdo nad\u00e1v\u00e1 na dne\u0161n\u00ed dobu, jen se tajupln\u011b usm\u00edv\u00e1, proto\u017ee on v\u00ed. V\u00ed, \u017ee to, co je te\u010f, t\u0159eba\u017ee to nen\u00ed dokonal\u00e9, je lep\u0161\u00ed ne\u017e v\u0161echno, co bylo p\u0159edt\u00edm. Je to jeho odm\u011bna.<\/p>\r\n<hr \/>\r\n<p>\u2192 P\u0159\u00edb\u011bhy na\u0161ich soused\u016f je vzd\u011bl\u00e1vac\u00ed projekt neziskov\u00e9 organizace Post Bellum pro \u017e\u00e1ky osm\u00fdch a&nbsp;dev\u00e1t\u00fdch t\u0159\u00edd Z\u0160 a&nbsp;terci\u00ed a&nbsp;kvart v\u00edcelet\u00fdch gymn\u00e1zi\u00ed, jeho\u017e c\u00edlem je vyzpov\u00eddat pam\u011btn\u00edka, nato\u010dit jeho vzpom\u00ednky, digitalizovat fotografie, prozkoumat archivy a&nbsp;nakonec vytvo\u0159it rozhlasovou, televizn\u00ed nebo psanou report\u00e1\u017e \u010di dokument.<br \/>\r\n<br \/>\r\n<\/p>\r\n<p><img loading=\"lazy\" src=\"https:\/\/www.praha7.cz\/wp-content\/uploads\/2024\/03\/3-321x400.png\" alt=\"\" width=\"321\" height=\"400\" class=\"alignnone size-medium wp-image-74115\" srcset=\"https:\/\/www.praha7.cz\/wp-content\/uploads\/2024\/03\/3-321x400.png 321w, https:\/\/www.praha7.cz\/wp-content\/uploads\/2024\/03\/3.png 526w\" sizes=\"(max-width: 321px) 100vw, 321px\" \/><br \/>\r\n<span style=\"color: #ff6600;\"><em>Splejbl s&nbsp;Hurv\u00ednkem pro po\u0159ad B\u00e1brlata<br \/>\r\n<\/em><\/span><\/p>\r\n<p>\u2192 <a href=\"https:\/\/www.pametnaroda.cz\/cs\/kulik-tomas-1927\" target=\"_blank\" rel=\"noopener\">www.pametnaroda.cz\/cs\/kulik-tomas-1927<\/a><\/p>","protected":false},"excerpt":{"rendered":"[perex] \u201eJ\u00e1 nem\u016f\u017eu na dne\u0161n\u00ed dobu \u0159\u00edct nic jin\u00fdho, ne\u017e \u017ee j\u00ed fand\u00edm\u2026 J\u00e1 j\u00ed fand\u00edm proto, \u017ee jsem za tohle celej \u017eivot bojoval.\u201c To jsou slova Tom\u00e1\u0161e Kul\u00edka, narozen\u00e9ho 8.&nbsp;\u00fanora 1927 v&nbsp;Hole\u0161ovic\u00edch, filmov\u00e9ho a&nbsp;televizn\u00edho re\u017eis\u00e9ra, jej\u017e boj za pravdu a&nbsp;demokracii skute\u010dn\u011b prov\u00e1zel celou kari\u00e9ru. Vzpom\u00ednky pana Kul\u00edka zaznamenali \u017e\u00e1ci v&nbsp;r\u00e1mci projektu P\u0159\u00edb\u011bhy na\u0161ich soused\u016f. [&hellip;]","protected":false},"author":292,"featured_media":74112,"comment_status":"closed","ping_status":"open","sticky":false,"template":"","format":"standard","meta":[],"categories":[37],"tags":[],"_links":{"self":[{"href":"https:\/\/www.praha7.cz\/api\/wp\/v2\/posts\/74109"}],"collection":[{"href":"https:\/\/www.praha7.cz\/api\/wp\/v2\/posts"}],"about":[{"href":"https:\/\/www.praha7.cz\/api\/wp\/v2\/types\/post"}],"author":[{"embeddable":true,"href":"https:\/\/www.praha7.cz\/api\/wp\/v2\/users\/292"}],"replies":[{"embeddable":true,"href":"https:\/\/www.praha7.cz\/api\/wp\/v2\/comments?post=74109"}],"version-history":[{"count":3,"href":"https:\/\/www.praha7.cz\/api\/wp\/v2\/posts\/74109\/revisions"}],"predecessor-version":[{"id":74120,"href":"https:\/\/www.praha7.cz\/api\/wp\/v2\/posts\/74109\/revisions\/74120"}],"wp:featuredmedia":[{"embeddable":true,"href":"https:\/\/www.praha7.cz\/api\/wp\/v2\/media\/74112"}],"wp:attachment":[{"href":"https:\/\/www.praha7.cz\/api\/wp\/v2\/media?parent=74109"}],"wp:term":[{"taxonomy":"category","embeddable":true,"href":"https:\/\/www.praha7.cz\/api\/wp\/v2\/categories?post=74109"},{"taxonomy":"post_tag","embeddable":true,"href":"https:\/\/www.praha7.cz\/api\/wp\/v2\/tags?post=74109"}],"curies":[{"name":"wp","href":"https:\/\/api.w.org\/{rel}","templated":true}]}}