    
{"id":74040,"date":"2024-02-29T14:15:27","date_gmt":"2024-02-29T13:15:27","guid":{"rendered":"https:\/\/www.praha7.cz\/?p=74040"},"modified":"2024-02-29T14:15:27","modified_gmt":"2024-02-29T13:15:27","slug":"vzpominka-na-biib-7-brezna","status":"publish","type":"post","link":"https:\/\/www.praha7.cz\/vzpominka-na-biib-7-brezna\/","title":{"rendered":"Vzpom\u00ednka na BIIb 7.&nbsp;b\u0159ezna"},"content":{"rendered":"<p>[perex]<br \/>\r\nLetos ub\u011bhne 80 let od nejv\u011bt\u0161\u00ed jednor\u00e1zov\u00e9 genocidy \u010deskoslovensk\u00fdch ob\u010dan\u016f v&nbsp;na\u0161\u00ed historii. Pam\u00e1tn\u00edk ticha v\u00e1s zve na komponovan\u00fd program k&nbsp;p\u0159ipomenut\u00ed ob\u011bt\u00ed likvidace terez\u00ednsk\u00e9ho rodinn\u00e9ho t\u00e1bora, kter\u00fd se kon\u00e1 7.&nbsp;b\u0159ezna 2024 v&nbsp;19 hodin ve Velk\u00e1 dvoran\u011b Veletr\u017en\u00edho pal\u00e1ce. Nezapom\u00ednejme!<br \/>\r\n[\/perex]<\/p>\r\n<h4>Program<\/h4>\r\n<p><br \/>\r\n<strong>&#8230;because of Alma<\/strong><br \/>\r\nAnna Brouskov\u00e1 a&nbsp;Alma Ans\u00e1mbl, re\u017eie: Jaroslava \u0160iktancov\u00e1<\/p>\r\n<p>Fragment divadeln\u00edho p\u0159edstaven\u00ed o&nbsp;\u017eivotn\u00edm p\u0159\u00edb\u011bhu slavn\u00e9 hudebnice Almy Ros\u00e9, dirigentky \u017eensk\u00e9ho orchestru v&nbsp;Osv\u011btimi, kde jej\u00ed \u017eivotn\u00ed pou\u0165 skon\u010dila v&nbsp;pouh\u00fdch t\u0159iceti sedmi letech.<\/p>\r\n<p><strong>\u0160kampovo kvarteto<\/strong><br \/>\r\nSteve Reich \/ Different Trains<br \/>\r\nV\u00fdznamn\u00fd americk\u00fd autor ve skladb\u011b z&nbsp;roku 1988 spojil sv\u00e9 d\u011btsk\u00e9 z\u00e1\u017eitky z&nbsp;putov\u00e1n\u00ed vlaky mezi Los Angeles a&nbsp;New Yorkem s&nbsp;pod\u011bkov\u00e1n\u00edm osudu za to, \u017ee \u017eil v&nbsp;Americe, a&nbsp;ne v&nbsp;Evrop\u011b, kde by podobn\u00fdmi vlaky putoval do koncentra\u010dn\u00edho t\u00e1bora \u2013 jako jeho p\u0159\u00edbuzn\u00ed, kte\u0159\u00ed zahynuli v&nbsp;nacistick\u00fdch l\u00e1grech.<\/p>\r\n<p>Hans Kr\u00e1sa \/ Smy\u010dcov\u00e9 trio<br \/>\r\nAutor slavn\u00e9 terez\u00ednsk\u00e9 opery Brundib\u00e1r zkomponoval v&nbsp;roce 1943 n\u011bkolik dal\u0161\u00edch men\u0161\u00edch skladeb. Jednou z&nbsp;nich p\u0159ipomeneme 80.&nbsp;v\u00fdro\u010d\u00ed od jeho deportace do Osv\u011btimi, kde v&nbsp;\u0159\u00edjnu roku 1944 zahynul ve v\u011bku nedo\u017eit\u00fdch \u010dty\u0159iceti p\u011bti let.<\/p>\r\n<p>&nbsp;<\/p>\r\n<p>Ve\u010derem prov\u00e1z\u00ed Jan Bumba.<\/p>\r\n<p>Vstup zdarma, rezervace nutn\u00e1: <a href=\"mailto:rezervace@pamatnikticha.cz\">rezervace@pamatnikticha.cz<\/a><\/p>","protected":false},"excerpt":{"rendered":"[perex] Letos ub\u011bhne 80 let od nejv\u011bt\u0161\u00ed jednor\u00e1zov\u00e9 genocidy \u010deskoslovensk\u00fdch ob\u010dan\u016f v&nbsp;na\u0161\u00ed historii. Pam\u00e1tn\u00edk ticha v\u00e1s zve na komponovan\u00fd program k&nbsp;p\u0159ipomenut\u00ed ob\u011bt\u00ed likvidace terez\u00ednsk\u00e9ho rodinn\u00e9ho t\u00e1bora, kter\u00fd se kon\u00e1 7.&nbsp;b\u0159ezna 2024 v&nbsp;19 hodin ve Velk\u00e1 dvoran\u011b Veletr\u017en\u00edho pal\u00e1ce. Nezapom\u00ednejme! [\/perex] Program &#8230;because of Alma Anna Brouskov\u00e1 a&nbsp;Alma Ans\u00e1mbl, re\u017eie: Jaroslava \u0160iktancov\u00e1 Fragment divadeln\u00edho p\u0159edstaven\u00ed o&nbsp;\u017eivotn\u00edm [&hellip;]","protected":false},"author":251,"featured_media":74060,"comment_status":"closed","ping_status":"open","sticky":false,"template":"","format":"standard","meta":[],"categories":[34],"tags":[106,110],"_links":{"self":[{"href":"https:\/\/www.praha7.cz\/api\/wp\/v2\/posts\/74040"}],"collection":[{"href":"https:\/\/www.praha7.cz\/api\/wp\/v2\/posts"}],"about":[{"href":"https:\/\/www.praha7.cz\/api\/wp\/v2\/types\/post"}],"author":[{"embeddable":true,"href":"https:\/\/www.praha7.cz\/api\/wp\/v2\/users\/251"}],"replies":[{"embeddable":true,"href":"https:\/\/www.praha7.cz\/api\/wp\/v2\/comments?post=74040"}],"version-history":[{"count":1,"href":"https:\/\/www.praha7.cz\/api\/wp\/v2\/posts\/74040\/revisions"}],"predecessor-version":[{"id":74061,"href":"https:\/\/www.praha7.cz\/api\/wp\/v2\/posts\/74040\/revisions\/74061"}],"wp:featuredmedia":[{"embeddable":true,"href":"https:\/\/www.praha7.cz\/api\/wp\/v2\/media\/74060"}],"wp:attachment":[{"href":"https:\/\/www.praha7.cz\/api\/wp\/v2\/media?parent=74040"}],"wp:term":[{"taxonomy":"category","embeddable":true,"href":"https:\/\/www.praha7.cz\/api\/wp\/v2\/categories?post=74040"},{"taxonomy":"post_tag","embeddable":true,"href":"https:\/\/www.praha7.cz\/api\/wp\/v2\/tags?post=74040"}],"curies":[{"name":"wp","href":"https:\/\/api.w.org\/{rel}","templated":true}]}}