    
{"id":73892,"date":"2024-02-26T13:25:13","date_gmt":"2024-02-26T12:25:13","guid":{"rendered":"https:\/\/www.praha7.cz\/?p=73892"},"modified":"2024-02-26T14:17:10","modified_gmt":"2024-02-26T13:17:10","slug":"generace-konsenzus","status":"publish","type":"post","link":"https:\/\/www.praha7.cz\/generace-konsenzus\/","title":{"rendered":"Generace konsenzus"},"content":{"rendered":"<p>[perex]<\/p>\r\n<p>Na sedmi\u010dkov\u00e9 radnici ve spolupr\u00e1ci s&nbsp;organizac\u00ed <a href=\"https:\/\/konsent.cz\/\" target=\"_blank\" rel=\"noopener\">Konsent<\/a>, kter\u00e1 se zasazuje o&nbsp;celospole\u010denskou zm\u011bnu p\u0159\u00edstupu k&nbsp;sexu a&nbsp;vztah\u016fm, ned\u00e1vno prob\u011bhl semin\u00e1\u0159 zam\u011b\u0159en\u00fd na problematiku sexu\u00e1ln\u00edho obt\u011b\u017eov\u00e1n\u00ed v&nbsp;no\u010dn\u00edch podnic\u00edch. T\u00e9mata rozhovoru s&nbsp;jeho zakladatelkou Johannou Nejedlovou \u2013 mezigenera\u010dn\u00ed st\u0159ety v&nbsp;ch\u00e1p\u00e1n\u00ed vztah\u016f, \u017eensk\u00e1 pr\u00e1va, osv\u011bta a&nbsp;prevence sexu\u00e1ln\u00edho obt\u011b\u017eov\u00e1n\u00ed <br \/>\r\na&nbsp;n\u00e1sil\u00ed \u2013 s&nbsp;mnoh\u00fdmi rezonuj\u00ed, je ale nesm\u00edrn\u011b t\u011b\u017ek\u00e9 o&nbsp;nich diskutovat. Jen\u017ee ml\u010den\u00ed ne v\u017edy znamen\u00e1 souhlas. A\u00a0proto bychom m\u011bli mluvit.<\/p>\r\n<p>[\/perex]<\/p>\r\n<p><strong>Jak se m\u00e1te? Co te\u010f aktu\u00e1ln\u011b \u0159e\u0161\u00edte? Za Konsent, ale i\u00a0vy osobn\u011b?<\/strong><br \/>\r\nJe to te\u010f takov\u00e9 hodn\u011b hektick\u00e9, zrovna jsem se vr\u00e1tila ze sch\u016fzky na magistr\u00e1tu, kde jsme se bavili o&nbsp;tom, jak \u00fa\u0159adu pomoct \u0159e\u0161it problematiku sexu\u00e1ln\u00edho obt\u011b\u017eov\u00e1n\u00ed. M\u00e1m radost, \u017ee se da\u0159\u00ed na\u0161e t\u00e9ma vn\u00e1\u0161et i&nbsp;do st\u00e1tn\u00ed spr\u00e1vy. Vypadalo to pozitivn\u011b.<\/p>\r\n<p><strong>To je fajn, mysl\u00edm, \u017ee zrovna v&nbsp;t\u011bchto instituc\u00edch je to kl\u00ed\u010dov\u00e9.<br \/>\r\n<\/strong>T\u011b\u0161\u00ed m\u011b, \u017ee se to posouv\u00e1. J\u00e1 jsem se z\u00e1rove\u0148 v&nbsp;lo\u0148sk\u00e9m roce po del\u0161\u00ed \u00favaze rozhodla, \u017ee budu kandidovat do Evropsk\u00e9ho parlamentu, tak\u017ee krom\u011b Konsentu se te\u010f naplno v\u011bnuju tak\u00e9 kampani. Ze sv\u00e9 pr\u00e1ce v&nbsp;neziskov\u00e9 sf\u00e9\u0159e dob\u0159e v\u00edm, jak\u00e9 jsou v&nbsp;\u010cesku limity toho, co je\u0161t\u011b jde ovlivnit, a&nbsp;kde je zkr\u00e1tka pot\u0159eba syst\u00e9mov\u00e1 zm\u011bna. S&nbsp;velk\u00fdm znepokojen\u00edm a\u017e \u00fad\u011bsem taky sleduju s\u00edl\u00edc\u00ed hlasy krajn\u00ed pravice v\u0161ude po Evrop\u011b a&nbsp;vyhodnotila jsem, \u017ee Evropsk\u00fd parlament je m\u00edsto, odkud potenci\u00e1ln\u011b m\u016f\u017eu jak ovlivnit legislativu v&nbsp;\u010cesku, tak se postavit t\u00e9to pro m\u011b osobn\u011b velmi znepokojuj\u00edc\u00ed a&nbsp;akutn\u00ed hrozb\u011b v&nbsp;evropsk\u00e9m kontextu. M\u00e1m dojem, \u017ee je pot\u0159eba m\u011bnit u\u017e i&nbsp;syst\u00e9m, abychom se dostali tam, kam pot\u0159ebujeme.<\/p>\r\n<p><strong>A jde to?<\/strong><br \/>\r\nJde to, ale ztuha. Budeme te\u010f slavit t\u0159i roky od doby, kdy jsme za\u010dali \u0159e\u0161it zm\u011bnu definice zn\u00e1siln\u011bn\u00ed v&nbsp;trestn\u00edm z\u00e1kon\u00edku tak, aby pokr\u00fdvala v\u011bt\u0161inu p\u0159\u00edpad\u016f. V\u00edme, \u017ee 70&nbsp;% ob\u011bt\u00ed ve stresov\u00e9 situaci zamrzne a&nbsp;nijak se nebr\u00e1n\u00ed, a&nbsp;ty na\u0161e sou\u010dasn\u00e1 legislativa nechr\u00e1n\u00ed, tak se sna\u017e\u00edme, aby se to zm\u011bnilo. Ze zahrani\u010d\u00ed je velmi dobr\u00e1 zku\u0161enost s&nbsp;prax\u00ed, kdy z\u00e1konn\u00e1 formulace zn\u00ed: Sex bez souhlasu je zn\u00e1siln\u011bn\u00ed. To jsme cht\u011bli prosadit i&nbsp;my. Nakonec se ale uk\u00e1zalo, \u017ee na\u0161e politick\u00e1 reprezentace je v\u00fdrazn\u011b konzervativn\u011bj\u0161\u00ed, a&nbsp;dosp\u011bli jsme ke kompromisn\u011bj\u0161\u00edmu zn\u011bn\u00ed. M\u00e1me tady ale stra\u0161n\u011b moc dal\u0161\u00edch v\u011bc\u00ed, kter\u00e9 je pot\u0159eba zlep\u0161ovat. Jde to podle m\u011b pomaleji, ne\u017e by bylo pot\u0159eba. \u0158e\u0161en\u00ed probl\u00e9m\u016f, je\u017e se t\u00fdkaj\u00ed velk\u00e9ho mno\u017estv\u00ed lid\u00ed, by m\u011bla m\u00edt rozhodn\u011b v\u011bt\u0161\u00ed prioritu. T\u0159eba te\u010f nepro\u0161la v&nbsp;Sen\u00e1tu Istanbulsk\u00e1 \u00famluva. Ta m\u011bla za c\u00edl pom\u00e1hat ob\u011btem dom\u00e1c\u00edho n\u00e1sil\u00ed. Jej\u00ed neschv\u00e1len\u00ed je smutn\u00fd sign\u00e1l ve\u0159ejnosti v&nbsp;tom, \u017ee na\u0161i sen\u00e1to\u0159i evidentn\u011b nevid\u00ed, \u017ee dokument, kter\u00fd skoro cel\u00e1 Evropa ratifikovala a&nbsp;\u0159\u00edd\u00ed se podle n\u011bj, by mohl b\u00fdt prosp\u011b\u0161n\u00fd i&nbsp;pro n\u00e1s.<\/p>\r\n<p><strong>Kdy\u017e vezmeme v&nbsp;potaz n\u011bkter\u00e9 instituce, mezi nimi t\u0159eba i&nbsp;\u0161koly a&nbsp;univerzity, v&nbsp;praxi se ukazuje, \u017ee na takov\u00fdch m\u00edstech funguj\u00ed ur\u010dit\u00e1 nepsan\u00e1 pravidla, tich\u00e9 dohody a&nbsp;neproniknuteln\u00e9, neviditeln\u00e9 zdi souhlas\u016f mezi lidmi \u2013 bohu\u017eel jsou to nejen mu\u017ei, ale i&nbsp;\u017eeny, kte\u0159\u00ed toleruj\u00ed nerovnost, bezpr\u00e1v\u00ed, obt\u011b\u017eov\u00e1n\u00ed. Takov\u00e9 zdi je t\u011b\u017ek\u00e9 zbourat.<\/strong><br \/>\r\nJe, ale my u\u017e te\u010f i&nbsp;v&nbsp;t\u011bch instituc\u00edch potk\u00e1v\u00e1me lidi, kte\u0159\u00ed vid\u00ed probl\u00e9m, uv\u011bdomuj\u00ed si ho. Skrz vlastn\u00ed zku\u0161enost nebo proto\u017ee vid\u00ed, \u017ee se n\u011bco stalo jejich kamar\u00e1dk\u00e1m, kolegyn\u00edm, a&nbsp;cht\u011bj\u00ed to zm\u011bnit. P\u0159\u00edkladem je t\u0159eba prost\u0159ed\u00ed univerzit, kde se dnes t\u00e9ma sexu\u00e1ln\u00edho obt\u011b\u017eov\u00e1n\u00ed za\u010d\u00edn\u00e1 \u0159e\u0161it. A&nbsp;nejsou to jen studuj\u00edc\u00ed, jsou to t\u0159eba i&nbsp;vyu\u010duj\u00edc\u00ed nebo zam\u011bstnanci \u0161kol, lid\u00e9 v&nbsp;poradensk\u00fdch centrech. Ti se \u010dasto setk\u00e1vaj\u00ed s&nbsp;t\u00edm, \u017ee k&nbsp;nim n\u011bkdo p\u0159ijde \u0159e\u0161it sexu\u00e1ln\u00ed obt\u011b\u017eov\u00e1n\u00ed, ale oni nemaj\u00ed jak pomoct. Ale kdy\u017e to t\u00e9ma zvedali, tak p\u0159esn\u011b nar\u00e1\u017eeli na to, \u017ee v&nbsp;rozhodovac\u00edch pozic\u00edch byli lid\u00e9, kter\u00e9 to t\u00e9ma nezaj\u00edmalo. N\u011bkdy pom\u016f\u017ee, \u017ee se do m\u00e9di\u00ed dostane n\u011bjak\u00fd skand\u00e1ln\u00ed p\u0159\u00edpad, co\u017e mi ale p\u0159ijde jako opravdu smutn\u00fd zp\u016fsob, jak probl\u00e9m \u0159e\u0161it.<\/p>\r\n<p>M\u00e1m pocit, \u017ee lid\u00e9 v&nbsp;m\u00e9m v\u011bku, tedy sou\u010dasn\u00ed t\u0159ic\u00e1tn\u00edci, t\u0159eba p\u0159ed deseti lety u\u017e probl\u00e9m vid\u011bli, ale po\u0159\u00e1d nebyli dostate\u010dn\u011b hlasit\u00ed nebo siln\u00ed, aby se mu postavili. Generace p\u0159ed n\u00e1mi ten probl\u00e9m mo\u017en\u00e1 taky vid\u011bly, ale nedok\u00e1zaly o&nbsp;n\u011bm spolu v\u016fbec mluvit. A&nbsp;ti, co studuj\u00ed na \u0161kol\u00e1ch te\u010f, jsou u\u017e v&nbsp;takov\u00e9 f\u00e1zi, \u017ee ten probl\u00e9m um\u011bj\u00ed popsat a&nbsp;u\u017e si to necht\u011bj\u00ed d\u00e1l nechat l\u00edbit. Mnohem v\u00edc se emancipuj\u00ed a&nbsp;po\u017eaduj\u00ed, aby se sexu\u00e1ln\u00ed obt\u011b\u017eov\u00e1n\u00ed na univerzit\u00e1ch \u0159e\u0161ilo. Z\u00e1rove\u0148 mi p\u0159ijde smutn\u00e9, \u017ee se mus\u00ed \u010dekat, a\u017e to vzejde od nich nebo a\u017e vyplave znovu na povrch n\u011bjak\u00fd obrovsk\u00fd dlouholet\u00fd probl\u00e9m. Dal\u0161\u00ed m\u00edsto, kde se sexu\u00e1ln\u00ed obt\u011b\u017eov\u00e1n\u00ed t\u00e9m\u011b\u0159 v\u016fbec ne\u0159e\u0161\u00ed, jsou st\u0159edn\u00ed \u0161koly. P\u00e1r dn\u00ed zp\u00e1tky mi psal jeden kluk, st\u0159edo\u0161kol\u00e1k, \u017ee se chyst\u00e1 tohle t\u00e9ma za\u010d\u00edt \u0159e\u0161it a&nbsp;jestli mu s&nbsp;t\u00edm m\u016f\u017eeme n\u011bjak pomoct. Je to na jednu stranu super, ale na druhou stranu mi p\u0159ijde smutn\u00e9, \u017ee to \u0159e\u0161\u00ed \u017e\u00e1ci, a&nbsp;ne \u0161koly samotn\u00e9 nebo jejich z\u0159izovatel\u00e9.<\/p>\r\n<p><strong>M\u011b k&nbsp;tomu napad\u00e1 je\u0161t\u011b jedna v\u011bc. P\u0159ijde mi, \u017ee generace p\u0159ed n\u00e1mi spoustu v\u011bc\u00ed, kter\u00e9 jsou \u0161patn\u011b a&nbsp;my je dnes ozna\u010dujeme jednozna\u010dn\u011b jako probl\u00e9m, p\u0159evracela jako n\u011bco, co je v&nbsp;po\u0159\u00e1dku. A&nbsp;potom nast\u00e1v\u00e1 genera\u010dn\u00ed st\u0159et, kdy d\u00edt\u011b p\u016fjde \u0159e\u0161it n\u011bco se sv\u00fdm rodi\u010dem a&nbsp;on mu \u0159ekne, \u017ee tak to je a&nbsp;tak to chod\u00ed.<\/strong><br \/>\r\nTo je \u00fapln\u00e1 pravda. To jsou takov\u00e9 ty v\u011bty: To se prost\u011b st\u00e1v\u00e1, to mus\u00ed\u0161 vydr\u017eet, to za\u017eila ka\u017ed\u00e1.<\/p>\r\n<p><strong>Nebo to \u00fapln\u011b p\u0159evr\u00e1t\u00ed. \u017de je to vlastn\u011b dob\u0159e.<\/strong><br \/>\r\nAno, a\u00a0\u017ee to t\u0159eba p\u0159eh\u00e1n\u00ed.<\/p>\r\n<p><strong>Mysl\u00edm, \u017ee generace sou\u010dasn\u00fdch mlad\u00fdch se t\u00edm dost\u00e1v\u00e1 do docela velk\u00e9ho rozporu. Na jedn\u00e9 stran\u011b to \u0159e\u0161\u00edme, ale z\u00e1rove\u0148 m\u00e1me pot\u0159ebu podpory od star\u0161\u00edch a&nbsp;tam se j\u00ed nedo\u010dk\u00e1me, co\u017e n\u00e1s v\u00fdznamn\u011b ovlivn\u00ed.<\/strong><br \/>\r\nJe to tak. Ale z\u00e1rove\u0148 si mysl\u00edm, \u017ee i&nbsp;u&nbsp;star\u0161\u00ed generace se to trochu posouv\u00e1. V&nbsp;Konsentu se setk\u00e1v\u00e1me s&nbsp;t\u00edm, \u017ee n\u00e1m nap\u00ed\u0161ou lidi kolem \u010dty\u0159iceti let t\u0159eba toto: \u201eD\u011bkuju, \u017ee o&nbsp;tom mluv\u00edte, j\u00e1 jsem si vlastn\u011b uv\u011bdomila, \u017ee to, co my jsme za\u017e\u00edvali, nebylo v&nbsp;po\u0159\u00e1dku.\u201c P\u0159ekvapiv\u00e9 bylo, \u017ee jsme v&nbsp;r\u00e1mci snahy o&nbsp;zm\u011bnu definice zn\u00e1siln\u011bn\u00ed d\u011blali pr\u016fzkum ve\u0159ejn\u00e9ho m\u00edn\u011bn\u00ed a&nbsp;zji\u0161\u0165ovali jsme, co si o&nbsp;t\u00e9to problematice mysl\u00ed ve\u0159ejnost. Vy\u0161lo n\u00e1m, \u017ee tomu t\u00e9matu dob\u0159e rozum\u011bj\u00ed mlad\u00ed lid\u00e9 a&nbsp;potom stejn\u00e9 hodnoty sd\u00edlej\u00ed v&nbsp;podobn\u00e9 \u0161\u00ed\u0159i lid\u00e9 65+, a&nbsp;to jak mu\u017ei, tak \u017eeny.<\/p>\r\n<p><strong>Ono je taky asi dobr\u00e9 o&nbsp;tom s&nbsp;ka\u017edou v\u011bkovou skupinou mluvit trochu jinak\u2026<br \/>\r\n<\/strong>Ano. A&nbsp;je dobr\u00e9 b\u00fdt vst\u0159\u00edcn\u00fd i&nbsp;v\u016f\u010di lidem, kte\u0159\u00ed to vid\u00ed jinak, pokud to samoz\u0159ejm\u011b nejsou vylo\u017een\u011b na\u0161i odp\u016frci. V&nbsp;klidu vysv\u011btlovat. Proto m\u00e1me te\u010f v&nbsp;Konsentu kampa\u0148, j\u00ed\u017e \u0159\u00edk\u00e1me Generace K. Roste toti\u017e po\u010det lid\u00ed, kte\u0159\u00ed maj\u00ed hodnoty podobn\u00e9 jako my. V&nbsp;jejich st\u0159edu je souhlas a&nbsp;respekt k&nbsp;ostatn\u00edm. Nen\u00ed to generace vymezen\u00e1 v\u011bkem, ale hodnotami. A&nbsp;st\u00e1valo se n\u00e1m, \u017ee na to reagovali hodn\u011b pozitivn\u011b i&nbsp;n\u011bkte\u0159\u00ed star\u0161\u00ed mu\u017ei, proto\u017ee jsme jim ne\u0159\u00edkali: \u201eVy sta\u0159\u00ed boome\u0159i (generace \u010dasto definovan\u00e1 jako lid\u00e9 narozen\u00ed v&nbsp;letech 1946\u20131964, obecn\u011bji ale jako generace, kter\u00e1 m\u016f\u017ee vyjad\u0159ovat tradi\u010dn\u00ed nebo konzervativn\u00ed n\u00e1zory, zejm\u00e9na v&nbsp;souvislosti s&nbsp;modern\u00edmi spole\u010densk\u00fdmi, politick\u00fdmi nebo technologick\u00fdmi zm\u011bnami, pozn. red.), s&nbsp;v\u00e1mi u\u017e nic nezm\u016f\u017eeme, jste k&nbsp;ni\u010demu.\u201c Naopak \u0159\u00edk\u00e1me, \u017ee nez\u00e1le\u017e\u00ed na v\u011bku, ale na tom, jak nad t\u011bmi v\u011bcmi p\u0159em\u00fd\u0161l\u00edme. To, \u017ee se nijak z\u00e1sadn\u011b nevymezujeme, pak mohlo s&nbsp;ur\u010dit\u00fdmi lidmi rezonovat.<\/p>\r\n<p><strong>J\u00e1 jsem za\u017eila debaty s&nbsp;mu\u017ei, kte\u0159\u00ed se c\u00edt\u00ed hrozn\u011b dot\u010den\u00ed t\u00edm, \u017ee se te\u010f neust\u00e1le \u0159e\u0161\u00ed sexu\u00e1ln\u00ed obt\u011b\u017eov\u00e1n\u00ed \u017een a&nbsp;oni se dost\u00e1vaj\u00ed do velmi nev\u00fdhodn\u00e9 pozice a&nbsp;nev\u011bd\u00ed, co tedy v\u016fbec m\u016f\u017eou a&nbsp;nem\u016f\u017eou a&nbsp;co \u017eeny vlastn\u011b cht\u011bj\u00ed. Oni cht\u011bj\u00ed \u017een\u011b lichotit, ale ona to vn\u00edm\u00e1 jako obt\u011b\u017eov\u00e1n\u00ed. Pak se to snadno sto\u010d\u00ed k\u00a0probl\u00e9mu mu\u017e\u016f.<\/strong><br \/>\r\nMy se mu\u017e\u016fm sna\u017e\u00edme vysv\u011btlovat, \u017ee nejv\u011bt\u0161\u00ed probl\u00e9m nen\u00ed, kdy\u017e omylem p\u0159ekro\u010d\u00ed n\u011bjakou hranici, ale kdy\u017e odm\u00edtaj\u00ed p\u0159iznat, \u017ee mohli ud\u011blat n\u011bco \u0161patn\u011b\u2026 Kdy\u017e n\u011bkomu \u0159eknete: \u201eHele, tohle mi je nep\u0159\u00edjemn\u00e9,\u201c norm\u00e1ln\u00ed reakce je p\u0159ece: \u201eAha, to m\u011b mrz\u00ed, tak jsem to nemyslel.\u201c Jen\u017ee jsou mu\u017ei, ale i&nbsp;\u017eeny, kte\u0159\u00ed za\u010dnou reagovat: \u201eTo nen\u00ed pravda, ty p\u0159eh\u00e1n\u00ed\u0161, nepozn\u00e1\u0161 legraci.\u201c A&nbsp;to podle m\u011b jasn\u011b nazna\u010duje\u2026<\/p>\r\n<p><strong>\u2026 \u017ee u\u017e je to n\u011bjak\u00e1 forma agrese.<\/strong><br \/>\r\nAno. To, \u017ee n\u011bkdo ud\u011bl\u00e1 n\u011bco omylem, se st\u00e1v\u00e1. Samoz\u0159ejm\u011b je pot\u0159eba p\u0159em\u00fd\u0161let nad kontextem. N\u011bco jin\u00e9ho je z\u00e1sadn\u00ed p\u0159ekro\u010den\u00ed hranic t\u0159eba v&nbsp;pracovn\u00edm prost\u0159ed\u00ed a&nbsp;n\u011bco jin\u00e9ho je to v&nbsp;hospod\u011b s&nbsp;kamar\u00e1dy. A&nbsp;zase \u00fapln\u011b jin\u00e9 je to na \u0161kol\u00e1ch, proto\u017ee studuj\u00edc\u00ed jsou tam od toho, aby se n\u011bco nau\u010dili, a&nbsp;ne proto, aby navazovali vztahy s&nbsp;t\u011bmi, kte\u0159\u00ed je maj\u00ed vyu\u010dovat.<\/p>\r\n<p><strong>P\u0159itom se to ale docela b\u011b\u017en\u011b d\u011bje a\u00a0\u010dasto na velmi \u201esofistikovan\u00e9\u201c, tak\u017ee t\u011b\u017eko rozpoznateln\u00e9 \u00farovni.<\/strong><br \/>\r\nPamatuji si i&nbsp;hodn\u011b diskuz\u00ed s&nbsp;n\u011bkter\u00fdmi star\u0161\u00edmi vyu\u010duj\u00edc\u00edmi a&nbsp;jejich \u010dast\u00e9 reakce: \u201eA vy chcete jako zakazovat l\u00e1sku? L\u00e1sce neporu\u010d\u00ed\u0161!\u201c Ale to p\u0159ece nen\u00ed pravda. Zaprv\u00e9 je rozd\u00edl, jestli se zamilujete jednou za \u017eivot, nebo jestli se zamilov\u00e1v\u00e1te do sv\u00fdch studentek \u010dty\u0159ikr\u00e1t za semestr. A&nbsp;zadruh\u00e9, nen\u00ed to tak, \u017ee m\u016f\u017eeme m\u00edt vztah s&nbsp;ka\u017ed\u00fdm, koho vid\u00edme, proto\u017ee \u201el\u00e1sce neporu\u010d\u00ed\u0161\u201c. Kdy\u017e se mi bude l\u00edbit partner m\u00e9 kamar\u00e1dky, tak a\u0165 se mi l\u00edb\u00ed, jak chce, stejn\u011b l\u00e1sce poru\u010d\u00edm, proto\u017ee tohle se prost\u011b ned\u011bl\u00e1. V\u017edycky m\u00e1me n\u011bjak\u00e9 limity pro to, s&nbsp;k\u00fdm navazujeme vztahy a&nbsp;s&nbsp;k\u00fdm ne, a&nbsp;jeden z&nbsp;t\u011bch limit\u016f by m\u011bl b\u00fdt pr\u00e1v\u011b to, \u017ee n\u011bkoho u\u010d\u00edme, a&nbsp;m\u00e1me v\u016f\u010di n\u011bmu tedy n\u011bjakou zodpov\u011bdnost.<\/p>\r\n<p><strong>Semin\u00e1\u0159 Respekt je sexy, zam\u011b\u0159en\u00fd na prevenci sexu\u00e1ln\u00edho n\u00e1sil\u00ed v&nbsp;barech a&nbsp;klubech, jej\u017e jste ned\u00e1vno po\u0159\u00e1dali i&nbsp;ve spolupr\u00e1ci se sedmi\u010dkovou radnic\u00ed, je jeden z&nbsp;mnoha projekt\u016f, kter\u00e9 d\u011bl\u00e1te. Je to tak, \u017ee sv\u00fdmi semin\u00e1\u0159i reagujete na aktu\u00e1ln\u00ed podn\u011bty zven\u010d\u00ed, a&nbsp;t\u00edm se Konsent jako organizace postupn\u011b utv\u00e1\u0159\u00ed, p\u0159\u00edpadn\u011b posouv\u00e1?<\/strong><br \/>\r\nZrovna obt\u011b\u017eov\u00e1n\u00ed v&nbsp;barech se v\u011bnujeme u\u017e dlouho, byla to na\u0161e druh\u00e1 c\u00edlov\u00e1 skupina a&nbsp;vybrali jsme si ji i&nbsp;proto, \u017ee jsme vid\u011bli, jak d\u016fle\u017eit\u00e1 sou\u010d\u00e1st celospole\u010densk\u00e9ho probl\u00e9mu to je. Je to m\u00edsto, kde by se m\u011bl \u010dlov\u011bk prim\u00e1rn\u011b c\u00edtit dob\u0159e, proto\u017ee se tam jde bavit a&nbsp;chce tam za\u017e\u00edt n\u011bco hezk\u00e9ho. Jen\u017ee velmi \u010dasto se stane, \u017ee odch\u00e1z\u00ed s&nbsp;\u00fapln\u011b opa\u010dnou zku\u0161enost\u00ed. Inspirovali jsme se v&nbsp;zahrani\u010d\u00ed, kde se tento typ preventivn\u00edch program\u016f po\u0159\u00e1d\u00e1. Hodn\u011b podn\u011btn\u00e1 pro n\u00e1s je organizace Laila tov, co\u017e znamen\u00e1 \u201edobr\u00e1 noc\u201c, z&nbsp;Tel Avivu. Poda\u0159ilo se j\u00ed prosadit to, \u017ee aby podnik v\u016fbec dostal licenci na prodej alkoholu, mus\u00ed proj\u00edt i&nbsp;tr\u00e9ninkem na \u0159e\u0161en\u00ed problematiky sexu\u00e1ln\u00edho obt\u011b\u017eov\u00e1n\u00ed. Podobn\u00fd projekt existuje tak\u00e9 v&nbsp;Brit\u00e1nii, tam je to zase Good Night Out, kter\u00fd se sna\u017e\u00ed zasadit o&nbsp;to, aby to byl standardn\u00ed typ pr\u016fpravy, j\u00edm\u017e mus\u00ed zam\u011bstnanci v&nbsp;tomto typu podnik\u016f proj\u00edt. Hodn\u011b se jim to da\u0159\u00ed \u0159e\u0161it i&nbsp;na festivalech.<\/p>\r\n<p><strong>Jak vypad\u00e1 semin\u00e1\u0159 v&nbsp;praxi? \u0160kol\u00edte obsluhu, aby um\u011bla zas\u00e1hnout, pokud se n\u011bco d\u011bje?<\/strong><br \/>\r\nPro n\u00e1s je hodn\u011b d\u016fle\u017eit\u00e9, aby se semin\u00e1\u0159e z\u00fa\u010dastnily v\u0161echny typy zam\u011bstnanc\u016f dan\u00e9ho podniku, aby tam byli i&nbsp;lid\u00e9 z&nbsp;managementu a&nbsp;PR, ochranka, pokud tam je, a&nbsp;samoz\u0159ejm\u011b barmani. Nejd\u0159\u00edv je v\u016fbec u\u010d\u00edme citlivosti k&nbsp;problematice sexu\u00e1ln\u00edho obt\u011b\u017eov\u00e1n\u00ed. St\u00e1v\u00e1 se toti\u017e, \u017ee zam\u011bstnanci \u0159eknou, \u017ee kdy\u017e holka p\u0159i\u0161la v&nbsp;kr\u00e1tk\u00e9 sukni, nem\u00e1 se divit, \u017ee ji n\u011bkdo obt\u011b\u017eoval. Odm\u00edtaj\u00ed pak takov\u00e9 situace \u0159e\u0161it, proto\u017ee p\u0159eci p\u0159i\u0161la \u201eoble\u010den\u00e1 jako \u0161lapka\u201c. Je pot\u0159eba si tedy vysv\u011btlit, \u017ee tak to nen\u00ed. Vzd\u011bl\u00e1v\u00e1n\u00ed se sna\u017e\u00edme hodn\u011b stav\u011bt na diskuzi samotn\u00fdch \u00fa\u010dastn\u00edk\u016f. T\u00e9m\u011b\u0159 v\u017edycky se mezi nimi najde n\u011bkdo, kdo u\u017e t\u00e9 problematice rozum\u00ed a&nbsp;m\u016f\u017ee vyj\u00e1d\u0159it sv\u016fj postoj. Jinak to vypad\u00e1, kdy\u017e na\u0161e lektorky \u0159eknou: \u201eNe, ne, ne, ty nem\u00e1\u0161 pravdu, \u017eeny se mohou obl\u00e9kat, jak cht\u011bj\u00ed.\u201c A&nbsp;jin\u00e9 je, kdy\u017e kolegyn\u011b samotn\u00e9ho \u00fa\u010dastn\u00edka \u0159ekne: \u201eHele, ale j\u00e1 jdu taky ob\u010das ven, vezmu si tri\u010dko s&nbsp;odhalen\u00fdm pup\u00edkem a&nbsp;chci n\u011bkoho sbalit, ale neznamen\u00e1 to, \u017ee chci sbalit ka\u017ed\u00e9ho.\u201c Nejd\u0159\u00edv tedy na semin\u00e1\u0159i slad\u00edme, jak se v\u016fbec d\u00edvat na problematiku sexu\u00e1ln\u00edho obt\u011b\u017eov\u00e1n\u00ed, a&nbsp;potom \u0159e\u0161\u00edme konkr\u00e9tn\u00ed modelov\u00e9 situace. D\u016fle\u017eitou sou\u010d\u00e1st\u00ed projektu je tak\u00e9 to, \u017ee klub uvnit\u0159 komunikuje o&nbsp;tom, \u017ee sexu\u00e1ln\u00ed obt\u011b\u017eov\u00e1n\u00ed je n\u011bco, co se u&nbsp;nich netoleruje. Podniky se tak z\u00e1rove\u0148 p\u0159id\u00e1vaj\u00ed k&nbsp;\u0161\u00ed\u0159en\u00ed pov\u011bdom\u00ed o&nbsp;obt\u011b\u017eov\u00e1n\u00ed. Zkvalit\u0148uje se t\u00edm cel\u00e1 spole\u010densk\u00e1 kultura.<\/p>\r\n<p><strong>V tomto p\u0159\u00edpad\u011b je v\u00fdhodou, \u017ee pro sv\u016fj voln\u00fd \u010das si jako dosp\u011bl\u00e1 osoba m\u016f\u017eu snadno vybrat, kam p\u016fjdu a&nbsp;kde se budu pohybovat, m\u016f\u017eu si tedy sv\u016fj \u201erev\u00edr\u201c n\u011bjak hl\u00eddat. Hor\u0161\u00ed je to ale v&nbsp;instituc\u00edch, kam \u010dlov\u011bk mus\u00ed, tedy prim\u00e1rn\u011b \u0161kola a&nbsp;pr\u00e1ce.<br \/>\r\n<\/strong>A oboj\u00ed jsou m\u00edsta, na kter\u00fdch je \u010dlov\u011bk n\u011bjak existen\u010dn\u011b z\u00e1visl\u00fd. Pokud t\u0159eba t\u0159i roky studujete a&nbsp;zb\u00fdvaj\u00ed v\u00e1m dva m\u011bs\u00edce do st\u00e1tnic, t\u011b\u017eko m\u016f\u017eete j\u00edt do n\u011bjak\u00e9ho v\u011bt\u0161\u00edho konfliktu. Kdy\u017e pracujete v&nbsp;pr\u00e1ci, kterou nem\u016f\u017eete opustit, proto\u017ee mus\u00edte zaplatit n\u00e1jem a&nbsp;u\u017eivit d\u011bti, tak s&nbsp;t\u00edm tak\u00e9 ne v\u017edy m\u016f\u017eete n\u011bco ud\u011blat.<\/p>\r\n<p><strong>Je nav\u00edc t\u011b\u017ek\u00e9 se o&nbsp;tom bavit celospole\u010densky. M\u00e1me taky probl\u00e9m s&nbsp;ur\u010dit\u00fdmi pojmy. Pokud pou\u017eijete slovo feminismus, je to pro n\u011bkoho skoro a\u017e ur\u00e1\u017eka, ka\u017ed\u00fd ten pojem vn\u00edm\u00e1 jinak.<\/strong><br \/>\r\nCo se t\u00fd\u010de vn\u00edm\u00e1n\u00ed feminismu, jsme opravdu hodn\u011b pozadu. Ve Spojen\u00fdch st\u00e1tech \u2013 kde tedy maj\u00ed spoustu jin\u00fdch probl\u00e9m\u016f, ale to te\u010f nechme stranou (sm\u00edch) \u2013 \u0159ekne kandid\u00e1tka na prezidentku, \u017ee je feministka, a&nbsp;\u0159\u00edk\u00e1 to proto, aby z\u00edskala voli\u010de. U&nbsp;n\u00e1s je to p\u0159esn\u011b naopak. U&nbsp;n\u00e1s by voli\u010de ztratila. A&nbsp;t\u011b\u017eko se potom v\u011bci \u0159e\u0161\u00ed, kdy\u017e nem\u016f\u017eeme pou\u017e\u00edvat slova, kter\u00e1 bychom na to pot\u0159ebovali.<\/p>\r\n<p><strong>Dal\u0161\u00ed v\u011bc je, \u017ee kdy\u017e se spolu budeme bavit my dv\u011b, tak si rozum\u00edme v&nbsp;podstat\u011b i&nbsp;beze slov, ale p\u0159edev\u0161\u00edm mu\u017esk\u00e9mu sv\u011btu je to pot\u0159eba n\u011bjak vysv\u011btlit. A&nbsp;ono to \u010dasto nejde.<\/strong><br \/>\r\nTaky jsou mu\u017ei samotn\u00ed zvykl\u00ed n\u011bkter\u00e9 v\u011bci, kter\u00e9 jsou i&nbsp;u&nbsp;nich p\u0159es \u010d\u00e1ru, tolerovat. Proto\u017ee ani oni to neum\u011bj\u00ed popsat. T\u0159eba ned\u00e1vno mi jeden mu\u017e vypr\u00e1v\u011bl o&nbsp;situaci, kdy ho zcela jasn\u011b opakovan\u011b obt\u011b\u017eovala \u017eena, a&nbsp;on to pod\u00e1val jako vtip. Ale kdy\u017e jsem se s&nbsp;n\u00edm o&nbsp;tom bavila do hloubky, zjistila jsem, \u017ee mu to chov\u00e1n\u00ed bylo hodn\u011b nep\u0159\u00edjemn\u00e9 a&nbsp;neum\u00ed se v\u016f\u010di n\u011bmu vymezit. Jinak my se b\u011bhem na\u0161ich workshop\u016f pr\u00e1v\u011b \u010dasto sna\u017e\u00edme mu\u017e\u016fm p\u0159ibl\u00ed\u017eit n\u011bkter\u00e9 situace i&nbsp;tak, \u017ee jim p\u0159edstav\u00edme p\u0159\u00edklad, kdy by oni sami mohli b\u00fdt v&nbsp;pozici, kdy by je n\u011bkdo obt\u011b\u017eoval, a&nbsp;bav\u00edme se s&nbsp;nimi o&nbsp;tom, jak by to \u0159e\u0161ili. A&nbsp;\u010dasto se uk\u00e1\u017ee, \u017ee by to \u0159e\u0161it neum\u011bli. \u201eP\u0159edstavte si, \u017ee za v\u00e1mi p\u0159ijde studentka, jste s&nbsp;n\u00ed sami v&nbsp;kabinetu, m\u00e1te ji zkou\u0161et a&nbsp;ona v\u00e1s tam za\u010dne sv\u00e1d\u011bt a&nbsp;zv\u00e1t v\u00e1s na rande. Co s&nbsp;t\u00edm ud\u011bl\u00e1te? Budete j\u00ed um\u011bt v\u0161ichni \u0159\u00edct, \u017ee to je nevhodn\u00e9 a&nbsp;a\u0165 toho nech\u00e1?\u201c Spousta mu\u017e\u016f opravdu nev\u00ed, co by d\u011blala, a&nbsp;l\u00e9pe jim pak dojde, v&nbsp;jak nep\u0159\u00edjemn\u00e9 situaci jsou studuj\u00edc\u00ed, kdy\u017e jsou nav\u00edc je\u0161t\u011b v&nbsp;opa\u010dn\u00e9, pod\u0159\u00edzen\u00e9 roli. Je p\u0159ece je\u0161t\u011b mnohem t\u011b\u017e\u0161\u00ed se v&nbsp;takov\u00e9 chv\u00edli vymezit.<\/p>\r\n<p><strong>Kde to podle v\u00e1s za\u010d\u00edn\u00e1? Kde se m\u016f\u017ee st\u00e1t poprv\u00e9, \u017ee si nech\u00e1te p\u0159ekro\u010dit n\u011bjakou svou hranici?<br \/>\r\n<\/strong>Podle m\u011b to za\u010d\u00edn\u00e1 \u00fapln\u011b odmala. Nejsme moc veden\u00ed k&nbsp;tomu, abychom \u0159ekli: \u201eNe, j\u00e1 te\u010f nechci pusu od babi\u010dky\u201c, nebo n\u00e1m nen\u00ed vysv\u011btlovan\u00e9, co kdo bude d\u011blat s&nbsp;na\u0161\u00edm t\u011blem a&nbsp;pro\u010d, kdy\u017e jsme je\u0161t\u011b mal\u00ed. V&nbsp;dosp\u011blosti m\u016f\u017ee b\u00fdt takov\u00e1 modelov\u00e1 situace t\u0159eba u&nbsp;l\u00e9ka\u0159e, kde s&nbsp;v\u00e1mi \u010dasto budou zach\u00e1zet jako s&nbsp;n\u011bjak\u00fdm objektem a&nbsp;ne\u0159eknou v\u00e1m, pro\u010d a&nbsp;co s&nbsp;v\u00e1mi jdou d\u011blat. Aby bylo jasn\u00e9, \u017ee va\u0161e t\u011blo je opravdu va\u0161e a&nbsp;rozhodujete o&nbsp;n\u011bm vy. Kdy\u017e s&nbsp;n\u00edm n\u011bkdo n\u011bco d\u011bl\u00e1, tak byste m\u011bli v\u011bd\u011bt pro\u010d. Za\u010d\u00edn\u00e1 to v&nbsp;\u00fatl\u00e9m v\u011bku a&nbsp;\u010dlov\u011bk si na to zvykne.<\/p>\r\n<p><strong>Co\u017e se ale t\u00fdk\u00e1 obou pohlav\u00ed. Objevuje se i&nbsp;p\u0159esto znev\u00fdhodn\u011bn\u00ed \u017een u\u017e v\u00a0n\u00edzk\u00e9m v\u011bku?<br \/>\r\n<\/strong>Pak jsou takov\u00e1 ta zab\u011bhl\u00e1 po\u0159ekadla jako t\u0159eba: co se \u0161k\u00e1dl\u00edv\u00e1, to se r\u00e1do m\u00edv\u00e1. Tak\u017ee kdy\u017e jste holka a&nbsp;kluk v\u00e1s \u201e\u0161k\u00e1dl\u00ed\u201c, pova\u017euje se to za b\u011b\u017en\u00e9 vyj\u00e1d\u0159en\u00ed n\u00e1klonnosti. A&nbsp;ono to mo\u017en\u00e1 n\u011bkdy skute\u010dn\u011b je vyj\u00e1d\u0159en\u00ed n\u00e1klonnosti, ale ne t\u0159eba \u00fapln\u011b to nejvhodn\u011bj\u0161\u00ed. (sm\u00edch) A&nbsp;s&nbsp;t\u00edmhle pak jdeme d\u00e1l a&nbsp;n\u011bkdo se t\u0159eba chov\u00e1 n\u011bjak, n\u00e1m se to nel\u00edb\u00ed, ale n\u011bkde v&nbsp;sob\u011b m\u00e1me ulo\u017een\u00e9, \u017ee m\u00e1me b\u00fdt vlastn\u011b r\u00e1dy, proto\u017ee p\u0159ece to je uk\u00e1zka toho, \u017ee jsme \u017e\u00e1dan\u00e9. Tohle odhodit je n\u00e1ro\u010dn\u00e9. A&nbsp;t\u011bm kluk\u016fm taky nikdo ne\u0159ekne: Hele, tohle ned\u011blej, kdy\u017e se ti n\u011bkdo l\u00edb\u00ed, d\u00e1 se to uk\u00e1zat i&nbsp;jinak. J\u00e1 si mysl\u00edm, \u017ee v\u011bt\u0161ina mu\u017e\u016f, kte\u0159\u00ed n\u011bkoho obt\u011b\u017eovali, to ned\u011bl\u00e1 proto, \u017ee by byli prim\u00e1rn\u011b zl\u00ed a&nbsp;cht\u011bli ubli\u017eovat, ale t\u0159eba to neum\u011bj\u00ed jinak. Ur\u010dit\u00e1 \u010d\u00e1st skute\u010dn\u011b jsou pred\u00e1to\u0159i a&nbsp;zneu\u017e\u00edvaj\u00ed situace, ale po\u0159\u00e1d je to men\u0161\u00ed \u010d\u00e1st spole\u010dnosti. V\u011bt\u0161ina lid\u00ed se chce k&nbsp;druh\u00fdm chovat s&nbsp;respektem.<\/p>\r\n<p><strong>To je vlastn\u011b taky zaj\u00edmav\u00e1 ot\u00e1zka. Nakolik je v\u00a0obt\u011b\u017eov\u00e1n\u00ed p\u0159\u00edtomn\u00e9 \u00famysln\u00e9 zlo a\u00a0nakolik je to nedorozum\u011bn\u00ed?<br \/>\r\n<\/strong>Vr\u00e1t\u00edm se je\u0161t\u011b ke \u0161kol\u00e1m. Mluvila jsem s&nbsp;jedn\u00edm vyu\u010duj\u00edc\u00edm, kter\u00e9ho z&nbsp;vysok\u00e9 \u0161koly propustili kv\u016fli nevhodn\u00e9mu chov\u00e1n\u00ed. Kdy\u017e jsem se ho sna\u017eila doptat, jak k&nbsp;tomu do\u0161lo, \u0159\u00edkal mi, \u017ee b\u011bhem sv\u00e9ho studia byl sv\u011bdkem toho, \u017ee jeho vyu\u010duj\u00edc\u00ed se ke studentk\u00e1m chovali mnohem h\u016f\u0159. M\u011bl pocit, \u017ee se vlastn\u011b chov\u00e1 v&nbsp;po\u0159\u00e1dku, proto\u017ee je o&nbsp;n\u011bco lep\u0161\u00ed, ne\u017e byli ti profeso\u0159i p\u0159ed n\u00edm. Takhle se to nev\u011bdomky n\u011bjak reprodukuje.<\/p>\r\n<p><strong>V p\u0159\u00edpad\u011b problematiky obt\u011b\u017eov\u00e1n\u00ed m\u00e1te srovn\u00e1n\u00ed i\u00a0s\u00a0jin\u00fdmi zem\u011bmi. Jsme podle v\u00e1s v\u00a0n\u011b\u010dem pozadu a\u00a0v\u00a0n\u011b\u010dem t\u0159eba nap\u0159ed?<br \/>\r\n<\/strong>P\u0159ijde mi, \u017ee v&nbsp;debat\u011b o&nbsp;\u017eensk\u00fdch pr\u00e1vech, sexu\u00e1ln\u00edm obt\u011b\u017eov\u00e1n\u00ed a&nbsp;n\u00e1sil\u00ed jsme opravdu pozadu. Po\u0159\u00e1d nejsme \u00fapln\u011b schopn\u00ed se o&nbsp;t\u011bch v\u011bcech otev\u0159en\u011b bavit, pojmenovat je, rozeznat je. Ale posouv\u00e1 se to. A&nbsp;mysl\u00edm, \u017ee dobr\u00fdm sm\u011brem. Hodn\u011b s&nbsp;t\u00edm souvis\u00ed i&nbsp;to, \u017ee se do n\u011bkter\u00fdch rozhodovac\u00edch pozic dost\u00e1vaj\u00ed \u017eeny. V\u00edce se o&nbsp;tom p\u00ed\u0161e v&nbsp;m\u00e9di\u00edch, proto\u017ee \u017een\u00e1m, kter\u00e9 tam jsou, to p\u0159ijde d\u016fle\u017eit\u00e9. Nebo jsou pr\u00e1v\u011b v&nbsp;t\u011bch instituc\u00edch a&nbsp;m\u016f\u017eou to \u0159e\u0161it. Ale kdy\u017e u\u017e se to \u0159e\u0161\u00ed, n\u00e1\u0161 legislativn\u00ed syst\u00e9m na tom nen\u00ed a\u017e tak \u0161patn\u011b, pokud ho porovn\u00e1me s&nbsp;n\u011bkter\u00fdmi jin\u00fdmi zem\u011bmi. Z\u00e1rove\u0148 u&nbsp;n\u00e1s nem\u00e1 ka\u017ed\u00fd doma zbra\u0148. Ve st\u00e1tech, kde tomu tak je, nap\u0159\u00edklad dom\u00e1c\u00ed n\u00e1sil\u00ed \u010dast\u011bji kon\u010d\u00ed vra\u017edou. V&nbsp;zahrani\u010d\u00ed mi ale zase p\u0159i\u0161lo inspirativn\u00ed, \u017ee tam se sna\u017e\u00ed \u0159e\u0161it probl\u00e9m komplexn\u011bji, ve spolupr\u00e1ci policie s&nbsp;neziskovkou, se st\u00e1tn\u00edm z\u00e1stupcem, p\u0159istupuj\u00ed k&nbsp;n\u011bmu hodn\u011b konstruktivn\u011b. Tady mezi sebou jednotliv\u00e9 sekce sp\u00ed\u0161 bojuj\u00ed. A&nbsp;na \u010cesku mi p\u0159ijde v\u00fdrazn\u011b negativn\u00ed taky to, \u017ee m\u00e1me probl\u00e9m p\u0159iznat, \u017ee je n\u011bkde n\u011bjak\u00fd probl\u00e9m. Kdybychom si to p\u0159iznali, bylo by \u0159e\u0161en\u00ed mnohem snaz\u0161\u00ed. A&nbsp;nejde jen o&nbsp;sexu\u00e1ln\u00ed obt\u011b\u017eov\u00e1n\u00ed a&nbsp;n\u00e1sil\u00ed, ale o&nbsp;rovnost mu\u017e\u016f a&nbsp;\u017een obecn\u011b. Tv\u00e1\u0159\u00edme se, \u017ee je v\u0161echno v&nbsp;po\u0159\u00e1dku, p\u0159itom v&nbsp;\u017eeb\u0159\u00ed\u010dc\u00edch rovnosti \u017een a&nbsp;mu\u017e\u016f se \u010cesko po\u0159\u00e1d propad\u00e1 n\u00ed\u017e.<\/p>\r\n<p>Dobr\u00fd p\u0159\u00edklad lze podle m\u011b hledat t\u0159eba v&nbsp;seversk\u00fdch st\u00e1tech, z\u00e1rove\u0148 je ale pot\u0159eba inspiraci do na\u0161\u00ed zem\u011b vn\u00e1\u0161et s&nbsp;ohledem na konkr\u00e9tn\u00ed kontext. Pro rovnost \u017een a&nbsp;mu\u017e\u016f je podle m\u011b podstatn\u00e9 mluvit o&nbsp;sd\u00edlen\u00ed rodi\u010dovsk\u00e9 p\u00e9\u010de a&nbsp;celkov\u011b p\u00e9\u010de o&nbsp;rodinu. T\u0159eba ve \u0160v\u00e9dsku je to nastaven\u00e9 tak, \u017ee na rodi\u010dovskou dovolenou jdou oba rodi\u010de, maj\u00ed n\u011bjak\u00e9 penzum pen\u011bz, kter\u00e9 m\u016f\u017eou vy\u010derpat, a&nbsp;aby je mohli vy\u010derpat v&nbsp;pln\u00e9m rozsahu, mus\u00ed se vyst\u0159\u00eddat oba dva, co\u017e z\u00e1sadn\u011b m\u011bn\u00ed znev\u00fdhodn\u011bn\u00ed \u017een na trhu pr\u00e1ce a&nbsp;z\u00e1rove\u0148 to dovoluje mu\u017e\u016fm m\u00edt kvalitn\u011bj\u0161\u00ed vztah s&nbsp;d\u011btmi. Pr\u00e1v\u011b tohle ale nem\u016f\u017eeme jednodu\u0161e p\u0159en\u00e9st do \u010ceska, proto\u017ee tady \u017eeny po\u0159\u00e1d vyd\u011bl\u00e1vaj\u00ed m\u00e9n\u011b pen\u011bz a&nbsp;jsou \u010dasto v&nbsp;prac\u00edch, kter\u00e9 jsou m\u00e9n\u011b honorovan\u00e9. Rodina si to prost\u011b ekonomicky nem\u016f\u017ee dovolit.<\/p>\r\n<p><strong>A to u\u017e se zase dost\u00e1v\u00e1me k&nbsp;probl\u00e9mu, \u017ee dnes spousta \u017een t\u0159eba i&nbsp;proto nechce zakl\u00e1dat rodinu.<br \/>\r\n<\/strong>D\u0159\u00edv byl taky tlak na to, \u017ee v&nbsp;ur\u010ditou dobu u\u017e rodinu m\u00e1te m\u00edt. \u010clov\u011bk si tedy \u0159ekl, \u017ee kdy\u017e se to od n\u011bj chce, tak z\u016fstane tady s&nbsp;t\u00edm \u010dlov\u011bkem, i&nbsp;kdy\u017e s&nbsp;n\u00edm nen\u00ed \u00fapln\u011b \u0161\u0165astn\u00fd. Dnes u\u017e to mlad\u00ed lid\u00e9 maj\u00ed jinak. Hledaj\u00ed \u0161t\u011bst\u00ed i&nbsp;jinde ne\u017e v&nbsp;p\u0159edem ur\u010den\u00e9m pl\u00e1nu a&nbsp;v&nbsp;nefunk\u010dn\u00edch vztaz\u00edch z\u016fst\u00e1vat necht\u011bj\u00ed. Za m\u011b je to spr\u00e1vn\u011b. Dokonce jsou statistiky, kter\u00e9 \u0159\u00edkaj\u00ed, \u017ee \u017eeny nad 40 let, kter\u00e9 jsou svobodn\u00e9, jsou \u010dasto spokojen\u011bj\u0161\u00ed ne\u017e jejich vrstevnice s&nbsp;d\u011btmi. Ur\u010dit\u011b nen\u00ed spr\u00e1vn\u00e1 p\u0159edstava, \u017ee kdy\u017e si nikoho nenajdete a&nbsp;nebudete m\u00edt d\u011bti, nebudete \u0161\u0165astn\u00e1. Nen\u00ed to pravda. M\u016f\u017eete b\u00fdt \u0161\u0165astn\u00e1 stejn\u011b nebo dokonce v\u00edc ne\u017e n\u011bkdo, kdo m\u00e1 rodinu. T\u00edm ale v\u016fbec ne\u0159\u00edk\u00e1m, \u017ee lid\u00e9 by nemohli b\u00fdt \u0161\u0165astn\u00ed v&nbsp;partnerstv\u00ed a&nbsp;s&nbsp;d\u011btmi. Naopak.<\/p>\r\n<p><strong>Vy sama jste aktivistka, tak\u017ee stoj\u00edte na stran\u011b, kter\u00e1 se probl\u00e9mu sna\u017e\u00ed p\u0159edch\u00e1zet, ne na t\u00e9, je\u017e ho \u0159e\u0161\u00ed, pokud nastane. Konsent je taky organizace, kter\u00e1 se sna\u017e\u00ed sp\u00ed\u0161e o&nbsp;prevenci ne\u017e o&nbsp;intervenci. Obracej\u00ed se na v\u00e1s i&nbsp;p\u0159esto ob\u011bti sexu\u00e1ln\u00edho obt\u011b\u017eov\u00e1n\u00ed nebo n\u00e1sil\u00ed?<\/strong><br \/>\r\nNa\u0161\u00edm prim\u00e1rn\u00edm c\u00edlem je, aby ka\u017ed\u00fd v\u011bd\u011bl, \u017ee z\u00e1kladem jak\u00e9koliv interakce mezi lidmi by m\u011bl b\u00fdt souhlas a&nbsp;respekt. Sna\u017e\u00edme se bo\u0159it m\u00fdty o&nbsp;sexu a&nbsp;vztaz\u00edch, sna\u017e\u00edme se vytv\u00e1\u0159et spokojen\u011bj\u0161\u00ed spole\u010dnost t\u00edm, \u017ee c\u00edl\u00edme na jej\u00ed r\u016fzn\u00e9 skupiny. A&nbsp;pomoc nech\u00e1v\u00e1me na jin\u00fdch organizac\u00edch, kter\u00e9 se na to specializuj\u00ed. Proto\u017ee se na n\u00e1s ale obracej\u00ed i&nbsp;lid\u00e9 s&nbsp;\u017e\u00e1dost\u00ed o&nbsp;pomoc, m\u00e1me tak\u00e9 sv\u00e9pomocnou skupinu. Nen\u00ed to n\u00e1hra\u017eka terapie, ale lid\u00e9 se zku\u0161enost\u00ed sexu\u00e1ln\u00edho n\u00e1sil\u00ed nebo obt\u011b\u017eov\u00e1n\u00ed tam mohou p\u0159ij\u00edt a&nbsp;sd\u00edlet sv\u00e9 z\u00e1\u017eitky s&nbsp;ostatn\u00edmi. Dlouhodob\u011b se to ukazuje jako velmi \u00fasp\u011b\u0161n\u00e1 cesta. \u010casto je to pro lidi prvn\u00ed m\u00edsto, kde se se sv\u00fdm probl\u00e9mem sv\u011b\u0159\u00ed a&nbsp;vyhledaj\u00ed terapii nebo se jim tam mnohdy i&nbsp;poda\u0159\u00ed se se situac\u00ed vyrovnat. Je to celkov\u011b posiluj\u00edc\u00ed.<\/p>\r\n<p><strong>Kdy\u017e v&nbsp;dne\u0161n\u00ed dob\u011b d\u00edvka nebo \u017eena za\u010d\u00edn\u00e1 postupn\u011b zji\u0161\u0165ovat, \u017ee ve spole\u010dnosti po\u0159\u00e1d existuj\u00ed struktury, kter\u00e9 j\u00ed \u00fapln\u011b nevyhovuj\u00ed, a&nbsp;nev\u00ed, jak se s&nbsp;t\u00edm srovnat, napad\u00e1 v\u00e1s n\u011bjak\u00e1 dobr\u00e1 kn\u00ed\u017eka nebo film?<\/strong><br \/>\r\nTo je mimochodem jedna z&nbsp;v\u011bc\u00ed, je\u017e mladou generaci hodn\u011b posouvaj\u00ed a&nbsp;obohacuj\u00ed \u2013 m\u00e1me tady mnohem v\u011bt\u0161\u00ed a&nbsp;bohat\u0161\u00ed popkulturu, kter\u00e1 roz\u0161i\u0159uje obzory. Dobr\u00fd seri\u00e1l je <a href=\"https:\/\/www.csfd.cz\/film\/681071-sexualni-vychova\/prehled\/\" target=\"_blank\" rel=\"noopener\">Sex Education<\/a>. Ned\u00e1vno vy\u0161el super komiks od <a href=\"https:\/\/www.databazeknih.cz\/knihy\/srdcovka-521870\" target=\"_blank\" rel=\"noopener\">\u0160t\u011bp\u00e1nky Jislov\u00e9 Srdcovka<\/a> \u2013 je to takov\u00fd kreslen\u00fd pr\u016fvodce dosp\u00edv\u00e1n\u00edm. Te\u010f vy\u0161lo taky hodn\u011b knih o&nbsp;\u017eensk\u00fdch pr\u00e1vech, t\u0159eba <a href=\"https:\/\/www.databazeknih.cz\/knihy\/feministkou-snadno-a-rychle-prirucka-argumentu-pro-debaty-s-rodinou-a-prateli-510660\" target=\"_blank\" rel=\"noopener\">Feministkou snadno a&nbsp;rychle od Lucie Jarkovsk\u00e9 a&nbsp;Kate\u0159iny Li\u0161kov\u00e9<\/a>. My jsme vyr\u016fstali na filmech jako <a href=\"https:\/\/www.csfd.cz\/film\/20317-prci-prci-prcicky\/prehled\/\" target=\"_blank\" rel=\"noopener\">Prci, prci, prci\u010dky<\/a> \u2013 co n\u00e1m to asi tak mohlo do \u017eivota d\u00e1t, \u017ee? (sm\u00edch)<\/p>\r\n<p><strong>D\u0159\u00edv to toti\u017e bylo tak, \u017ee pr\u00e1v\u011b v&nbsp;popkultu\u0159e se prezentovalo p\u0159esn\u011b to, co bylo ve spole\u010dnosti \u0161patn\u011b, a&nbsp;t\u00edm se ty stereotypy jen utu\u017eovaly. Pak sta\u010d\u00ed jedna dobr\u00e1 kn\u00ed\u017eka a&nbsp;otev\u0159e v\u00e1m \u00fapln\u011b jin\u00fd sv\u011bt.<\/strong><br \/>\r\nAno, a&nbsp;p\u0159ijde mi to super. Je\u0161t\u011b m\u011b napad\u00e1 kn\u00ed\u017eka <a href=\"https:\/\/www.databazeknih.cz\/knihy\/svoleni-463537\" target=\"_blank\" rel=\"noopener\">Svolen\u00ed od Vanessy Springory<\/a>. Popisuje v&nbsp;n\u00ed sv\u016fj vztah, kter\u00fd m\u011bla ve \u010dtrn\u00e1cti letech s&nbsp;asi pades\u00e1tilet\u00fdm spisovatelem, a&nbsp;dob\u0159e vysv\u011btluje, jak n\u011bkdo m\u016f\u017ee zneu\u017e\u00edvat nerovn\u00e9ho postaven\u00ed a&nbsp;jak se s&nbsp;t\u00edm zp\u011btn\u011b vyrovnat a&nbsp;pochopit to. D\u0159\u00edv jsme toti\u017e byli zvykl\u00ed hled\u011bt na lidi s&nbsp;negativn\u00ed zku\u0161enost\u00ed jako na v\u011b\u010dn\u00e9 ob\u011bti. \u201eN\u011bkdo t\u011b zn\u00e1silnil, tak bude\u0161 nav\u017edy ta zn\u00e1siln\u011bn\u00e1 holka.\u201c Ale tak to nen\u00ed. Je d\u016fle\u017eit\u00e9 to vid\u011bt jen jako n\u011bjak\u00fd st\u0159\u00edpek v&nbsp;p\u0159\u00edb\u011bhu, kter\u00fd \u010dlov\u011bka nedefinuje.<\/p>\r\n<p><strong>I \u0161patn\u00e1 zku\u0161enost se d\u00e1 transformovat v&nbsp;n\u011bco pozitivn\u00edho a&nbsp;nakonec z&nbsp;n\u00ed \u010dlov\u011bk m\u016f\u017ee na\u010derpat i&nbsp;s\u00edlu.<\/strong><br \/>\r\nAno, a&nbsp;tohle nen\u00ed kli\u0161\u00e9. Je to skute\u010dn\u011b pravda.<\/p>\r\n<hr \/>\r\n<p><span style=\"color: #99cc00;\"><strong>Johanna Nejedlov\u00e1<\/strong><\/span> (*1990) \u0159editelka spolku Konsent, v&nbsp;roce 2019 z\u00edskala ocen\u011bn\u00ed Women of Europe v&nbsp;kategorii Woman in Youth Activism a&nbsp;o&nbsp;rok pozd\u011bji ji \u010dasopis Forbes za\u0159adil do v\u00fdb\u011bru 30 pod 30. V&nbsp;letech 2018 a\u017e 2022 byla \u010dlenkou v\u00fdkonn\u00e9ho v\u00fdboru \u010cesk\u00e9 \u017eensk\u00e9 lobby a&nbsp;skupiny Observatory on Violence against Women p\u0159i Evropsk\u00e9 \u017eensk\u00e9 lobby.<\/p>\r\n<hr \/>\r\n<p><span style=\"color: #ff0000;\"><strong>M\u00e1te z\u00e1jem o\u00a0\u0161kolen\u00ed na t\u00e9ma sexu\u00e1ln\u00edho obt\u011b\u017eov\u00e1n\u00ed pro sv\u016fj podnik na Sedmi\u010dce?<\/strong><\/span><br \/>\r\nOzv\u011bte se na <a href=\"mailto:respektjesexy@konsent.cz\" target=\"_blank\" rel=\"noopener\">respektjesexy@konsent.cz<\/a>.<\/p>","protected":false},"excerpt":{"rendered":"[perex] Na sedmi\u010dkov\u00e9 radnici ve spolupr\u00e1ci s&nbsp;organizac\u00ed Konsent, kter\u00e1 se zasazuje o&nbsp;celospole\u010denskou zm\u011bnu p\u0159\u00edstupu k&nbsp;sexu a&nbsp;vztah\u016fm, ned\u00e1vno prob\u011bhl semin\u00e1\u0159 zam\u011b\u0159en\u00fd na problematiku sexu\u00e1ln\u00edho obt\u011b\u017eov\u00e1n\u00ed v&nbsp;no\u010dn\u00edch podnic\u00edch. T\u00e9mata rozhovoru s&nbsp;jeho zakladatelkou Johannou Nejedlovou \u2013 mezigenera\u010dn\u00ed st\u0159ety v&nbsp;ch\u00e1p\u00e1n\u00ed vztah\u016f, \u017eensk\u00e1 pr\u00e1va, osv\u011bta a&nbsp;prevence sexu\u00e1ln\u00edho obt\u011b\u017eov\u00e1n\u00ed a&nbsp;n\u00e1sil\u00ed \u2013 s&nbsp;mnoh\u00fdmi rezonuj\u00ed, je ale nesm\u00edrn\u011b t\u011b\u017ek\u00e9 o&nbsp;nich diskutovat. Jen\u017ee ml\u010den\u00ed [&hellip;]","protected":false},"author":292,"featured_media":73893,"comment_status":"closed","ping_status":"open","sticky":false,"template":"","format":"standard","meta":[],"categories":[37],"tags":[],"_links":{"self":[{"href":"https:\/\/www.praha7.cz\/api\/wp\/v2\/posts\/73892"}],"collection":[{"href":"https:\/\/www.praha7.cz\/api\/wp\/v2\/posts"}],"about":[{"href":"https:\/\/www.praha7.cz\/api\/wp\/v2\/types\/post"}],"author":[{"embeddable":true,"href":"https:\/\/www.praha7.cz\/api\/wp\/v2\/users\/292"}],"replies":[{"embeddable":true,"href":"https:\/\/www.praha7.cz\/api\/wp\/v2\/comments?post=73892"}],"version-history":[{"count":2,"href":"https:\/\/www.praha7.cz\/api\/wp\/v2\/posts\/73892\/revisions"}],"predecessor-version":[{"id":73900,"href":"https:\/\/www.praha7.cz\/api\/wp\/v2\/posts\/73892\/revisions\/73900"}],"wp:featuredmedia":[{"embeddable":true,"href":"https:\/\/www.praha7.cz\/api\/wp\/v2\/media\/73893"}],"wp:attachment":[{"href":"https:\/\/www.praha7.cz\/api\/wp\/v2\/media?parent=73892"}],"wp:term":[{"taxonomy":"category","embeddable":true,"href":"https:\/\/www.praha7.cz\/api\/wp\/v2\/categories?post=73892"},{"taxonomy":"post_tag","embeddable":true,"href":"https:\/\/www.praha7.cz\/api\/wp\/v2\/tags?post=73892"}],"curies":[{"name":"wp","href":"https:\/\/api.w.org\/{rel}","templated":true}]}}