    
{"id":73799,"date":"2024-02-20T15:01:35","date_gmt":"2024-02-20T14:01:35","guid":{"rendered":"https:\/\/www.praha7.cz\/?p=73799"},"modified":"2025-01-21T16:04:38","modified_gmt":"2025-01-21T15:04:38","slug":"probehlo-setkani-nad-navrhem-koncepcni-studie-okoli-estakady-u-vystaviste","status":"publish","type":"post","link":"https:\/\/www.praha7.cz\/probehlo-setkani-nad-navrhem-koncepcni-studie-okoli-estakady-u-vystaviste\/","title":{"rendered":"Prob\u011bhlo setk\u00e1n\u00ed nad n\u00e1vrhem koncep\u010dn\u00ed studie okol\u00ed estak\u00e1dy u&nbsp;V\u00fdstavi\u0161t\u011b"},"content":{"rendered":"<p>[perex]<\/p>\r\n<p>V pond\u011bl\u00ed 19.&nbsp;\u00fanora 2024 se v&nbsp;prostor\u00e1ch p\u0159\u00edzem\u00ed hotelu Mama Shelter uskute\u010dnila ve\u0159ejn\u00e1 a&nbsp;hojn\u011b nav\u0161t\u00edven\u00e1 prezentace n\u00e1vrhu koncep\u010dn\u00ed studie okol\u00ed estak\u00e1dy u&nbsp;V\u00fdstavi\u0161t\u011b. Studii p\u0159edstavili z\u00e1stupci projektanta DH Architekti, sou\u010dasn\u00fd stav v\u00fdstavby dr\u00e1hy Praha\u2013Kladno odprezentovali z\u00e1stupci Spr\u00e1vy \u017eeleznic. Vystoupila rovn\u011b\u017e m\u00edstostarostka Lenka Burgerov\u00e1, kter\u00e1 m\u00e1 v&nbsp;gesci rozvoj na\u0161\u00ed m\u011bstsk\u00e9 \u010d\u00e1sti.\u00a0<\/p>\r\n<p>[\/perex]<\/p>\r\n<p>M\u011bstsk\u00e1 \u010d\u00e1st Praha&nbsp;7 dlouhodob\u011b usiluje o&nbsp;zlep\u0161en\u00ed kvality ve\u0159ejn\u00fdch prostranstv\u00ed a&nbsp;efektivn\u00ed koordinaci prob\u00edhaj\u00edc\u00edch projekt\u016f. Z\u00a0toho d\u016fvodu po\u017e\u00e1dala usnesen\u00edm Rady \u010d. <a href=\"https:\/\/www.praha7.cz\/usneseni\/?id=34241&amp;type=mainRes\">0502\/22-R<\/a> ze dne 2.&nbsp;8.&nbsp;2022 hl. m. Praha o&nbsp;p\u0159\u00edpravu koncepce ulice Strojnick\u00e1 a&nbsp;souvisej\u00edc\u00edch ve\u0159ejn\u00fdch prostranstv\u00ed v&nbsp;n\u00e1vaznosti na realizaci \u017eelezni\u010dn\u00edho spojen\u00ed Praha \u2013 Leti\u0161t\u011b V\u00e1clava Havla \u2013 Kladno, projekt \u201eModernizace trati Praha Bubny (v\u010detn\u011b) \u2013 Praha V\u00fdstavi\u0161t\u011b (v\u010detn\u011b)\u201crealizovan\u00fd spol. Spr\u00e1va \u017eeleznic, s. o. Na z\u00e1klad\u011b odm\u00edtnut\u00ed \u017e\u00e1dosti ze strany HMP pokra\u010dovala v&nbsp;p\u0159\u00edprav\u011b \u00fazem\u00ed zad\u00e1n\u00edm koncep\u010dn\u00ed studie \u201eOKOL\u00cd ESTAK\u00c1DY U&nbsp;V\u00ddSTAVI\u0160T\u011a \u2013 koncep\u010dn\u00ed studie\u201c spole\u010dnosti dh architekti s.r.o na z\u00e1klad\u011b smlouvy dle usnesen\u00ed \u010d.<a href=\"https:\/\/usneseni.praha7.cz\/usneseni\/usneseni\/1340\"> 0595\/23-R<\/a> ze dne 10.&nbsp;10.&nbsp;2023. Jej\u00ed n\u00e1vrh ne\u0159e\u0161\u00ed podobu estak\u00e1dy ani komer\u010dn\u00edch podstaveb, c\u00edlem je navr\u017een\u00ed kvalitn\u00edho m\u011bstsk\u00e9ho prostoru v&nbsp;okol\u00ed dr\u00e1hy mezi ulicemi U&nbsp;V\u00fdstavi\u0161t\u011b, Bubensk\u00e1, Strojnick\u00e1, Dukelsk\u00fdch Hrdin\u016f. \u010c\u00e1st \u017eelezni\u010dn\u00ed trati v&nbsp;\u00faseku mezi ulicemi Dukelsk\u00fdch hrdin\u016f a&nbsp;Bubensk\u00e1 povede nov\u011b po estak\u00e1d\u011b, t\u00edm dojde k&nbsp;uvoln\u011bn\u00ed plochy pod estak\u00e1dou a&nbsp;v&nbsp;jej\u00edm bezprost\u0159edn\u00edm okol\u00ed. Uvoln\u011bn\u00e9 pozemky maj\u00ed potenci\u00e1l k&nbsp;vytvo\u0159en\u00ed kvalitn\u00edho pr\u016fchoz\u00edho ve\u0159ejn\u00e9ho prostoru se vzrostlou zelen\u00ed a&nbsp;ob\u010danskou vybavenost\u00ed. Sou\u010d\u00e1st\u00ed zad\u00e1n\u00ed je tak\u00e9 n\u00e1vrh veden\u00ed cyklotrasy A6, kter\u00e1 je v&nbsp;koncep\u010dn\u00ed studii \u0159e\u0161ena du\u00e1ln\u011b v&nbsp;ji\u017en\u00ed i&nbsp;severn\u00ed trase, vzhledem k&nbsp;podpo\u0159e variability a&nbsp;mo\u017enosti reagovat na aktu\u00e1ln\u00ed v\u00fdvoj a&nbsp;zku\u0161enosti z&nbsp;u\u017e\u00edv\u00e1n\u00ed prostoru. Dne 30.01.2024 dle usnesen\u00ed Rady M\u010c Praha&nbsp;7 \u010d. <a href=\"https:\/\/usneseni.praha7.cz\/usneseni\/usneseni\/1842\">0056\/24-R<\/a> bylo uzav\u0159eno memorandum o&nbsp;spole\u010dn\u00e9m postupu ve vztahu k&nbsp;vyu\u017eit\u00ed pozemk\u016f uvoln\u011bn\u00fdch po dokon\u010den\u00ed modernizace trati Praha-Bubny (v\u010detn\u011b) \u2013 Praha-V\u00fdstavi\u0161t\u011b (v\u010detn\u011b) mezi M\u010c Praha&nbsp;7 a&nbsp;Spr\u00e1vou \u017eeleznic. Hlavn\u00edmi body je vymezen\u00ed podstaveb v&nbsp;souladu s&nbsp;projedn\u00e1vanou koncep\u010dn\u00ed studi\u00ed a&nbsp;p\u0159imknut\u00ed stoky de\u0161\u0165ov\u00e9 kanalizace z&nbsp;projektu Modernizace trati bl\u00ed\u017ee k&nbsp;estak\u00e1d\u011b tak, aby nebyla v&nbsp;kolizi ani s&nbsp;uva\u017eovanou v\u00fdsadbou, ani nebyly poklopy um\u00edst\u011bny v&nbsp;linii budouc\u00ed cyklotrasy. Koordinace zahrnuje tak\u00e9 n\u00e1hradn\u00ed v\u00fdsadby strom\u016f stavby modernizace trati pro lokalitu Strojnick\u00e1 a&nbsp;Autobazar v&nbsp;celkov\u00e9m po\u010dtu 37 ks dle Z\u00e1vazn\u00e9ho stanoviska org\u00e1nu ochrany p\u0159\u00edrody a&nbsp;krajiny ve v\u011bci k\u00e1cen\u00ed d\u0159evin rostouc\u00edch mimo les ze dne 2.&nbsp;1.&nbsp;2019, \u010d.j.: M\u010c P7&nbsp;000723\/2019\/O\u017dP.<\/p>\r\n<p>Studie ve f\u00e1zi konceptu byla p\u0159edstavena 30.&nbsp;1.&nbsp;2024 Rad\u011b a&nbsp;Komis\u00edm M\u010c Praha&nbsp;7. N\u00e1sledn\u011b 31.&nbsp;1.&nbsp;2024 prob\u011bhl kulat\u00fd st\u016fl, v&nbsp;r\u00e1mci n\u011bj\u017e byla koncep\u010dn\u00ed studie p\u0159edstavena hlavn\u00edm akt\u00e9r\u016fm v&nbsp;\u00fazem\u00ed. Ve\u0159ejn\u00e1 prezentace se uskute\u010dnila 19.&nbsp;\u00fanora 2024. Ob\u010dan\u00e9 kladli obecn\u00e9 ot\u00e1zky t\u00fdkaj\u00edc\u00ed se prob\u00edhaj\u00edc\u00ed modernizace dr\u00e1hy, v&nbsp;\u010d\u00e1sti ve\u010dera byl pak prostor na konkr\u00e9tn\u00ed dotazy a&nbsp;p\u0159ipom\u00ednky k&nbsp;prezentovan\u00e9 studii, o&nbsp;kter\u00fdch mohli ob\u010dan\u00e9 debatovat s&nbsp;p\u0159\u00edtomn\u00fdmi odborn\u00edky. Pr\u00e1v\u011b zku\u0161enost m\u00edstn\u00edch obyvatel je st\u011b\u017eejn\u00ed slo\u017ekou t\u011bchto setk\u00e1n\u00ed a&nbsp;jejich podn\u011bty jsou velice cenn\u00e9.<\/p>\r\n<p><img loading=\"lazy\" src=\"https:\/\/www.praha7.cz\/wp-content\/uploads\/2024\/02\/plny-sal-1500x844.jpeg\" alt=\"\" width=\"640\" height=\"360\" class=\"alignnone size-large wp-image-73804\" srcset=\"https:\/\/www.praha7.cz\/wp-content\/uploads\/2024\/02\/plny-sal-1500x844.jpeg 1500w, https:\/\/www.praha7.cz\/wp-content\/uploads\/2024\/02\/plny-sal-600x338.jpeg 600w, https:\/\/www.praha7.cz\/wp-content\/uploads\/2024\/02\/plny-sal-768x432.jpeg 768w, https:\/\/www.praha7.cz\/wp-content\/uploads\/2024\/02\/plny-sal-1536x864.jpeg 1536w, https:\/\/www.praha7.cz\/wp-content\/uploads\/2024\/02\/plny-sal-2048x1152.jpeg 2048w\" sizes=\"(max-width: 640px) 100vw, 640px\" \/><\/p>\r\n<p><img loading=\"lazy\" src=\"https:\/\/www.praha7.cz\/wp-content\/uploads\/2024\/02\/panel-1298x1000.jpeg\" alt=\"\" width=\"640\" height=\"493\" class=\"alignnone size-large wp-image-73803\" srcset=\"https:\/\/www.praha7.cz\/wp-content\/uploads\/2024\/02\/panel-1298x1000.jpeg 1298w, https:\/\/www.praha7.cz\/wp-content\/uploads\/2024\/02\/panel-519x400.jpeg 519w, https:\/\/www.praha7.cz\/wp-content\/uploads\/2024\/02\/panel-768x592.jpeg 768w, https:\/\/www.praha7.cz\/wp-content\/uploads\/2024\/02\/panel-1536x1183.jpeg 1536w, https:\/\/www.praha7.cz\/wp-content\/uploads\/2024\/02\/panel.jpeg 2020w\" sizes=\"(max-width: 640px) 100vw, 640px\" \/><\/p>\r\n<p>Koncep\u010dn\u00ed studie okol\u00ed estak\u00e1dy u&nbsp;V\u00fdstavi\u0161t\u011b bude zhruba do kv\u011btna dopracov\u00e1na a&nbsp;pot\u00e9 ji zve\u0159ejn\u00edme i&nbsp;zde. D\u011bkujeme v\u0161em, kte\u0159\u00ed se prezentace z\u00fa\u010dastnili, a&nbsp;hotelu Mama Shelter za poskytnut\u00ed prostor.<\/p>\r\n<p><em>Aktualizace, \u010dervenec 2024:<\/em> Architekti v&nbsp;sou\u010dasn\u00e9 dob\u011b st\u00e1le intenzivn\u011b pracuj\u00ed na dokon\u010den\u00ed \u010distopisu koncep\u010dn\u00ed studie, zejm\u00e9na na zapracov\u00e1n\u00ed podn\u011bt\u016f a&nbsp;p\u0159ipom\u00ednek vze\u0161l\u00fdch z&nbsp;projedn\u00e1n\u00ed v\u010detn\u011b toho ve\u0159ejn\u00e9ho, a&nbsp;vy\u0159e\u0161en\u00ed po\u017eadavk\u016f dot\u010den\u00fdch org\u00e1n\u016f st\u00e1tn\u00ed spr\u00e1vy. Tyto procesy bohu\u017eel odevzd\u00e1n\u00ed studie pozdr\u017eely. Fin\u00e1ln\u00ed n\u00e1vrh koncep\u010dn\u00ed studie okol\u00ed estak\u00e1dy u&nbsp;V\u00fdstavi\u0161t\u011b by m\u011bl b\u00fdt p\u0159ed\u00e1n zadavateli, tedy m\u011bstsk\u00e9 \u010d\u00e1sti P7, v&nbsp;pr\u016fb\u011bhu srpna 2024.\u00a0<\/p>\r\n<p><em>Aktualizace, \u0159\u00edjen 2024:<\/em> Projekt\u00a0\u201eOKOL\u00cd ESTAK\u00c1DY U&nbsp;V\u00ddSTAVI\u0160T\u011a \u2013 koncep\u010dn\u00ed studie\u201c byl po zapracov\u00e1n\u00ed ve\u0161ker\u00fdch p\u0159ipom\u00ednek odevzd\u00e1n zpracovatelem a&nbsp;dne 10.&nbsp;9.&nbsp;2024 schv\u00e1len radou M\u010c P7 Usnesen\u00edm \u010d. <a href=\"https:\/\/usneseni.praha7.cz\/usneseni\/usneseni\/2712\">0558\/24-R<\/a>. Po\u017eadov\u00e1no je dopracov\u00e1n\u00ed a&nbsp;doprojedn\u00e1n\u00ed koncep\u010dn\u00ed studie s&nbsp;t\u00edm, \u017ee materi\u00e1lov\u00e9 proveden\u00ed cyklotrasy A6 bude \u0159e\u0161eno odli\u0161n\u00fdm materi\u00e1lem od ostatn\u00edch povrch\u016f, aby do\u0161lo k&nbsp;jasn\u00e9mu vizu\u00e1ln\u00edmu odli\u0161en\u00ed a&nbsp;usnadnila se navigace cyklist\u016fm proj\u00ed\u017ed\u011bj\u00edc\u00edm \u00fazem\u00edm. Veden\u00ed spole\u010dn\u00e9 stezky pro chodce a&nbsp;cyklisty bude v&nbsp;souladu se standardy aktivn\u00ed mobility v&nbsp;Praze a&nbsp;bude, pokud mo\u017eno, odd\u011bleno varovn\u00fdm p\u00e1sem pro nevidom\u00e9. Dal\u0161\u00ed postup by m\u011bl b\u00fdt v&nbsp;souladu a&nbsp;koordinaci s&nbsp;navazuj\u00edc\u00edmi projekty a&nbsp;rozvojem \u00fazem\u00ed ve spolupr\u00e1ci se Spr\u00e1vou \u017eeleznic, s. o., HMP v\u010detn\u011b organizac\u00ed z\u0159izovan\u00fdch a&nbsp;zalo\u017een\u00fdch hlavn\u00edm m\u011bstem Prahou a&nbsp;SIMPLY HOLE\u0160OVICE, a. s.<\/p>\r\n<hr \/>\r\n<h3>Koncep\u010dn\u00ed studie ke sta\u017een\u00ed<\/h3>\r\n<p><a href=\"https:\/\/www.praha7.cz\/wp-content\/uploads\/2024\/02\/KCS-Okoli-estakady-u-Vystaviste_Cistopis_PORTFOLIO_navrhova-cast_cast-1-3_str-001-035.pdf\">1.&nbsp;\u010d\u00e1st<\/a><\/p>\r\n<p><a href=\"https:\/\/www.praha7.cz\/wp-content\/uploads\/2024\/02\/KCS-Okoli-estakady-u-Vystaviste_Cistopis_PORTFOLIO_navrhova-cast_cast-2-3_str-036-052.pdf\">2.&nbsp;\u010d\u00e1st<\/a><\/p>\r\n<p><a href=\"https:\/\/www.praha7.cz\/wp-content\/uploads\/2024\/02\/KCS-Okoli-estakady-u-Vystaviste_Cistopis_PORTFOLIO_navrhova-cast_cast-3-3_str-053-074.pdf\">3.&nbsp;\u010d\u00e1st<\/a><\/p>\r\n<p><img loading=\"lazy\" src=\"https:\/\/www.praha7.cz\/wp-content\/uploads\/2024\/02\/stoly-1500x844.jpeg\" alt=\"\" width=\"640\" height=\"360\" class=\"alignnone size-large wp-image-73806\" srcset=\"https:\/\/www.praha7.cz\/wp-content\/uploads\/2024\/02\/stoly-1500x844.jpeg 1500w, https:\/\/www.praha7.cz\/wp-content\/uploads\/2024\/02\/stoly-600x338.jpeg 600w, https:\/\/www.praha7.cz\/wp-content\/uploads\/2024\/02\/stoly-768x432.jpeg 768w, https:\/\/www.praha7.cz\/wp-content\/uploads\/2024\/02\/stoly-1536x864.jpeg 1536w, https:\/\/www.praha7.cz\/wp-content\/uploads\/2024\/02\/stoly-2048x1152.jpeg 2048w\" sizes=\"(max-width: 640px) 100vw, 640px\" \/><\/p>\r\n<hr \/>\r\n<p><em>M\u00e1te-li dotazy ke koncep\u010dn\u00ed studii okol\u00ed estak\u00e1dy u&nbsp;V\u00fdstavi\u0161t\u011b, pi\u0161te pros\u00edm na e-mail<\/em> <a href=\"mailto:estakada@praha7.cz\">estakada@praha7.cz<\/a><\/p>\r\n<p><em>Pokud m\u00e1te ot\u00e1zky k&nbsp;prob\u00edhaj\u00edc\u00ed stavb\u011b dr\u00e1hy, obracejte se pros\u00edm na Spr\u00e1vu \u017eeleznic prost\u0159ednictv\u00edm e-mailu: <a href=\"mailto:Schreierova@spravazeleznic.cz\">Schreierova@spravazeleznic.cz<\/a><\/em><\/p>\r\n<p>&nbsp;<\/p>","protected":false},"excerpt":{"rendered":"[perex] V&nbsp;pond\u011bl\u00ed 19.&nbsp;\u00fanora 2024 se v&nbsp;prostor\u00e1ch p\u0159\u00edzem\u00ed hotelu Mama Shelter uskute\u010dnila ve\u0159ejn\u00e1 a&nbsp;hojn\u011b nav\u0161t\u00edven\u00e1 prezentace n\u00e1vrhu koncep\u010dn\u00ed studie okol\u00ed estak\u00e1dy u&nbsp;V\u00fdstavi\u0161t\u011b. Studii p\u0159edstavili z\u00e1stupci projektanta DH Architekti, sou\u010dasn\u00fd stav v\u00fdstavby dr\u00e1hy Praha\u2013Kladno odprezentovali z\u00e1stupci Spr\u00e1vy \u017eeleznic. Vystoupila rovn\u011b\u017e m\u00edstostarostka Lenka Burgerov\u00e1, kter\u00e1 m\u00e1 v&nbsp;gesci rozvoj na\u0161\u00ed m\u011bstsk\u00e9 \u010d\u00e1sti.\u00a0 [\/perex] M\u011bstsk\u00e1 \u010d\u00e1st Praha&nbsp;7 dlouhodob\u011b usiluje [&hellip;]","protected":false},"author":251,"featured_media":73805,"comment_status":"closed","ping_status":"open","sticky":false,"template":"","format":"standard","meta":[],"categories":[34,74],"tags":[119,57,110],"_links":{"self":[{"href":"https:\/\/www.praha7.cz\/api\/wp\/v2\/posts\/73799"}],"collection":[{"href":"https:\/\/www.praha7.cz\/api\/wp\/v2\/posts"}],"about":[{"href":"https:\/\/www.praha7.cz\/api\/wp\/v2\/types\/post"}],"author":[{"embeddable":true,"href":"https:\/\/www.praha7.cz\/api\/wp\/v2\/users\/251"}],"replies":[{"embeddable":true,"href":"https:\/\/www.praha7.cz\/api\/wp\/v2\/comments?post=73799"}],"version-history":[{"count":9,"href":"https:\/\/www.praha7.cz\/api\/wp\/v2\/posts\/73799\/revisions"}],"predecessor-version":[{"id":81782,"href":"https:\/\/www.praha7.cz\/api\/wp\/v2\/posts\/73799\/revisions\/81782"}],"wp:featuredmedia":[{"embeddable":true,"href":"https:\/\/www.praha7.cz\/api\/wp\/v2\/media\/73805"}],"wp:attachment":[{"href":"https:\/\/www.praha7.cz\/api\/wp\/v2\/media?parent=73799"}],"wp:term":[{"taxonomy":"category","embeddable":true,"href":"https:\/\/www.praha7.cz\/api\/wp\/v2\/categories?post=73799"},{"taxonomy":"post_tag","embeddable":true,"href":"https:\/\/www.praha7.cz\/api\/wp\/v2\/tags?post=73799"}],"curies":[{"name":"wp","href":"https:\/\/api.w.org\/{rel}","templated":true}]}}