    
{"id":73433,"date":"2023-11-29T10:49:41","date_gmt":"2023-11-29T09:49:41","guid":{"rendered":"https:\/\/www.praha7.cz\/?p=73433"},"modified":"2024-02-05T15:55:37","modified_gmt":"2024-02-05T14:55:37","slug":"praha-7-obdrzela-oceneni-za-integraci-cizincu","status":"publish","type":"post","link":"https:\/\/www.praha7.cz\/praha-7-obdrzela-oceneni-za-integraci-cizincu\/","title":{"rendered":"Praha&nbsp;7 obdr\u017eela ocen\u011bn\u00ed za integraci cizinc\u016f"},"content":{"rendered":"<p>[perex]<\/p>\r\n<p>Dne 28.&nbsp;listopadu 2024 obdr\u017eela M\u011bstsk\u00e1 \u010d\u00e1st Praha&nbsp;7 ocen\u011bn\u00ed Ministerstva vnitra \u010cR a&nbsp;\u00da\u0159adu Vysok\u00e9ho komisa\u0159e p\u0159i OSN pro uprchl\u00edky za podporu integrace na municip\u00e1ln\u00ed \u00farovni.<\/p>\r\n<p>Ocen\u011bn\u00ed reflektuje p\u0159edev\u0161\u00edm intenzivn\u00ed dlouhodobou pomoc rodin\u00e1m, kter\u00e9 v\u00a0Praze 7 na\u0161ly \u00fato\u010di\u0161t\u011b p\u0159ed v\u00e1lkou na Ukrajin\u011b. \u00a0<\/p>\r\n<p>[\/perex]<\/p>","protected":false},"excerpt":{"rendered":"[perex] Dne 28.&nbsp;listopadu 2024 obdr\u017eela M\u011bstsk\u00e1 \u010d\u00e1st Praha&nbsp;7 ocen\u011bn\u00ed Ministerstva vnitra \u010cR a&nbsp;\u00da\u0159adu Vysok\u00e9ho komisa\u0159e p\u0159i OSN pro uprchl\u00edky za podporu integrace na municip\u00e1ln\u00ed \u00farovni. Ocen\u011bn\u00ed reflektuje p\u0159edev\u0161\u00edm intenzivn\u00ed dlouhodobou pomoc rodin\u00e1m, kter\u00e9 v\u00a0Praze 7 na\u0161ly \u00fato\u010di\u0161t\u011b p\u0159ed v\u00e1lkou na Ukrajin\u011b. \u00a0 [\/perex]","protected":false},"author":5,"featured_media":73434,"comment_status":"closed","ping_status":"open","sticky":false,"template":"","format":"standard","meta":[],"categories":[34],"tags":[],"_links":{"self":[{"href":"https:\/\/www.praha7.cz\/api\/wp\/v2\/posts\/73433"}],"collection":[{"href":"https:\/\/www.praha7.cz\/api\/wp\/v2\/posts"}],"about":[{"href":"https:\/\/www.praha7.cz\/api\/wp\/v2\/types\/post"}],"author":[{"embeddable":true,"href":"https:\/\/www.praha7.cz\/api\/wp\/v2\/users\/5"}],"replies":[{"embeddable":true,"href":"https:\/\/www.praha7.cz\/api\/wp\/v2\/comments?post=73433"}],"version-history":[{"count":1,"href":"https:\/\/www.praha7.cz\/api\/wp\/v2\/posts\/73433\/revisions"}],"predecessor-version":[{"id":73435,"href":"https:\/\/www.praha7.cz\/api\/wp\/v2\/posts\/73433\/revisions\/73435"}],"wp:featuredmedia":[{"embeddable":true,"href":"https:\/\/www.praha7.cz\/api\/wp\/v2\/media\/73434"}],"wp:attachment":[{"href":"https:\/\/www.praha7.cz\/api\/wp\/v2\/media?parent=73433"}],"wp:term":[{"taxonomy":"category","embeddable":true,"href":"https:\/\/www.praha7.cz\/api\/wp\/v2\/categories?post=73433"},{"taxonomy":"post_tag","embeddable":true,"href":"https:\/\/www.praha7.cz\/api\/wp\/v2\/tags?post=73433"}],"curies":[{"name":"wp","href":"https:\/\/api.w.org\/{rel}","templated":true}]}}