    
{"id":73430,"date":"2024-02-06T10:47:58","date_gmt":"2024-02-06T09:47:58","guid":{"rendered":"https:\/\/www.praha7.cz\/?p=73430"},"modified":"2024-02-06T11:34:40","modified_gmt":"2024-02-06T10:34:40","slug":"zveme-na-dny-otevrenych-dveri-materskych-a-zakladnich-skol","status":"publish","type":"post","link":"https:\/\/www.praha7.cz\/zveme-na-dny-otevrenych-dveri-materskych-a-zakladnich-skol\/","title":{"rendered":"Dny otev\u0159en\u00fdch dve\u0159\u00ed mate\u0159sk\u00fdch a&nbsp;z\u00e1kladn\u00edch \u0161kol"},"content":{"rendered":"<p>[perex]<\/p>\r\n<p>\u010cek\u00e1 va\u0161e d\u00edt\u011b letos n\u00e1stup do mate\u0159sk\u00e9 nebo z\u00e1kladn\u00ed \u0161koly? Cht\u011bli byste se l\u00e9pe zorientovat v&nbsp;nab\u00eddce p\u0159ed\u0161koln\u00edho \u010di z\u00e1kladn\u00edho vzd\u011bl\u00e1v\u00e1n\u00ed na Sedmi\u010dce? Dny otev\u0159en\u00fdch dve\u0159\u00ed jsou ide\u00e1ln\u00ed p\u0159\u00edle\u017eitost, jak se bl\u00ed\u017ee sezn\u00e1mit s&nbsp;m\u00edstn\u00edmi \u0161kolkami a&nbsp;\u0161kolami. Podrobn\u00fd p\u0159ehled dn\u016f otev\u0159en\u00fdch dve\u0159\u00ed naleznete <a href=\"https:\/\/www.praha7.cz\/potrebuji-zaridit\/skolstvi\/dny-otevrenych-dveri-na-ms-a-zs\/\">zde<\/a>.<\/p>\r\n<p>[\/perex]<\/p>","protected":false},"excerpt":{"rendered":"[perex] \u010cek\u00e1 va\u0161e d\u00edt\u011b letos n\u00e1stup do mate\u0159sk\u00e9 nebo z\u00e1kladn\u00ed \u0161koly? Cht\u011bli byste se l\u00e9pe zorientovat v&nbsp;nab\u00eddce p\u0159ed\u0161koln\u00edho \u010di z\u00e1kladn\u00edho vzd\u011bl\u00e1v\u00e1n\u00ed na Sedmi\u010dce? Dny otev\u0159en\u00fdch dve\u0159\u00ed jsou ide\u00e1ln\u00ed p\u0159\u00edle\u017eitost, jak se bl\u00ed\u017ee sezn\u00e1mit s&nbsp;m\u00edstn\u00edmi \u0161kolkami a&nbsp;\u0161kolami. Podrobn\u00fd p\u0159ehled dn\u016f otev\u0159en\u00fdch dve\u0159\u00ed naleznete zde. [\/perex]","protected":false},"author":251,"featured_media":73438,"comment_status":"closed","ping_status":"open","sticky":false,"template":"","format":"standard","meta":[],"categories":[34],"tags":[123,83],"_links":{"self":[{"href":"https:\/\/www.praha7.cz\/api\/wp\/v2\/posts\/73430"}],"collection":[{"href":"https:\/\/www.praha7.cz\/api\/wp\/v2\/posts"}],"about":[{"href":"https:\/\/www.praha7.cz\/api\/wp\/v2\/types\/post"}],"author":[{"embeddable":true,"href":"https:\/\/www.praha7.cz\/api\/wp\/v2\/users\/251"}],"replies":[{"embeddable":true,"href":"https:\/\/www.praha7.cz\/api\/wp\/v2\/comments?post=73430"}],"version-history":[{"count":2,"href":"https:\/\/www.praha7.cz\/api\/wp\/v2\/posts\/73430\/revisions"}],"predecessor-version":[{"id":73445,"href":"https:\/\/www.praha7.cz\/api\/wp\/v2\/posts\/73430\/revisions\/73445"}],"wp:featuredmedia":[{"embeddable":true,"href":"https:\/\/www.praha7.cz\/api\/wp\/v2\/media\/73438"}],"wp:attachment":[{"href":"https:\/\/www.praha7.cz\/api\/wp\/v2\/media?parent=73430"}],"wp:term":[{"taxonomy":"category","embeddable":true,"href":"https:\/\/www.praha7.cz\/api\/wp\/v2\/categories?post=73430"},{"taxonomy":"post_tag","embeddable":true,"href":"https:\/\/www.praha7.cz\/api\/wp\/v2\/tags?post=73430"}],"curies":[{"name":"wp","href":"https:\/\/api.w.org\/{rel}","templated":true}]}}