    
{"id":73176,"date":"2024-01-24T14:52:45","date_gmt":"2024-01-24T13:52:45","guid":{"rendered":"https:\/\/www.praha7.cz\/?p=73176"},"modified":"2024-01-24T14:53:25","modified_gmt":"2024-01-24T13:53:25","slug":"73176-2","status":"publish","type":"post","link":"https:\/\/www.praha7.cz\/73176-2\/","title":{"rendered":"D\u011bti v&nbsp;roli dobrovoln\u00edk\u016f"},"content":{"rendered":"<p>[perex]<\/p>\r\n<p>V z\u00e1\u0159\u00ed 2023 zah\u00e1jil Nada\u010dn\u00ed fond Agora 7 inspirativn\u00ed spolupr\u00e1ci se Z\u0160 TGM na Ortenov\u011b n\u00e1m\u011bst\u00ed. C\u00edlem t\u00e9to aktivity je rozv\u00edjet dobrovolnictv\u00ed mezi d\u011btmi. Do projektu jsou zapojeni \u017e\u00e1ci 1.&nbsp;i&nbsp;2.&nbsp;stupn\u011b z\u00e1kladn\u00ed \u0161koly, kte\u0159\u00ed maj\u00ed z\u00e1jem pom\u00e1hat a&nbsp;z\u00edsk\u00e1vat nov\u00e9 zku\u0161enosti.<\/p>\r\n<p>[\/perex]<\/p>\r\n<p>Desetilet\u00fd J\u00e1chym sed\u00ed p\u0159ed t\u0159\u00eddou prv\u0148\u00e1\u010dk\u016f a&nbsp;\u010dte. Trochu se mu t\u0159ese hlas, ale d\u011bti poslouchaj\u00ed a&nbsp;vn\u00edmaj\u00ed p\u0159\u00edb\u011bh a&nbsp;p\u0159itom obdivuj\u00ed star\u0161\u00edho spolu\u017e\u00e1ka. Kdy\u017e J\u00e1chym\u016fv \u00fakol, p\u0159ed\u010d\u00edt\u00e1n\u00ed mlad\u0161\u00edm spolu\u017e\u00e1k\u016fm, skon\u010d\u00ed, vid\u00ed, \u017ee navzdory v\u0161\u00ed tr\u00e9m\u011b to zvl\u00e1dl a&nbsp;m\u011bl \u00fasp\u011bch. P\u0159\u00ed\u0161t\u011b u\u017e se bude jen t\u011b\u0161it.<\/p>\r\n<p>\u010ctrn\u00e1ctilet\u00e1 Laura pravideln\u011b nav\u0161t\u011bvuje seniory v&nbsp;soci\u00e1ln\u011b odleh\u010dovac\u00edm centru. Poprv\u00e9 se zde setk\u00e1v\u00e1 s&nbsp;k\u0159ehk\u00fdmi lidmi v&nbsp;seniorsk\u00e9m v\u011bku. Ti mluv\u00ed trochu jin\u00fdm jazykem a&nbsp;ob\u010das reaguj\u00ed jinak, ne\u017e je Laura zvykl\u00e1. Je t\u0159eba nau\u010dit se b\u00fdt tolerantn\u00ed. A&nbsp;tak\u00e9 z\u00edskat podporu a&nbsp;vysv\u011btlen\u00ed od dosp\u011bl\u00fdch. Potom u\u017e v\u00ed, \u017ee n\u011bkdy mus\u00ed mluvit dost nahlas a\u00a0neposp\u00edchat. A\u00a0tak\u00e9 pozoruje, jak se na ni m\u00edstn\u00ed poka\u017ed\u00e9 t\u011b\u0161\u00ed.<\/p>\r\n<p>J\u00e1chym a&nbsp;Laura jsou \u017e\u00e1ci, kte\u0159\u00ed se zapojili do dobrovolnick\u00e9ho programu Z\u0160 TGM Ortenovo n\u00e1m\u011bst\u00ed.<\/p>\r\n<p>D\u011btem se d\u00edky programu otev\u00edr\u00e1 p\u0159\u00edle\u017eitost zapojit se do nejr\u016fzn\u011bj\u0161\u00edch aktivit, kter\u00e9 p\u0159isp\u00edvaj\u00ed ke zkvalit\u0148ov\u00e1n\u00ed prost\u0159ed\u00ed a&nbsp;\u017eivota lid\u00ed \u017eij\u00edc\u00edch v&nbsp;jejich okol\u00ed. Aktivity prob\u00edhaj\u00ed kontinu\u00e1ln\u011b a&nbsp;pravideln\u011b od za\u010d\u00e1tku \u0161koln\u00edho roku 2023\/24. Do spolupr\u00e1ce je zapojeno veden\u00ed M\u011bstsk\u00e9 \u010d\u00e1sti Praha&nbsp;7, Pe\u010dovatelsk\u00e9 centrum Prahy&nbsp;7, Dobrovolnick\u00e9 centrum Agora 7, N\u00e1rodn\u00ed galerie a&nbsp;mnoho dal\u0161\u00edch m\u00edstn\u00edch akt\u00e9r\u016f.<\/p>\r\n<p>Mlad\u0161\u00ed d\u011bti pravideln\u011b p\u0159ipravuj\u00ed ovocn\u00e9 bal\u00ed\u010dky pro seniory, ukl\u00edzej\u00ed okol\u00ed \u0161koly, p\u0159ed\u010d\u00edtaj\u00ed mlad\u0161\u00edm spolu\u017e\u00e1k\u016fm, nav\u0161t\u011bvuj\u00ed seniory v&nbsp;Tusarov\u011b ulici. \u017d\u00e1ci 2.&nbsp;stupn\u011b ka\u017ed\u00fd t\u00fdden hodinu pom\u00e1haj\u00ed v&nbsp;N\u00e1rodn\u00ed galerii, doch\u00e1zej\u00ed za seniory do Pe\u010dovatelsk\u00e9ho centra v&nbsp;Kamenick\u00e9, p\u0159ed\u010d\u00edtaj\u00ed mlad\u0161\u00edm spolu\u017e\u00e1k\u016fm apod. Setk\u00e1vaj\u00ed se tak\u00e9 s&nbsp;dosp\u011bl\u00fdmi dobrovoln\u00edky z&nbsp;Dobrovolnick\u00e9ho centra Agory 7.<\/p>\r\n<p>Porozum\u011bn\u00ed \u017eivotn\u00edm hodnot\u00e1m<br \/>\r\nSou\u010d\u00e1st\u00ed projektu jsou doprovodn\u00e9 programy a&nbsp;workshopy pro d\u011bti, p\u0159i kter\u00fdch d\u011bti mohou zhodnotit sv\u00e9 nov\u00e9 zku\u0161enosti a&nbsp;z\u00edskan\u00e9 dovednosti, p\u0159em\u00fd\u0161let a&nbsp;pojmenov\u00e1vat, co jim konkr\u00e9tn\u00ed zku\u0161enost p\u0159inesla. D\u016fle\u017eit\u00fdm aspektem je tak\u00e9 rozvoj empatie u&nbsp;d\u011bt\u00ed, porozum\u011bn\u00ed \u017eivotn\u00edm hodnot\u00e1m a&nbsp;nalezen\u00ed vlastn\u00ed motivace pro aktivity nad r\u00e1mec v\u00fduky. A&nbsp;nejde jen o&nbsp;to nau\u010dit se pomoc nab\u00edzet, ale tak\u00e9 ji s\u00e1m p\u0159ij\u00edmat. Dobrovolnictv\u00ed se tak m\u016f\u017ee st\u00e1t samoz\u0159ejmou sou\u010d\u00e1st\u00ed jejich \u017eivota.<\/p>\r\n<p>D\u011bt\u0161t\u00ed dobrovoln\u00edci z\u00e1rove\u0148 z\u00edsk\u00e1vaj\u00ed zku\u0161enosti z&nbsp;nov\u00fdch prost\u0159ed\u00ed nebo z&nbsp;m\u00edst, kter\u00e1 dosud znaj\u00ed jen jako host\u00e9. Nap\u0159\u00edklad v&nbsp;N\u00e1rodn\u00ed galerii Praha se st\u00e1vaj\u00ed \u010dleny realiza\u010dn\u00edho t\u00fdmu doprovodn\u00fdch aktivit, u\u010d\u00ed se zodpov\u011bdnosti a&nbsp;p\u0159itom pozn\u00e1vaj\u00ed chod t\u00e9to instituce zevnit\u0159. Od \u00fanora 2024 je pl\u00e1nov\u00e1no zah\u00e1jen\u00ed spolupr\u00e1ce s&nbsp;N\u00e1rodn\u00edm technick\u00fdm muzeem. Mezi \u017e\u00e1ky jsou tyto nab\u00eddky velmi \u017e\u00e1dan\u00e9, t\u011b\u0161\u00ed je pozn\u00e1vat renomovan\u00e9 instituce a&nbsp;b\u00fdt jejich sou\u010d\u00e1st\u00ed. \u201eDobrovolni\u010dit d\u011bti za\u010daly minul\u00fd rok a&nbsp;od t\u00e9 doby u\u0161ly obrovsk\u00fd kus cesty,\u201c \u0159\u00edk\u00e1 Mgr. Zuzana Kysilkov\u00e1, z\u00e1stupkyn\u011b \u0159editele Z\u0160 T. G. Masaryka Praha&nbsp;7, a&nbsp;dopl\u0148uje: \u201eOrganiza\u010dn\u011b maj\u00ed dobrovolnictv\u00ed u&nbsp;n\u00e1s ve \u0161kole na starosti dv\u011b koordin\u00e1torky, kter\u00e9 komunikuj\u00ed s&nbsp;Agorou 7, domovy senior\u016f apod. Na\u0161i u\u010ditel\u00e9 i&nbsp;pan\u00ed vychovatelky se do tohoto programu s&nbsp;d\u011btmi zapojuj\u00ed opravdu s&nbsp;velkou chut\u00ed. Sna\u017e\u00edme se o&nbsp;to, aby d\u011bti za\u017eily dobr\u00fd pocit, radost z&nbsp;toho, \u017ee ud\u011blaly dobr\u00fd skutek.\u201c<\/p>\r\n<p><img loading=\"lazy\" src=\"https:\/\/www.praha7.cz\/wp-content\/uploads\/2024\/01\/IMG_4794-309x400.jpg\" alt=\"\" width=\"309\" height=\"400\" class=\"alignnone size-medium wp-image-73173\" srcset=\"https:\/\/www.praha7.cz\/wp-content\/uploads\/2024\/01\/IMG_4794-309x400.jpg 309w, https:\/\/www.praha7.cz\/wp-content\/uploads\/2024\/01\/IMG_4794.jpg 378w\" sizes=\"(max-width: 309px) 100vw, 309px\" \/><\/p>\r\n<p><strong>V\u00fdzvy v&nbsp;rovin\u011b komunikace<\/strong><br \/>\r\nVe\u0161ker\u00e9 aktivity by nebylo mo\u017en\u00e9 uskute\u010dnit bez aktivn\u00ed podpory zam\u011bstnanc\u016f organizac\u00ed, do kter\u00fdch d\u011bti doch\u00e1zej\u00ed pom\u00e1hat. D\u016fle\u017eit\u00e9 je pod\u011bkov\u00e1n\u00ed v\u0161em dosp\u011bl\u00fdm, kte\u0159\u00ed se neboj\u00ed spolupr\u00e1ce s&nbsp;d\u011btsk\u00fdmi dobrovoln\u00edky a&nbsp;sna\u017e\u00ed se hledat cesty, jak aktivn\u00ed pomoc \u017e\u00e1k\u016f uplatnit. Dobrovolnictv\u00ed ve \u0161kole je pro d\u011bti jedna z&nbsp;prvn\u00edch zku\u0161enost\u00ed s&nbsp;altruismem a&nbsp;m\u016f\u017ee b\u00fdt v\u00fdznamn\u00fdm impulzem pro jejich osobn\u00ed rozvoj a&nbsp;osamostatn\u011bn\u00ed. \u00da\u010dast v&nbsp;dobrovolnick\u00fdch \u010dinnostech d\u011btem umo\u017e\u0148uje projevit a&nbsp;vyu\u017e\u00edt jejich dovednosti a&nbsp;schopnosti. \u00dasp\u011b\u0161n\u00e9 dokon\u010den\u00ed dobrovolnick\u00fdch \u00fakol\u016f posiluje jejich sebev\u011bdom\u00ed a&nbsp;motivaci, vytv\u00e1\u0159\u00ed pozitivn\u00ed postoj k&nbsp;vlastn\u00edm schopnostem. Velkou v\u00fdzvou je pro d\u011bti tak\u00e9 pot\u0159eba komunikovat s&nbsp;nov\u00fdmi dosp\u011bl\u00fdmi kolegy jako s&nbsp;partnery, oslovovat n\u00e1v\u0161t\u011bvn\u00edky akc\u00ed, komunikovat s&nbsp;nov\u00fdmi lidmi, nab\u00edzet jim pomoc, informace. U\u010d\u00ed se p\u0159ekon\u00e1vat obavy a&nbsp;zji\u0161\u0165uj\u00ed, \u017ee to m\u00e1 smysl. \u201ePro tento \u0161koln\u00ed rok je na\u0161\u00edm c\u00edlem pilotn\u011b ov\u011b\u0159it funk\u010dnost nastaven\u00e9ho modelu a&nbsp;spolupr\u00e1ce se \u0161kolou,\u201c \u0159\u00edk\u00e1 koordin\u00e1torka a&nbsp;propag\u00e1torka dobrovolnictv\u00ed Monika Plz\u00e1kov\u00e1 a&nbsp;dod\u00e1v\u00e1: \u201eVytvo\u0159\u00edme tak\u00e9 metodickou p\u0159\u00edru\u010dku, kter\u00e1 m\u016f\u017ee slou\u017eit i&nbsp;jako z\u00e1kladn\u00ed inspira\u010dn\u00ed materi\u00e1l pro \u0161koly a&nbsp;dal\u0161\u00ed zapojen\u00e9 subjekty (nejen) v&nbsp;Praze 7.\u201c<\/p>\r\n<p>T\u00e9ma dobrovolnictv\u00ed pl\u00e1nuje m\u011bstsk\u00e1 \u010d\u00e1st rozv\u00edjet i&nbsp;na dal\u0161\u00edch \u0161kol\u00e1ch. N\u011bkter\u00e9 ji\u017e v&nbsp;sou\u010dasn\u00e9 dob\u011b spolupr\u00e1ci s&nbsp;r\u016fzn\u00fdmi organizacemi provozuj\u00ed a&nbsp;tato aktivita je mezi \u017e\u00e1ky velice obl\u00edben\u00e1.<\/p>\r\n<hr \/>\r\n<p>V\u00edce informac\u00ed z\u00edsk\u00e1te od <strong>Moniky Plz\u00e1kov\u00e9<\/strong>, <a href=\"mailto:monika@agora7.cz\" target=\"_blank\" rel=\"noopener\">monika@agora7.cz<\/a>. Projekt je realizov\u00e1n s&nbsp;podporou Nadace \u010cEZ, Hlavn\u00edho m\u011bsta Prahy a&nbsp;M\u010c Praha&nbsp;7.<\/p>","protected":false},"excerpt":{"rendered":"[perex] V&nbsp;z\u00e1\u0159\u00ed 2023 zah\u00e1jil Nada\u010dn\u00ed fond Agora 7 inspirativn\u00ed spolupr\u00e1ci se Z\u0160 TGM na Ortenov\u011b n\u00e1m\u011bst\u00ed. C\u00edlem t\u00e9to aktivity je rozv\u00edjet dobrovolnictv\u00ed mezi d\u011btmi. Do projektu jsou zapojeni \u017e\u00e1ci 1.&nbsp;i&nbsp;2.&nbsp;stupn\u011b z\u00e1kladn\u00ed \u0161koly, kte\u0159\u00ed maj\u00ed z\u00e1jem pom\u00e1hat a&nbsp;z\u00edsk\u00e1vat nov\u00e9 zku\u0161enosti. [\/perex] Desetilet\u00fd J\u00e1chym sed\u00ed p\u0159ed t\u0159\u00eddou prv\u0148\u00e1\u010dk\u016f a&nbsp;\u010dte. Trochu se mu t\u0159ese hlas, ale d\u011bti [&hellip;]","protected":false},"author":292,"featured_media":73169,"comment_status":"closed","ping_status":"open","sticky":false,"template":"","format":"standard","meta":[],"categories":[37],"tags":[],"_links":{"self":[{"href":"https:\/\/www.praha7.cz\/api\/wp\/v2\/posts\/73176"}],"collection":[{"href":"https:\/\/www.praha7.cz\/api\/wp\/v2\/posts"}],"about":[{"href":"https:\/\/www.praha7.cz\/api\/wp\/v2\/types\/post"}],"author":[{"embeddable":true,"href":"https:\/\/www.praha7.cz\/api\/wp\/v2\/users\/292"}],"replies":[{"embeddable":true,"href":"https:\/\/www.praha7.cz\/api\/wp\/v2\/comments?post=73176"}],"version-history":[{"count":3,"href":"https:\/\/www.praha7.cz\/api\/wp\/v2\/posts\/73176\/revisions"}],"predecessor-version":[{"id":73181,"href":"https:\/\/www.praha7.cz\/api\/wp\/v2\/posts\/73176\/revisions\/73181"}],"wp:featuredmedia":[{"embeddable":true,"href":"https:\/\/www.praha7.cz\/api\/wp\/v2\/media\/73169"}],"wp:attachment":[{"href":"https:\/\/www.praha7.cz\/api\/wp\/v2\/media?parent=73176"}],"wp:term":[{"taxonomy":"category","embeddable":true,"href":"https:\/\/www.praha7.cz\/api\/wp\/v2\/categories?post=73176"},{"taxonomy":"post_tag","embeddable":true,"href":"https:\/\/www.praha7.cz\/api\/wp\/v2\/tags?post=73176"}],"curies":[{"name":"wp","href":"https:\/\/api.w.org\/{rel}","templated":true}]}}