    
{"id":72974,"date":"2024-01-17T13:57:05","date_gmt":"2024-01-17T12:57:05","guid":{"rendered":"https:\/\/www.praha7.cz\/?p=72974"},"modified":"2024-01-17T13:57:05","modified_gmt":"2024-01-17T12:57:05","slug":"budte-soucasti-rodinneho-dne-prahy-7-2","status":"publish","type":"post","link":"https:\/\/www.praha7.cz\/budte-soucasti-rodinneho-dne-prahy-7-2\/","title":{"rendered":"Bu\u010fte sou\u010d\u00e1st\u00ed Rodinn\u00e9ho dne Prahy&nbsp;7"},"content":{"rendered":"<p>[perex]<\/p>\r\n<p>V ned\u011bli 9.&nbsp;\u010dervna 2024 se v&nbsp;are\u00e1lu V\u00fdstavi\u0161t\u011b Praha uskute\u010dn\u00ed osm\u00fd ro\u010dn\u00edk akce Rodinn\u00fd den Prahy&nbsp;7. B\u011bhem dne pln\u00e9ho z\u00e1bavy chce radnice p\u0159edstavit bohatou nab\u00eddku slu\u017eeb a&nbsp;produkt\u016f firem, \u017eivnostn\u00edk\u016f, spolk\u016f a&nbsp;instituc\u00ed p\u016fsob\u00edc\u00edch na \u00fazem\u00ed Sedmi\u010dky. Jste \u017eivnostn\u00edk \u010di tady vlastn\u00edte firmu? Za poplatek v\u00e1m bude poskytnut prostor v\u010detn\u011b technick\u00e9ho zaji\u0161t\u011bn\u00ed st\u00e1nku. V\u00edce informac\u00ed z\u00edsk\u00e1te na e-mailu <a href=\"mailto:program@navystavisti.cz\">program@navystavisti.cz<\/a>. T\u011b\u0161\u00edme se na v\u00e1s!<\/p>\r\n<p>[\/perex]<\/p>","protected":false},"excerpt":{"rendered":"[perex] V&nbsp;ned\u011bli 9.&nbsp;\u010dervna 2024 se v&nbsp;are\u00e1lu V\u00fdstavi\u0161t\u011b Praha uskute\u010dn\u00ed osm\u00fd ro\u010dn\u00edk akce Rodinn\u00fd den Prahy&nbsp;7. B\u011bhem dne pln\u00e9ho z\u00e1bavy chce radnice p\u0159edstavit bohatou nab\u00eddku slu\u017eeb a&nbsp;produkt\u016f firem, \u017eivnostn\u00edk\u016f, spolk\u016f a&nbsp;instituc\u00ed p\u016fsob\u00edc\u00edch na \u00fazem\u00ed Sedmi\u010dky. Jste \u017eivnostn\u00edk \u010di tady vlastn\u00edte firmu? Za poplatek v\u00e1m bude poskytnut prostor v\u010detn\u011b technick\u00e9ho zaji\u0161t\u011bn\u00ed st\u00e1nku. V\u00edce informac\u00ed z\u00edsk\u00e1te na [&hellip;]","protected":false},"author":251,"featured_media":72975,"comment_status":"closed","ping_status":"open","sticky":false,"template":"","format":"standard","meta":[],"categories":[34],"tags":[91,110],"_links":{"self":[{"href":"https:\/\/www.praha7.cz\/api\/wp\/v2\/posts\/72974"}],"collection":[{"href":"https:\/\/www.praha7.cz\/api\/wp\/v2\/posts"}],"about":[{"href":"https:\/\/www.praha7.cz\/api\/wp\/v2\/types\/post"}],"author":[{"embeddable":true,"href":"https:\/\/www.praha7.cz\/api\/wp\/v2\/users\/251"}],"replies":[{"embeddable":true,"href":"https:\/\/www.praha7.cz\/api\/wp\/v2\/comments?post=72974"}],"version-history":[{"count":1,"href":"https:\/\/www.praha7.cz\/api\/wp\/v2\/posts\/72974\/revisions"}],"predecessor-version":[{"id":72976,"href":"https:\/\/www.praha7.cz\/api\/wp\/v2\/posts\/72974\/revisions\/72976"}],"wp:featuredmedia":[{"embeddable":true,"href":"https:\/\/www.praha7.cz\/api\/wp\/v2\/media\/72975"}],"wp:attachment":[{"href":"https:\/\/www.praha7.cz\/api\/wp\/v2\/media?parent=72974"}],"wp:term":[{"taxonomy":"category","embeddable":true,"href":"https:\/\/www.praha7.cz\/api\/wp\/v2\/categories?post=72974"},{"taxonomy":"post_tag","embeddable":true,"href":"https:\/\/www.praha7.cz\/api\/wp\/v2\/tags?post=72974"}],"curies":[{"name":"wp","href":"https:\/\/api.w.org\/{rel}","templated":true}]}}