    
{"id":72832,"date":"2024-01-11T12:03:37","date_gmt":"2024-01-11T11:03:37","guid":{"rendered":"https:\/\/www.praha7.cz\/?p=72832"},"modified":"2024-01-15T15:04:24","modified_gmt":"2024-01-15T14:04:24","slug":"praha-7-letos-oslavi-140-let","status":"publish","type":"post","link":"https:\/\/www.praha7.cz\/praha-7-letos-oslavi-140-let\/","title":{"rendered":"Praha&nbsp;7 letos oslav\u00ed 140 let"},"content":{"rendered":"<p>[perex]<\/p>\r\n<p>V listopadu roku 1884 nastal historick\u00fd okam\u017eik. K&nbsp;Praze byla p\u0159ipojena obec, kter\u00e1 se jmenovala Hole\u0161ovice-Bubny. Tato obec se stala sedmou \u010d\u00e1st\u00ed \u010desk\u00e9 metropole. Rok 2024 se proto ponese ve znamen\u00ed oslav 140.&nbsp;narozenin Prahy&nbsp;7.<\/p>\r\n<p>[\/perex]<\/p>\r\n<p><em>\u201eLetos n\u00e1s \u010dek\u00e1 v\u00fdznamn\u00e9 v\u00fdro\u010d\u00ed, na podzim bude na\u0161e m\u011bstsk\u00e1 \u010d\u00e1st slavit 140 let. Ke kulat\u00fdm narozenin\u00e1m Prahy&nbsp;7 p\u0159ichyst\u00e1me v&nbsp;pr\u016fb\u011bhu roku \u0159adu kulturn\u00edch, spole\u010densk\u00fdch a&nbsp;vzpom\u00ednkov\u00fdch akc\u00ed, vyd\u00e1n\u00ed knihy, ud\u00edlen\u00ed \u010destn\u00fdch ob\u010danstv\u00ed a&nbsp;dal\u0161\u00ed ud\u00e1losti, kter\u00fdmi si toto v\u00fdznamn\u00e9 jubileum spole\u010dn\u011b s\u00a0na\u0161imi ob\u010dany p\u0159ipomeneme,\u201c<\/em> uvedl <em><strong>starosta Prahy&nbsp;7 Jan \u010ci\u017einsk\u00fd<\/strong><\/em>.<\/p>\r\n<p>Ji\u017e nyn\u00ed Praha&nbsp;7 zalo\u017eila tematickou facebookovou str\u00e1nku <a href=\"https:\/\/www.facebook.com\/profile.php?id=61554849371485\" target=\"_blank\" rel=\"noopener\">140 let Prahy&nbsp;7<\/a>, kde budou po cel\u00fd rok zve\u0159ej\u0148ov\u00e1ny dobov\u00e9 fotografie, dokumenty, obrazov\u00e9 a&nbsp;dal\u0161\u00ed materi\u00e1ly souvisej\u00edc\u00ed s&nbsp;histori\u00ed Sedmi\u010dky. Zaj\u00edmavostem z&nbsp;minulosti Prahy&nbsp;7 bude v\u011bnovan\u00e1 tak\u00e9 kniha, kter\u00e1 vyjde letos na podzim.<\/p>\r\n<p><em>\u201ePraha&nbsp;7 m\u00e1 za sebou bohatou a&nbsp;nesm\u00edrn\u011b zaj\u00edmavou historii. Sto \u010dty\u0159ic\u00e1t\u00e9 v\u00fdro\u010d\u00ed vn\u00edm\u00e1me jako ide\u00e1ln\u00ed p\u0159\u00edle\u017eitost, kdy se m\u016f\u017eeme ohl\u00e9dnout za t\u00edm, jak \u0161el \u010das s&nbsp;na\u0161\u00ed m\u011bstskou \u010d\u00e1st\u00ed a&nbsp;p\u0159ipomenout si jej\u00ed v\u00fdvoj a&nbsp;prom\u011bny. Kniha se bude v\u011bnovat zaj\u00edmav\u00fdm ud\u00e1lostem, m\u00edst\u016fm a&nbsp;osobnostem spojen\u00fdm s&nbsp;Prahou 7 a&nbsp;p\u0159inese nev\u0161edn\u00ed pohledy do \u017eivota v&nbsp;na\u0161\u00ed \u010dtvrti,\u201c<\/em> \u0159ekla <em><strong>m\u00edstostarostka Prahy&nbsp;7 Hana T\u0159e\u0161t\u00edkov\u00e1<\/strong><\/em>, kter\u00e1 m\u00e1 v\u00a0gesci kulturu, sport a&nbsp;sousedsk\u00e9 vztahy.<\/p>\r\n<p>V duchu oslav 140.&nbsp;narozenin m\u011bstsk\u00e9 \u010d\u00e1sti se ponesou tak\u00e9 tradi\u010dn\u00ed akce, jako je Rodinn\u00fd den Prahy&nbsp;7 na V\u00fdstavi\u0161ti, festival M\u00e1me otev\u0159eno, Jarn\u00ed koncert Prahy&nbsp;7 \u010di d\u011btsk\u00fd program Po \u0161kole na Koloto\u010d. Sedmi\u010dka p\u0159ipravuje rovn\u011b\u017e tematick\u00e9 v\u00fdstavy, ocen\u011bn\u00ed z\u00e1chrann\u00fdch a&nbsp;bezpe\u010dnostn\u00edch slo\u017eek a&nbsp;dal\u0161\u00ed ud\u00e1losti. Na podzim pak oslavy vyvrchol\u00ed ud\u00edlen\u00edm \u010destn\u00fdch ob\u010danstv\u00ed a&nbsp;cen Prahy&nbsp;7.<\/p>\r\n\r\n<figure id=\"attachment_72834\" aria-describedby=\"caption-attachment-72834\" style=\"width: 640px\" class=\"wp-caption alignnone\"><img loading=\"lazy\" src=\"https:\/\/www.praha7.cz\/wp-content\/uploads\/2024\/01\/03b-zakon-1884-01-964x1000.jpg\" alt=\"\" width=\"640\" height=\"664\" class=\"wp-image-72834 size-large\" srcset=\"https:\/\/www.praha7.cz\/wp-content\/uploads\/2024\/01\/03b-zakon-1884-01-964x1000.jpg 964w, https:\/\/www.praha7.cz\/wp-content\/uploads\/2024\/01\/03b-zakon-1884-01-386x400.jpg 386w, https:\/\/www.praha7.cz\/wp-content\/uploads\/2024\/01\/03b-zakon-1884-01-768x797.jpg 768w, https:\/\/www.praha7.cz\/wp-content\/uploads\/2024\/01\/03b-zakon-1884-01-1481x1536.jpg 1481w, https:\/\/www.praha7.cz\/wp-content\/uploads\/2024\/01\/03b-zakon-1884-01-1974x2048.jpg 1974w\" sizes=\"(max-width: 640px) 100vw, 640px\" \/><figcaption id=\"caption-attachment-72834\" class=\"wp-caption-text\">Z\u00e1kon o&nbsp;slou\u010den\u00ed obce Hole\u0161ovice-Bubny s&nbsp;kr\u00e1lovsk\u00fdm hlavn\u00edm m\u011bstem Prahou<\/figcaption><\/figure>","protected":false},"excerpt":{"rendered":"[perex] V&nbsp;listopadu roku 1884 nastal historick\u00fd okam\u017eik. K&nbsp;Praze byla p\u0159ipojena obec, kter\u00e1 se jmenovala Hole\u0161ovice-Bubny. Tato obec se stala sedmou \u010d\u00e1st\u00ed \u010desk\u00e9 metropole. Rok 2024 se proto ponese ve znamen\u00ed oslav 140.&nbsp;narozenin Prahy&nbsp;7. [\/perex] \u201eLetos n\u00e1s \u010dek\u00e1 v\u00fdznamn\u00e9 v\u00fdro\u010d\u00ed, na podzim bude na\u0161e m\u011bstsk\u00e1 \u010d\u00e1st slavit 140 let. Ke kulat\u00fdm narozenin\u00e1m Prahy&nbsp;7 p\u0159ichyst\u00e1me v&nbsp;pr\u016fb\u011bhu [&hellip;]","protected":false},"author":251,"featured_media":72836,"comment_status":"closed","ping_status":"open","sticky":false,"template":"","format":"standard","meta":[],"categories":[34,74],"tags":[106,94,91,110],"_links":{"self":[{"href":"https:\/\/www.praha7.cz\/api\/wp\/v2\/posts\/72832"}],"collection":[{"href":"https:\/\/www.praha7.cz\/api\/wp\/v2\/posts"}],"about":[{"href":"https:\/\/www.praha7.cz\/api\/wp\/v2\/types\/post"}],"author":[{"embeddable":true,"href":"https:\/\/www.praha7.cz\/api\/wp\/v2\/users\/251"}],"replies":[{"embeddable":true,"href":"https:\/\/www.praha7.cz\/api\/wp\/v2\/comments?post=72832"}],"version-history":[{"count":5,"href":"https:\/\/www.praha7.cz\/api\/wp\/v2\/posts\/72832\/revisions"}],"predecessor-version":[{"id":72842,"href":"https:\/\/www.praha7.cz\/api\/wp\/v2\/posts\/72832\/revisions\/72842"}],"wp:featuredmedia":[{"embeddable":true,"href":"https:\/\/www.praha7.cz\/api\/wp\/v2\/media\/72836"}],"wp:attachment":[{"href":"https:\/\/www.praha7.cz\/api\/wp\/v2\/media?parent=72832"}],"wp:term":[{"taxonomy":"category","embeddable":true,"href":"https:\/\/www.praha7.cz\/api\/wp\/v2\/categories?post=72832"},{"taxonomy":"post_tag","embeddable":true,"href":"https:\/\/www.praha7.cz\/api\/wp\/v2\/tags?post=72832"}],"curies":[{"name":"wp","href":"https:\/\/api.w.org\/{rel}","templated":true}]}}