    
{"id":72827,"date":"2024-01-11T10:51:44","date_gmt":"2024-01-11T09:51:44","guid":{"rendered":"https:\/\/www.praha7.cz\/?p=72827"},"modified":"2024-02-02T12:01:57","modified_gmt":"2024-02-02T11:01:57","slug":"se-starostou-u-stolu-v-unoru-na-letne","status":"publish","type":"post","link":"https:\/\/www.praha7.cz\/se-starostou-u-stolu-v-unoru-na-letne\/","title":{"rendered":"Se starostou u&nbsp;stolu \u2013 v&nbsp;\u00fanoru na Letn\u00e9"},"content":{"rendered":"<p>[perex]<\/p>\r\n<p>Prvn\u00ed leto\u0161n\u00ed setk\u00e1n\u00ed se starostou a&nbsp;radn\u00edmi se uskute\u010dn\u00ed ve \u010dtvrtek 1.&nbsp;\u00fanora 2024 od 18 do 20 hodin v&nbsp;salonku restaurace <a href=\"https:\/\/letenskytulipan.cz\/\" target=\"_blank\" rel=\"noopener\">Letensk\u00fd tulip\u00e1n<\/a> (M. Hor\u00e1kov\u00e9 83).<\/p>\r\n<p>P\u0159ij\u010fte kdykoli v&nbsp;uveden\u00e9m \u010dasov\u00e9m rozmez\u00ed a&nbsp;ptejte se na to, co v\u00e1s zaj\u00edm\u00e1. Jste srde\u010dn\u011b zv\u00e1ni.<\/p>\r\n<p>[\/perex]<\/p>","protected":false},"excerpt":{"rendered":"[perex] Prvn\u00ed leto\u0161n\u00ed setk\u00e1n\u00ed se starostou a&nbsp;radn\u00edmi se uskute\u010dn\u00ed ve \u010dtvrtek 1.&nbsp;\u00fanora 2024 od 18 do 20 hodin v&nbsp;salonku restaurace Letensk\u00fd tulip\u00e1n (M. Hor\u00e1kov\u00e9 83). P\u0159ij\u010fte kdykoli v&nbsp;uveden\u00e9m \u010dasov\u00e9m rozmez\u00ed a&nbsp;ptejte se na to, co v\u00e1s zaj\u00edm\u00e1. Jste srde\u010dn\u011b zv\u00e1ni. [\/perex]","protected":false},"author":251,"featured_media":72829,"comment_status":"closed","ping_status":"open","sticky":false,"template":"","format":"standard","meta":[],"categories":[34],"tags":[84,110],"_links":{"self":[{"href":"https:\/\/www.praha7.cz\/api\/wp\/v2\/posts\/72827"}],"collection":[{"href":"https:\/\/www.praha7.cz\/api\/wp\/v2\/posts"}],"about":[{"href":"https:\/\/www.praha7.cz\/api\/wp\/v2\/types\/post"}],"author":[{"embeddable":true,"href":"https:\/\/www.praha7.cz\/api\/wp\/v2\/users\/251"}],"replies":[{"embeddable":true,"href":"https:\/\/www.praha7.cz\/api\/wp\/v2\/comments?post=72827"}],"version-history":[{"count":2,"href":"https:\/\/www.praha7.cz\/api\/wp\/v2\/posts\/72827\/revisions"}],"predecessor-version":[{"id":72830,"href":"https:\/\/www.praha7.cz\/api\/wp\/v2\/posts\/72827\/revisions\/72830"}],"wp:featuredmedia":[{"embeddable":true,"href":"https:\/\/www.praha7.cz\/api\/wp\/v2\/media\/72829"}],"wp:attachment":[{"href":"https:\/\/www.praha7.cz\/api\/wp\/v2\/media?parent=72827"}],"wp:term":[{"taxonomy":"category","embeddable":true,"href":"https:\/\/www.praha7.cz\/api\/wp\/v2\/categories?post=72827"},{"taxonomy":"post_tag","embeddable":true,"href":"https:\/\/www.praha7.cz\/api\/wp\/v2\/tags?post=72827"}],"curies":[{"name":"wp","href":"https:\/\/api.w.org\/{rel}","templated":true}]}}