    
{"id":72641,"date":"2024-01-04T13:57:37","date_gmt":"2024-01-04T12:57:37","guid":{"rendered":"https:\/\/www.praha7.cz\/?p=72641"},"modified":"2024-01-19T11:09:24","modified_gmt":"2024-01-19T10:09:24","slug":"kurzy-jaro24","status":"publish","type":"post","link":"https:\/\/www.praha7.cz\/kurzy-jaro24\/","title":{"rendered":"Po\u010d\u00edta\u010dov\u00e9 a&nbsp;jazykov\u00e9 kurzy pro seniory v&nbsp;P\u0159\u00edstavu 7"},"content":{"rendered":"<p>[perex]<\/p>\r\n<p>Tak\u00e9 v&nbsp;roce 2024 pokra\u010duj\u00ed obl\u00edben\u00e9 kurzy pr\u00e1ce na po\u010d\u00edta\u010di, pr\u00e1ce s&nbsp;tablety a&nbsp;chytr\u00fdmi telefony a&nbsp;lekce ciz\u00edch jazyk\u016f.\u00a0 P\u0159ipravujeme je ve spolupr\u00e1ci s&nbsp;vzd\u011bl\u00e1vac\u00edm a&nbsp;kulturn\u00edm centrem <a href=\"https:\/\/www.elpida.cz\/pristav7\" target=\"_blank\" rel=\"noopener\">P\u0159\u00edstav 7<\/a> a&nbsp;jsou ur\u010deny pro ob\u010dany nad 60 let trvale bydl\u00edc\u00ed na Sedmi\u010dce.\u00a0 Kurzy jsou zdarma, \u00fa\u010dastn\u00edci hrad\u00ed pouze jednor\u00e1zov\u00fd regula\u010dn\u00ed registra\u010dn\u00ed poplatek ve v\u00fd\u0161i 50&nbsp;K\u010d na osobu na m\u00edst\u011b p\u0159i registraci. <strong>Registrace prob\u011bhne v&nbsp;p\u00e1tek 19.&nbsp;ledna 2024 od 9.00 do 13.00 hodin v&nbsp;P\u0159\u00edstavu 7.<\/strong>\u00a0<\/p>\r\n<p>[\/perex]<\/p>\r\n<h3><span style=\"text-decoration: underline; color: #000000;\">PO\u010c\u00cdTA\u010cOV\u00c9 KURZY<\/span><br \/>\r\n<br \/>\r\n<\/h3>\r\n<p><strong>Po\u010d\u00edta\u010dov\u00e9 kurzy<\/strong><\/p>\r\n<table height=\"123\" style=\"width: 839px;\">\r\n<tbody>\r\n<tr>\r\n<td style=\"width: 244px;\"><\/td>\r\n<td style=\"width: 161px;\"><\/td>\r\n<td style=\"width: 203px;\"><\/td>\r\n<td style=\"width: 203px;\"><\/td>\r\n<\/tr>\r\n<tr>\r\n<td style=\"width: 244px;\">Po\u010d\u00edta\u010de pro m\u00edrn\u011b pokro\u010dil\u00e9<\/td>\r\n<td style=\"width: 161px;\">\u010dtvrtek<\/td>\r\n<td style=\"width: 203px;\">11.15\u201313.15<\/td>\r\n<td style=\"width: 203px;\">8.&nbsp;2. \u2013 16.&nbsp;5.&nbsp;2024<\/td>\r\n<\/tr>\r\n<tr>\r\n<td style=\"width: 244px;\">Po\u010d\u00edta\u010de pro pokro\u010dil\u00e9\u00a0<\/td>\r\n<td style=\"width: 161px;\">\u010dtvrtek<\/td>\r\n<td style=\"width: 203px;\">14.00\u201316.00<\/td>\r\n<td style=\"width: 203px;\">8.&nbsp;2. \u2013 16.&nbsp;5.&nbsp;2024<\/td>\r\n<\/tr>\r\n<\/tbody>\r\n<\/table>\r\n<p>&nbsp;<\/p>\r\n<p><strong>Nau\u010dte se pracovat s&nbsp;tabletem nebo chytr\u00fdm telefonem\u00a0<\/strong><\/p>\r\n<table height=\"105\" style=\"width: 644px;\">\r\n<tbody>\r\n<tr>\r\n<td style=\"width: 159.562px;\"><\/td>\r\n<td style=\"width: 86.4375px;\"><\/td>\r\n<td style=\"width: 163px;\"><\/td>\r\n<td style=\"width: 152px;\"><\/td>\r\n<\/tr>\r\n<tr>\r\n<td style=\"width: 159.562px;\">Poprv\u00e9 s&nbsp;tabletem \/ chytr\u00fdm telefonem\u00a0<\/td>\r\n<td style=\"width: 86.4375px;\">\u00fater\u00fd<\/td>\r\n<td style=\"width: 163px;\">13.00\u201315.00<\/td>\r\n<td style=\"width: 152px;\">6.&nbsp;2. \u2013 14.&nbsp;5.&nbsp;2024<\/td>\r\n<\/tr>\r\n<tr>\r\n<td style=\"width: 159.562px;\">Tablety\/telefony pro za\u010d\u00e1te\u010dn\u00edky A\u00a0\u00a0<\/td>\r\n<td style=\"width: 86.4375px;\">pond\u011bl\u00ed<\/td>\r\n<td style=\"width: 163px;\">9.00\u201310.00<\/td>\r\n<td style=\"width: 152px;\">5.&nbsp;2. \u2013 20.&nbsp;5.&nbsp;2024<\/td>\r\n<\/tr>\r\n<tr>\r\n<td style=\"width: 159.562px;\">Tablety\/telefony pro za\u010d\u00e1te\u010dn\u00edky B<\/td>\r\n<td style=\"width: 86.4375px;\">\u00fater\u00fd<\/td>\r\n<td style=\"width: 163px;\">9.00\u201310.00<\/td>\r\n<td style=\"width: 152px;\">6.&nbsp;2. \u2013 14.&nbsp;5.&nbsp;2024<\/td>\r\n<\/tr>\r\n<tr>\r\n<td style=\"width: 159.562px;\">Tablety\/telefony pro m\u00edrn\u011b pokro\u010dil\u00e9 A\u00a0\u00a0<\/td>\r\n<td style=\"width: 86.4375px;\">pond\u011bl\u00ed<\/td>\r\n<td style=\"width: 163px;\">10.15\u201311.15\u00a0<\/td>\r\n<td style=\"width: 152px;\">5.&nbsp;2. \u2013 20.&nbsp;5.&nbsp;2024<\/td>\r\n<\/tr>\r\n<tr>\r\n<td style=\"width: 159.562px;\">Tablety\/telefony pro m\u00edrn\u011b pokro\u010dil\u00e9 B\u00a0\u00a0<\/td>\r\n<td style=\"width: 86.4375px;\">\u00fater\u00fd<\/td>\r\n<td style=\"width: 163px;\">10.15\u201311.15\u00a0<\/td>\r\n<td style=\"width: 152px;\">6.&nbsp;2. \u2013 14.&nbsp;5.&nbsp;2024<\/td>\r\n<\/tr>\r\n<tr>\r\n<td style=\"width: 159.562px;\">Tablety\/telefony pro pokro\u010dil\u00e9 A\u00a0 \u00a0\u00a0<\/td>\r\n<td style=\"width: 86.4375px;\">\u010dtvrtek<\/td>\r\n<td style=\"width: 163px;\">10.00\u201311.00\u00a0<\/td>\r\n<td style=\"width: 152px;\">8.&nbsp;2. \u2013 16.&nbsp;5.&nbsp;2024<\/td>\r\n<\/tr>\r\n<tr>\r\n<td style=\"width: 159.562px;\">Tablety\/telefony pro pokro\u010dil\u00e9 B<\/td>\r\n<td style=\"width: 86.4375px;\">\u00fater\u00fd<\/td>\r\n<td style=\"width: 163px;\">11.30\u201312.30<\/td>\r\n<td style=\"width: 152px;\">6.&nbsp;2. \u2013 14.&nbsp;5.&nbsp;2024<\/td>\r\n<\/tr>\r\n<\/tbody>\r\n<\/table>\r\n<p><em>Po\u010det m\u00edst je omezen. V\u00fduka bude prob\u00edhat ve skupin\u00e1ch v\u017edy o&nbsp;po\u010dtu max. 9 \u00fa\u010dastn\u00edk\u016f. Registrace na kurzy bude omezena na 1 po\u010d\u00edta\u010dov\u00fd\/tabletov\u00fd kurz na osobu. V&nbsp;p\u0159\u00edpad\u011b voln\u00e9 kapacity na jednotliv\u00fdch kurzech maj\u00ed mo\u017enost se p\u0159ihl\u00e1sit i&nbsp;z\u00e1jemci, kte\u0159\u00ed jsou ji\u017e na jin\u00fdch kurzech zaregistrovan\u00ed. V&nbsp;p\u0159\u00edpad\u011b absence v&nbsp;po\u010dtu t\u0159\u00ed lekc\u00ed bez omluvy je klient z&nbsp;kurzu automaticky odhl\u00e1\u0161en a&nbsp;uvol\u0148uje m\u00edsto n\u00e1hradn\u00edk\u016fm.<\/em><\/p>\r\n<hr \/>\r\n<h3><span style=\"text-decoration: underline; color: #000000;\"><span>JAZYKOV\u00c9 KURZY<\/span><\/span><\/h3>\r\n<p>&nbsp;<\/p>\r\n<p><strong>Anglick\u00fd jazyk<\/strong> | ka\u017ed\u00fd p\u00e1tek v&nbsp;term\u00ednu 2.&nbsp;2. \u2013 17.&nbsp;5.&nbsp;2024<\/p>\r\n<table height=\"198\" style=\"width: 592px;\">\r\n<tbody>\r\n<tr>\r\n<td style=\"width: 220px;\"><\/td>\r\n<td style=\"width: 71px;\"><\/td>\r\n<\/tr>\r\n<tr>\r\n<td style=\"width: 220px;\">Anglick\u00fd jazyk pro fale\u0161n\u00e9 za\u010d\u00e1te\u010dn\u00edky<\/td>\r\n<td style=\"width: 71px;\">9.00\u201310.00<\/td>\r\n<\/tr>\r\n<tr>\r\n<td style=\"width: 220px;\">Anglick\u00fd jazyk pro m\u00edrn\u011b pokro\u010dil\u00e9 \u00a0\u00a0\u00a0<\/td>\r\n<td style=\"width: 71px;\">10.15\u201311.15<\/td>\r\n<\/tr>\r\n<tr>\r\n<td style=\"width: 220px;\">Anglick\u00fd jazyk pro za\u010d\u00e1te\u010dn\u00edky\u00a0 \u00a0<\/td>\r\n<td style=\"width: 71px;\">11.30\u201312.30<\/td>\r\n<\/tr>\r\n<tr>\r\n<td style=\"width: 220px;\">Anglick\u00fd jazyk pro pokro\u010dil\u00e9\u00a0\u00a0<\/td>\r\n<td style=\"width: 71px;\">12.45\u201313.45<\/td>\r\n<\/tr>\r\n<tr>\r\n<td style=\"width: 220px;\">Konverzace<\/td>\r\n<td style=\"width: 71px;\">11.30\u201312.30<\/td>\r\n<\/tr>\r\n<\/tbody>\r\n<\/table>\r\n<p>&nbsp;<\/p>\r\n<p><strong>N\u011bmeck\u00fd jazyk<\/strong> | ka\u017ed\u00fd p\u00e1tek v&nbsp;term\u00ednu 2.&nbsp;2. \u2013 17.&nbsp;5.&nbsp;2024<\/p>\r\n<table height=\"131\" style=\"width: 517px;\">\r\n<tbody>\r\n<tr>\r\n<td style=\"width: 311px;\"><\/td>\r\n<td style=\"width: 190px;\"><\/td>\r\n<\/tr>\r\n<tr>\r\n<td style=\"width: 311px;\">N\u011bmeck\u00fd jazyk pro fale\u0161n\u00e9 za\u010d\u00e1te\u010dn\u00edky <br \/>\r\na&nbsp;m\u00edrn\u011b pokro\u010dil\u00e9<\/td>\r\n<td style=\"width: 190px;\">9.00\u201310.00<\/td>\r\n<\/tr>\r\n<tr>\r\n<td style=\"width: 311px;\">N\u011bmeck\u00fd jazyk pro pokro\u010dil\u00e9<\/td>\r\n<td style=\"width: 190px;\">10.15\u201311.15<\/td>\r\n<\/tr>\r\n<tr>\r\n<td style=\"width: 311px;\">Konverzace<\/td>\r\n<td style=\"width: 190px;\">11.30\u201312.30<\/td>\r\n<\/tr>\r\n<\/tbody>\r\n<\/table>\r\n<p>&nbsp;<\/p>\r\n<p><strong>Francouzsk\u00fd jazyk |<\/strong> v\u017edy ve st\u0159edu v&nbsp;term\u00ednu\u00a0\u00a07.&nbsp;2. \u2013 29.&nbsp;5.&nbsp;2024<\/p>\r\n<table style=\"width: 501px;\">\r\n<tbody>\r\n<tr style=\"height: 19.1094px;\">\r\n<td style=\"width: 412.547px; height: 19.1094px;\"><\/td>\r\n<td style=\"width: 301.453px; height: 19.1094px;\"><\/td>\r\n<\/tr>\r\n<tr style=\"height: 24px;\">\r\n<td style=\"width: 412.547px; height: 24px;\">Francouzsk\u00fd jazyk pro m\u00edrn\u011b pokro\u010dil\u00e9<\/td>\r\n<td style=\"width: 301.453px; height: 24px;\">15.45\u201316.45<\/td>\r\n<\/tr>\r\n<\/tbody>\r\n<\/table>\r\n<p>&nbsp;<\/p>\r\n<p><strong>Italsk\u00fd jazyk |<\/strong> v\u017edy ve st\u0159edu v&nbsp;term\u00ednu\u00a0\u00a07.&nbsp;2. \u2013 29.&nbsp;5.&nbsp;2024<\/p>\r\n<table style=\"width: 501px;\">\r\n<tbody>\r\n<tr style=\"height: 19.1094px;\">\r\n<td style=\"width: 412.547px; height: 19.1094px;\"><\/td>\r\n<td style=\"width: 301.453px; height: 19.1094px;\"><\/td>\r\n<\/tr>\r\n<tr style=\"height: 24px;\">\r\n<td style=\"width: 412.547px; height: 24px;\">Italsk\u00fd jazyk pro za\u010d\u00e1te\u010dn\u00edky<\/td>\r\n<td style=\"width: 301.453px; height: 24px;\">12.45\u201313.45<\/td>\r\n<\/tr>\r\n<\/tbody>\r\n<\/table>\r\n<p><em>Po\u010det m\u00edst je omezen. V\u00fduka bude prob\u00edhat ve skupin\u00e1ch o&nbsp;po\u010dtu max. 10 \u00fa\u010dastn\u00edk\u016f. Registrace na kurzy bude omezena na 1 jazykov\u00fd kurz na osobu. V&nbsp;p\u0159\u00edpad\u011b voln\u00e9 kapacity na jednotliv\u00fdch kurzech maj\u00ed mo\u017enost se p\u0159ihl\u00e1sit i&nbsp;z\u00e1jemci, kte\u0159\u00ed jsou ji\u017e na jin\u00fdch kurzech zaregistrovan\u00ed. V&nbsp;p\u0159\u00edpad\u011b absence v&nbsp;po\u010dtu t\u0159\u00ed lekc\u00ed bez omluvy je klient z&nbsp;kurzu automaticky odhl\u00e1\u0161en a&nbsp;uvol\u0148uje m\u00edsto n\u00e1hradn\u00edk\u016fm.<\/em><\/p>\r\n<hr \/>\r\n<p><strong>Spojen\u00ed do P\u0159\u00edstavu 7:<\/strong> tram 1, 6, 14, 25 \u2013 zast\u00e1vka Maniny nebo bus 156 \u2013 zast\u00e1vka P\u0159\u00edstav Hole\u0161ovice<\/p>\r\n<p><strong>Kontakt:<\/strong> tel. 222&nbsp;264&nbsp;846, e-mail: <a href=\"mailto:pristav7@elpida.cz\">pristav7@elpida.cz<\/a><\/p>\r\n<p>&nbsp;<\/p>","protected":false},"excerpt":{"rendered":"[perex] Tak\u00e9 v&nbsp;roce 2024 pokra\u010duj\u00ed obl\u00edben\u00e9 kurzy pr\u00e1ce na po\u010d\u00edta\u010di, pr\u00e1ce s&nbsp;tablety a&nbsp;chytr\u00fdmi telefony a&nbsp;lekce ciz\u00edch jazyk\u016f.\u00a0 P\u0159ipravujeme je ve spolupr\u00e1ci s&nbsp;vzd\u011bl\u00e1vac\u00edm a&nbsp;kulturn\u00edm centrem P\u0159\u00edstav 7 a&nbsp;jsou ur\u010deny pro ob\u010dany nad 60 let trvale bydl\u00edc\u00ed na Sedmi\u010dce.\u00a0 Kurzy jsou zdarma, \u00fa\u010dastn\u00edci hrad\u00ed pouze jednor\u00e1zov\u00fd regula\u010dn\u00ed registra\u010dn\u00ed poplatek ve v\u00fd\u0161i 50&nbsp;K\u010d na osobu na m\u00edst\u011b p\u0159i [&hellip;]","protected":false},"author":251,"featured_media":63607,"comment_status":"closed","ping_status":"open","sticky":false,"template":"","format":"standard","meta":[],"categories":[34],"tags":[115,91,110],"_links":{"self":[{"href":"https:\/\/www.praha7.cz\/api\/wp\/v2\/posts\/72641"}],"collection":[{"href":"https:\/\/www.praha7.cz\/api\/wp\/v2\/posts"}],"about":[{"href":"https:\/\/www.praha7.cz\/api\/wp\/v2\/types\/post"}],"author":[{"embeddable":true,"href":"https:\/\/www.praha7.cz\/api\/wp\/v2\/users\/251"}],"replies":[{"embeddable":true,"href":"https:\/\/www.praha7.cz\/api\/wp\/v2\/comments?post=72641"}],"version-history":[{"count":2,"href":"https:\/\/www.praha7.cz\/api\/wp\/v2\/posts\/72641\/revisions"}],"predecessor-version":[{"id":72649,"href":"https:\/\/www.praha7.cz\/api\/wp\/v2\/posts\/72641\/revisions\/72649"}],"wp:featuredmedia":[{"embeddable":true,"href":"https:\/\/www.praha7.cz\/api\/wp\/v2\/media\/63607"}],"wp:attachment":[{"href":"https:\/\/www.praha7.cz\/api\/wp\/v2\/media?parent=72641"}],"wp:term":[{"taxonomy":"category","embeddable":true,"href":"https:\/\/www.praha7.cz\/api\/wp\/v2\/categories?post=72641"},{"taxonomy":"post_tag","embeddable":true,"href":"https:\/\/www.praha7.cz\/api\/wp\/v2\/tags?post=72641"}],"curies":[{"name":"wp","href":"https:\/\/api.w.org\/{rel}","templated":true}]}}