    
{"id":72363,"date":"2023-12-20T15:08:39","date_gmt":"2023-12-20T14:08:39","guid":{"rendered":"https:\/\/www.praha7.cz\/?p=72363"},"modified":"2023-12-20T15:08:39","modified_gmt":"2023-12-20T14:08:39","slug":"vystraha-pred-silnym-a-velmi-silnym-vetrem","status":"publish","type":"post","link":"https:\/\/www.praha7.cz\/vystraha-pred-silnym-a-velmi-silnym-vetrem\/","title":{"rendered":"V\u00fdstraha p\u0159ed siln\u00fdm a&nbsp;velmi siln\u00fdm v\u011btrem"},"content":{"rendered":"<p>[perex]<\/p>\r\n<p>Upozor\u0148ujeme na siln\u00fd a&nbsp;velmi siln\u00fd v\u00edtr v&nbsp;pr\u016fb\u011bhu \u010dtvrtka 21.&nbsp;prosince a&nbsp;p\u00e1tku 22.&nbsp;prosince 2023. Ob\u010dany \u017e\u00e1d\u00e1me, aby p\u0159i zhor\u0161en\u00fdch pov\u011btrnostn\u00edch podm\u00ednk\u00e1ch omezili sv\u016fj pohyb ve Stromovce, Letensk\u00fdch sadech a&nbsp;dal\u0161\u00edch m\u00edstech, kde hroz\u00ed p\u00e1d strom\u016f.<\/p>\r\n<p>[\/perex]<\/p>\r\n<p>V \u010derstv\u00e9m z\u00e1padn\u00edm proud\u011bn\u00ed budou p\u0159es na\u0161e \u00fazem\u00ed postupovat jednotliv\u00e9 front\u00e1ln\u00ed syst\u00e9my. V&nbsp;noci na \u010dtvrtek 21.&nbsp;prosince bude zesilovat jihoz\u00e1padn\u00ed v\u00edtr a&nbsp;v&nbsp;n\u00e1razech bude dosahovat 15 a\u017e 20 m\/s (55 a\u017e 75 km\/h).<\/p>\r\n<p><br \/>\r\nK&nbsp;dal\u0161\u00edmu zes\u00edlen\u00ed v\u011btru bude doch\u00e1zet ve \u010dtvrtek v&nbsp;odpoledn\u00edch hodin\u00e1ch a&nbsp;na v\u011bt\u0161in\u011b \u00fazem\u00ed \u010cech budou n\u00e1razy v\u011btru od 18 do 25 m\/s (65 a\u017e 90 km\/h).<br \/>\r\n<br \/>\r\n<\/p>\r\n<p><img loading=\"lazy\" src=\"https:\/\/www.praha7.cz\/wp-content\/uploads\/2023\/12\/vystraha-vitr-1500x844.jpg\" alt=\"\" width=\"640\" height=\"360\" class=\"alignnone size-large wp-image-72364\" srcset=\"https:\/\/www.praha7.cz\/wp-content\/uploads\/2023\/12\/vystraha-vitr-1500x844.jpg 1500w, https:\/\/www.praha7.cz\/wp-content\/uploads\/2023\/12\/vystraha-vitr-600x338.jpg 600w, https:\/\/www.praha7.cz\/wp-content\/uploads\/2023\/12\/vystraha-vitr-768x432.jpg 768w, https:\/\/www.praha7.cz\/wp-content\/uploads\/2023\/12\/vystraha-vitr-1536x864.jpg 1536w, https:\/\/www.praha7.cz\/wp-content\/uploads\/2023\/12\/vystraha-vitr.jpg 1920w\" sizes=\"(max-width: 640px) 100vw, 640px\" \/><\/p>\r\n<p>Aktu\u00e1ln\u00ed informace najdete na <a href=\"https:\/\/www.chmi.cz\/files\/portal\/docs\/meteo\/om\/vystrahy\/index.html\" target=\"_blank\" rel=\"noopener\">webu \u010cHM\u00da<\/a>.<\/p>","protected":false},"excerpt":{"rendered":"[perex] Upozor\u0148ujeme na siln\u00fd a&nbsp;velmi siln\u00fd v\u00edtr v&nbsp;pr\u016fb\u011bhu \u010dtvrtka 21.&nbsp;prosince a&nbsp;p\u00e1tku 22.&nbsp;prosince 2023. Ob\u010dany \u017e\u00e1d\u00e1me, aby p\u0159i zhor\u0161en\u00fdch pov\u011btrnostn\u00edch podm\u00ednk\u00e1ch omezili sv\u016fj pohyb ve Stromovce, Letensk\u00fdch sadech a&nbsp;dal\u0161\u00edch m\u00edstech, kde hroz\u00ed p\u00e1d strom\u016f. [\/perex] V&nbsp;\u010derstv\u00e9m z\u00e1padn\u00edm proud\u011bn\u00ed budou p\u0159es na\u0161e \u00fazem\u00ed postupovat jednotliv\u00e9 front\u00e1ln\u00ed syst\u00e9my. V&nbsp;noci na \u010dtvrtek 21.&nbsp;prosince bude zesilovat jihoz\u00e1padn\u00ed v\u00edtr a&nbsp;v&nbsp;n\u00e1razech [&hellip;]","protected":false},"author":251,"featured_media":72365,"comment_status":"closed","ping_status":"open","sticky":false,"template":"","format":"standard","meta":[],"categories":[34],"tags":[99,111,112],"_links":{"self":[{"href":"https:\/\/www.praha7.cz\/api\/wp\/v2\/posts\/72363"}],"collection":[{"href":"https:\/\/www.praha7.cz\/api\/wp\/v2\/posts"}],"about":[{"href":"https:\/\/www.praha7.cz\/api\/wp\/v2\/types\/post"}],"author":[{"embeddable":true,"href":"https:\/\/www.praha7.cz\/api\/wp\/v2\/users\/251"}],"replies":[{"embeddable":true,"href":"https:\/\/www.praha7.cz\/api\/wp\/v2\/comments?post=72363"}],"version-history":[{"count":1,"href":"https:\/\/www.praha7.cz\/api\/wp\/v2\/posts\/72363\/revisions"}],"predecessor-version":[{"id":72366,"href":"https:\/\/www.praha7.cz\/api\/wp\/v2\/posts\/72363\/revisions\/72366"}],"wp:featuredmedia":[{"embeddable":true,"href":"https:\/\/www.praha7.cz\/api\/wp\/v2\/media\/72365"}],"wp:attachment":[{"href":"https:\/\/www.praha7.cz\/api\/wp\/v2\/media?parent=72363"}],"wp:term":[{"taxonomy":"category","embeddable":true,"href":"https:\/\/www.praha7.cz\/api\/wp\/v2\/categories?post=72363"},{"taxonomy":"post_tag","embeddable":true,"href":"https:\/\/www.praha7.cz\/api\/wp\/v2\/tags?post=72363"}],"curies":[{"name":"wp","href":"https:\/\/api.w.org\/{rel}","templated":true}]}}