    
{"id":72346,"date":"2023-12-20T13:51:16","date_gmt":"2023-12-20T12:51:16","guid":{"rendered":"https:\/\/www.praha7.cz\/?p=72346"},"modified":"2023-12-20T13:59:06","modified_gmt":"2023-12-20T12:59:06","slug":"temer-1-200-senioru-z-prahy-7-dostava-vanocni-prani-od-deti","status":"publish","type":"post","link":"https:\/\/www.praha7.cz\/temer-1-200-senioru-z-prahy-7-dostava-vanocni-prani-od-deti\/","title":{"rendered":"T\u00e9m\u011b\u0159 1&nbsp;200 senior\u016f z&nbsp;Prahy&nbsp;7 dost\u00e1v\u00e1 v\u00e1no\u010dn\u00ed p\u0159\u00e1n\u00ed od d\u011bt\u00ed"},"content":{"rendered":"<p>[perex]<\/p>\r\n<p>\u017d\u00e1ci ze z\u00e1kladn\u00edch \u0161kol Prahy&nbsp;7 ji\u017e \u010dtvrt\u00fdm rokem pos\u00edlaj\u00ed senior\u016fm prost\u0159ednictv\u00edm radnice m\u011bstsk\u00e9 \u010d\u00e1sti vlastnoru\u010dn\u011b vyr\u00e1b\u011bn\u00e1 p\u0159\u00e1n\u00ed\u010dka s&nbsp;osobn\u00edm v\u011bnov\u00e1n\u00edm. P\u0159\u00e1n\u00ed putuj\u00ed k&nbsp;\u010dlen\u016fm sedmi\u010dkov\u00e9ho Klubu senior\u016f, obyvatel\u016fm dom\u016f s&nbsp;pe\u010dovatelskou slu\u017ebou a&nbsp;dal\u0161\u00edm klient\u016fm Pe\u010dovatelsk\u00e9ho centra Praha&nbsp;7.<\/p>\r\n<p>[\/perex]<\/p>\r\n<p><em>\u201eMil\u00e1 Jitko, p\u0159eji v\u00e1m kouzeln\u00e9, kr\u00e1sn\u00e9, l\u00e1skypln\u00e9, p\u0159\u00edjemn\u00e9 a&nbsp;klidn\u00e9 V\u00e1noce. Hodn\u011b kr\u00e1sn\u00fdch a&nbsp;mil\u00fdch d\u00e1rk\u016f. Douf\u00e1m, \u017ee se v\u00e1m na V\u00e1noce spln\u00ed va\u0161e p\u0159\u00e1n\u00ed a&nbsp;shled\u00e1te se s\u00a0lidmi, kter\u00e9 m\u00e1te r\u00e1da. Samoz\u0159ejm\u011b v\u00e1m tak\u00e9 p\u0159eji hodn\u011b v\u00e1no\u010dn\u00ed atmosf\u00e9ry,\u201c<\/em> p\u00ed\u0161e <em><strong>Edita ze Z\u0160 Fr. Plam\u00ednkov\u00e9<\/strong><\/em>.<\/p>\r\n<p>Podobn\u00e9 vzkazy, \u0159\u00edkanky, a&nbsp;dokonce i&nbsp;kv\u00edzy na ru\u010dn\u011b kreslen\u00fdch, malovan\u00fdch \u010di vyst\u0159ih\u00e1van\u00fdch p\u0159\u00e1n\u00edch od d\u011bt\u00ed p\u0159ich\u00e1zej\u00ed v\u00a0t\u011bchto dnech do schr\u00e1nek senior\u016fm z\u00a0Prahy&nbsp;7.<\/p>\r\n<p>&nbsp;<\/p>\r\n<p><img loading=\"lazy\" src=\"https:\/\/www.praha7.cz\/wp-content\/uploads\/2023\/12\/vanocni-prani-23_4-1500x780.jpeg\" alt=\"\" width=\"640\" height=\"333\" class=\"alignnone size-large wp-image-72349\" srcset=\"https:\/\/www.praha7.cz\/wp-content\/uploads\/2023\/12\/vanocni-prani-23_4-1500x780.jpeg 1500w, https:\/\/www.praha7.cz\/wp-content\/uploads\/2023\/12\/vanocni-prani-23_4-600x312.jpeg 600w, https:\/\/www.praha7.cz\/wp-content\/uploads\/2023\/12\/vanocni-prani-23_4-768x399.jpeg 768w, https:\/\/www.praha7.cz\/wp-content\/uploads\/2023\/12\/vanocni-prani-23_4-1536x798.jpeg 1536w, https:\/\/www.praha7.cz\/wp-content\/uploads\/2023\/12\/vanocni-prani-23_4-2048x1065.jpeg 2048w\" sizes=\"(max-width: 640px) 100vw, 640px\" \/><\/p>\r\n<p>&nbsp;<\/p>\r\n<p><em>\u201eJi\u017e se stalo milou adventn\u00ed tradic\u00ed, \u017ee d\u011bti z&nbsp;na\u0161ich z\u00e1kladn\u00edch \u0161kol p\u0159ipravuj\u00ed sv\u00fdm star\u0161\u00edm soused\u016fm kr\u00e1sn\u00e1 v\u00e1no\u010dn\u00ed p\u0159\u00e1n\u00ed. S&nbsp;chut\u00ed a&nbsp;radost\u00ed se do toho pustily tak\u00e9 letos a&nbsp;my na radnici jsme se op\u011bt r\u00e1di ujali rozes\u00edl\u00e1n\u00ed p\u0159\u00e1n\u00ed do cel\u00e9 \u010dtvrti. V\u011b\u0159\u00edm, \u017ee seniory z\u00a0Prahy&nbsp;7 tento mal\u00fd d\u00e1rek pot\u011b\u0161\u00ed, stejn\u011b jako d\u011bti t\u011b\u0161ilo vyr\u00e1b\u011bn\u00ed p\u0159\u00e1n\u00ed\u010dek. Jsem p\u0159esv\u011bd\u010den, \u017ee na\u0161e m\u011bstsk\u00e1 \u010d\u00e1st je v&nbsp;mnoha ohledech v\u00fdjime\u010dn\u00e1. A&nbsp;skv\u011bl\u00e9 sousedsk\u00e9 vztahy pat\u0159\u00ed mezi na\u0161e nejv\u011bt\u0161\u00ed bohatstv\u00ed,\u201c<\/em> uvedl <em><strong>starosta M\u010c Praha&nbsp;7 Jan \u010ci\u017einsk\u00fd<\/strong><\/em>.<\/p>\r\n<p>&nbsp;<\/p>\r\n<p><img loading=\"lazy\" src=\"https:\/\/www.praha7.cz\/wp-content\/uploads\/2023\/12\/vanocni-prani-23_5-1500x935.jpeg\" alt=\"\" width=\"640\" height=\"399\" class=\"alignnone size-large wp-image-72350\" srcset=\"https:\/\/www.praha7.cz\/wp-content\/uploads\/2023\/12\/vanocni-prani-23_5-1500x935.jpeg 1500w, https:\/\/www.praha7.cz\/wp-content\/uploads\/2023\/12\/vanocni-prani-23_5-600x374.jpeg 600w, https:\/\/www.praha7.cz\/wp-content\/uploads\/2023\/12\/vanocni-prani-23_5-768x479.jpeg 768w, https:\/\/www.praha7.cz\/wp-content\/uploads\/2023\/12\/vanocni-prani-23_5-1536x958.jpeg 1536w, https:\/\/www.praha7.cz\/wp-content\/uploads\/2023\/12\/vanocni-prani-23_5-2048x1277.jpeg 2048w\" sizes=\"(max-width: 640px) 100vw, 640px\" \/><\/p>\r\n<p>&nbsp;<\/p>\r\n<p><em>\u201eS n\u00e1padem pos\u00edlat senior\u016fm z&nbsp;Prahy&nbsp;7 p\u0159\u00e1n\u00ed od d\u011bt\u00ed jsme p\u0159i\u0161li v&nbsp;prvn\u00ed vln\u011b pandemie nemoci covid-19, kdy bylo omezeno setk\u00e1v\u00e1n\u00ed lid\u00ed a&nbsp;nejstar\u0161\u00ed ob\u010dan\u00e9 tak \u010dasto z\u016fst\u00e1vali p\u0159ed sv\u00e1tky a&nbsp;n\u011bkdy i&nbsp;b\u011bhem nich sami. D\u011bti pokra\u010dovaly ve v\u00fdrob\u011b p\u0159\u00e1n\u00ed tak\u00e9 v&nbsp;n\u00e1sleduj\u00edc\u00edch letech, a&nbsp;tak n\u00e1m v\u00a0Praze 7 vznikla nov\u00e1 p\u0159edv\u00e1no\u010dn\u00ed tradice. Na \u010dasech covidov\u00fdch omezen\u00ed skute\u010dn\u011b nebylo mnoho pozitivn\u00edho, ale podobn\u00e9 projevy vst\u0159\u00edcnosti a&nbsp;solidarity mezi ta p\u0159etrv\u00e1vaj\u00edc\u00ed pozitiva rozhodn\u011b pat\u0159\u00ed,\u201c<\/em> \u0159ekla <em><strong>m\u00edstostarostka Prahy&nbsp;7 Hana T\u0159e\u0161t\u00edkov\u00e1<\/strong><\/em>, do jej\u00ed\u017e gesce pat\u0159\u00ed kultura, sport a&nbsp;sousedsk\u00e9 vztahy.<\/p>\r\n<p>&nbsp;<\/p>\r\n<p><img loading=\"lazy\" src=\"https:\/\/www.praha7.cz\/wp-content\/uploads\/2023\/12\/vanocni-prani-23_3-1500x943.jpeg\" alt=\"\" width=\"640\" height=\"402\" class=\"alignnone size-large wp-image-72348\" srcset=\"https:\/\/www.praha7.cz\/wp-content\/uploads\/2023\/12\/vanocni-prani-23_3-1500x943.jpeg 1500w, https:\/\/www.praha7.cz\/wp-content\/uploads\/2023\/12\/vanocni-prani-23_3-600x377.jpeg 600w, https:\/\/www.praha7.cz\/wp-content\/uploads\/2023\/12\/vanocni-prani-23_3-768x483.jpeg 768w, https:\/\/www.praha7.cz\/wp-content\/uploads\/2023\/12\/vanocni-prani-23_3-1536x966.jpeg 1536w, https:\/\/www.praha7.cz\/wp-content\/uploads\/2023\/12\/vanocni-prani-23_3-2048x1288.jpeg 2048w\" sizes=\"(max-width: 640px) 100vw, 640px\" \/><\/p>\r\n<p>&nbsp;<\/p>\r\n<p>Mezi t\u00e9m\u011b\u0159 1&nbsp;200 adres\u00e1ty p\u0159\u00e1n\u00ed jsou \u010dlenov\u00e9 Klubu senior\u016f Prahy&nbsp;7, d\u00e1le pak obyvatel\u00e9 dom\u016f s&nbsp;pe\u010dovatelskou slu\u017ebou a&nbsp;soci\u00e1ln\u011b odleh\u010dovac\u00edho centra \u010di dal\u0161\u00ed klienti Pe\u010dovatelsk\u00e9ho centra Praha&nbsp;7.<\/p>\r\n<p>&nbsp;<\/p>\r\n<p><img loading=\"lazy\" src=\"https:\/\/www.praha7.cz\/wp-content\/uploads\/2023\/12\/vanocni-prani-23_1-1500x844.jpeg\" alt=\"\" width=\"640\" height=\"360\" class=\"alignnone size-large wp-image-72351\" srcset=\"https:\/\/www.praha7.cz\/wp-content\/uploads\/2023\/12\/vanocni-prani-23_1-1500x844.jpeg 1500w, https:\/\/www.praha7.cz\/wp-content\/uploads\/2023\/12\/vanocni-prani-23_1-600x338.jpeg 600w, https:\/\/www.praha7.cz\/wp-content\/uploads\/2023\/12\/vanocni-prani-23_1-768x432.jpeg 768w, https:\/\/www.praha7.cz\/wp-content\/uploads\/2023\/12\/vanocni-prani-23_1-1536x864.jpeg 1536w, https:\/\/www.praha7.cz\/wp-content\/uploads\/2023\/12\/vanocni-prani-23_1-2048x1152.jpeg 2048w\" sizes=\"(max-width: 640px) 100vw, 640px\" \/><\/p>\r\n<p>&nbsp;<\/p>\r\n<hr \/>\r\n<p>Klub senior\u016f Prahy&nbsp;7 celoro\u010dn\u011b po\u0159\u00e1d\u00e1 pro sv\u00e9 \u010dleny \u0159adu zaj\u00edmav\u00fdch kulturn\u00edch, sportovn\u00edch i&nbsp;vzd\u011bl\u00e1vac\u00edch akc\u00ed a&nbsp;nab\u00edz\u00ed tak\u00e9 slevy v&nbsp;partnersk\u00fdch kav\u00e1rn\u00e1ch, restaurac\u00edch, obchodech \u010di slu\u017eb\u00e1ch. V\u00edce informac\u00ed naleznete <a href=\"https:\/\/www.praha7.cz\/volny-cas-prehled\/seniori\/klub-senioru\/\">ZDE<\/a>.\u00a0\u00a0\u00a0\u00a0\u00a0\u00a0\u00a0\u00a0\u00a0\u00a0\u00a0\u00a0\u00a0\u00a0\u00a0\u00a0\u00a0\u00a0\u00a0\u00a0\u00a0\u00a0\u00a0\u00a0\u00a0\u00a0\u00a0\u00a0\u00a0<\/p>","protected":false},"excerpt":{"rendered":"[perex] \u017d\u00e1ci ze z\u00e1kladn\u00edch \u0161kol Prahy&nbsp;7 ji\u017e \u010dtvrt\u00fdm rokem pos\u00edlaj\u00ed senior\u016fm prost\u0159ednictv\u00edm radnice m\u011bstsk\u00e9 \u010d\u00e1sti vlastnoru\u010dn\u011b vyr\u00e1b\u011bn\u00e1 p\u0159\u00e1n\u00ed\u010dka s&nbsp;osobn\u00edm v\u011bnov\u00e1n\u00edm. P\u0159\u00e1n\u00ed putuj\u00ed k&nbsp;\u010dlen\u016fm sedmi\u010dkov\u00e9ho Klubu senior\u016f, obyvatel\u016fm dom\u016f s&nbsp;pe\u010dovatelskou slu\u017ebou a&nbsp;dal\u0161\u00edm klient\u016fm Pe\u010dovatelsk\u00e9ho centra Praha&nbsp;7. [\/perex] \u201eMil\u00e1 Jitko, p\u0159eji v\u00e1m kouzeln\u00e9, kr\u00e1sn\u00e9, l\u00e1skypln\u00e9, p\u0159\u00edjemn\u00e9 a&nbsp;klidn\u00e9 V\u00e1noce. Hodn\u011b kr\u00e1sn\u00fdch a&nbsp;mil\u00fdch d\u00e1rk\u016f. Douf\u00e1m, \u017ee se v\u00e1m na [&hellip;]","protected":false},"author":5,"featured_media":72347,"comment_status":"closed","ping_status":"open","sticky":false,"template":"","format":"standard","meta":[],"categories":[34,74],"tags":[],"_links":{"self":[{"href":"https:\/\/www.praha7.cz\/api\/wp\/v2\/posts\/72346"}],"collection":[{"href":"https:\/\/www.praha7.cz\/api\/wp\/v2\/posts"}],"about":[{"href":"https:\/\/www.praha7.cz\/api\/wp\/v2\/types\/post"}],"author":[{"embeddable":true,"href":"https:\/\/www.praha7.cz\/api\/wp\/v2\/users\/5"}],"replies":[{"embeddable":true,"href":"https:\/\/www.praha7.cz\/api\/wp\/v2\/comments?post=72346"}],"version-history":[{"count":2,"href":"https:\/\/www.praha7.cz\/api\/wp\/v2\/posts\/72346\/revisions"}],"predecessor-version":[{"id":72353,"href":"https:\/\/www.praha7.cz\/api\/wp\/v2\/posts\/72346\/revisions\/72353"}],"wp:featuredmedia":[{"embeddable":true,"href":"https:\/\/www.praha7.cz\/api\/wp\/v2\/media\/72347"}],"wp:attachment":[{"href":"https:\/\/www.praha7.cz\/api\/wp\/v2\/media?parent=72346"}],"wp:term":[{"taxonomy":"category","embeddable":true,"href":"https:\/\/www.praha7.cz\/api\/wp\/v2\/categories?post=72346"},{"taxonomy":"post_tag","embeddable":true,"href":"https:\/\/www.praha7.cz\/api\/wp\/v2\/tags?post=72346"}],"curies":[{"name":"wp","href":"https:\/\/api.w.org\/{rel}","templated":true}]}}