    
{"id":72174,"date":"2023-12-12T11:16:38","date_gmt":"2023-12-12T10:16:38","guid":{"rendered":"https:\/\/www.praha7.cz\/?p=72174"},"modified":"2023-12-29T17:36:33","modified_gmt":"2023-12-29T16:36:33","slug":"provoz-uradu-mc-praha-7-v-obdobi-mezi-svatky","status":"publish","type":"post","link":"https:\/\/www.praha7.cz\/provoz-uradu-mc-praha-7-v-obdobi-mezi-svatky\/","title":{"rendered":"Provoz \u00da\u0159adu M\u010c Praha&nbsp;7  v&nbsp;obdob\u00ed mezi sv\u00e1tky"},"content":{"rendered":"<p>[perex]<\/p>\r\n<p>Upozor\u0148ujeme ob\u010dany, \u017ee z&nbsp;provozn\u00edch d\u016fvod\u016f bude omezen chod \u00fa\u0159adu v&nbsp;obdob\u00ed po v\u00e1no\u010dn\u00edch sv\u00e1tc\u00edch. Otv\u00edrac\u00ed doba \u00da\u0159adu M\u010c Praha&nbsp;7, v\u010detn\u011b Informa\u010dn\u00edho centra Milady Hor\u00e1kov\u00e9 2 a&nbsp;dal\u0161\u00edch deta\u0161ovan\u00fdch pracovi\u0161\u0165, bude n\u00e1sleduj\u00edc\u00ed:<\/p>\r\n<p>&nbsp;<\/p>\r\n<p><strong>st\u0159eda 27.&nbsp;12.\u00a0\u00a0\u00a0 7.30\u201314.00<\/strong><\/p>\r\n<p><strong>\u010dtvrtek 28.&nbsp;12.\u00a0 ZAV\u0158ENO<\/strong><\/p>\r\n<p><strong>p\u00e1tek 29.&nbsp;12.\u00a0\u00a0\u00a0\u00a0\u00a0 ZAV\u0158ENO<\/strong><\/p>\r\n<p>&nbsp;<\/p>\r\n<p>Omlouv\u00e1me se za p\u0159\u00edpadn\u00e9 komplikace a&nbsp;d\u011bkujeme za pochopen\u00ed.<\/p>\r\n<p>[\/perex]<\/p>","protected":false},"excerpt":{"rendered":"[perex] Upozor\u0148ujeme ob\u010dany, \u017ee z&nbsp;provozn\u00edch d\u016fvod\u016f bude omezen chod \u00fa\u0159adu v&nbsp;obdob\u00ed po v\u00e1no\u010dn\u00edch sv\u00e1tc\u00edch. Otv\u00edrac\u00ed doba \u00da\u0159adu M\u010c Praha&nbsp;7, v\u010detn\u011b Informa\u010dn\u00edho centra Milady Hor\u00e1kov\u00e9 2 a&nbsp;dal\u0161\u00edch deta\u0161ovan\u00fdch pracovi\u0161\u0165, bude n\u00e1sleduj\u00edc\u00ed: &nbsp; st\u0159eda 27.&nbsp;12.\u00a0\u00a0\u00a0 7.30\u201314.00 \u010dtvrtek 28.&nbsp;12.\u00a0 ZAV\u0158ENO p\u00e1tek 29.&nbsp;12.\u00a0\u00a0\u00a0\u00a0\u00a0 ZAV\u0158ENO &nbsp; Omlouv\u00e1me se za p\u0159\u00edpadn\u00e9 komplikace a&nbsp;d\u011bkujeme za pochopen\u00ed. [\/perex]","protected":false},"author":5,"featured_media":59953,"comment_status":"closed","ping_status":"open","sticky":false,"template":"","format":"standard","meta":[],"categories":[34],"tags":[],"_links":{"self":[{"href":"https:\/\/www.praha7.cz\/api\/wp\/v2\/posts\/72174"}],"collection":[{"href":"https:\/\/www.praha7.cz\/api\/wp\/v2\/posts"}],"about":[{"href":"https:\/\/www.praha7.cz\/api\/wp\/v2\/types\/post"}],"author":[{"embeddable":true,"href":"https:\/\/www.praha7.cz\/api\/wp\/v2\/users\/5"}],"replies":[{"embeddable":true,"href":"https:\/\/www.praha7.cz\/api\/wp\/v2\/comments?post=72174"}],"version-history":[{"count":2,"href":"https:\/\/www.praha7.cz\/api\/wp\/v2\/posts\/72174\/revisions"}],"predecessor-version":[{"id":72176,"href":"https:\/\/www.praha7.cz\/api\/wp\/v2\/posts\/72174\/revisions\/72176"}],"wp:featuredmedia":[{"embeddable":true,"href":"https:\/\/www.praha7.cz\/api\/wp\/v2\/media\/59953"}],"wp:attachment":[{"href":"https:\/\/www.praha7.cz\/api\/wp\/v2\/media?parent=72174"}],"wp:term":[{"taxonomy":"category","embeddable":true,"href":"https:\/\/www.praha7.cz\/api\/wp\/v2\/categories?post=72174"},{"taxonomy":"post_tag","embeddable":true,"href":"https:\/\/www.praha7.cz\/api\/wp\/v2\/tags?post=72174"}],"curies":[{"name":"wp","href":"https:\/\/api.w.org\/{rel}","templated":true}]}}