    
{"id":72081,"date":"2023-12-05T14:05:00","date_gmt":"2023-12-05T13:05:00","guid":{"rendered":"https:\/\/www.praha7.cz\/?p=72081"},"modified":"2023-12-08T16:58:06","modified_gmt":"2023-12-08T15:58:06","slug":"ic-milady-horakove-2-bude-7-12-otevreno-do-15-00","status":"publish","type":"post","link":"https:\/\/www.praha7.cz\/ic-milady-horakove-2-bude-7-12-otevreno-do-15-00\/","title":{"rendered":"IC Milady Hor\u00e1kov\u00e9 2 bude 7.&nbsp;12.&nbsp;otev\u0159eno do 15.00"},"content":{"rendered":"<p>[perex]<\/p>\r\n<p>Upozor\u0148ujeme ob\u010dany, \u017ee ve \u010dtvrtek 7.&nbsp;prosince 2023 bude z&nbsp;provozn\u00edch d\u016fvod\u016f IC Milady Hor\u00e1kov\u00e9 2 otev\u0159eno pouze do 15.00.<\/p>\r\n<p>D\u011bkujeme za pochopen\u00ed.<\/p>\r\n<p>[\/perex]<\/p>","protected":false},"excerpt":{"rendered":"[perex] Upozor\u0148ujeme ob\u010dany, \u017ee ve \u010dtvrtek 7.&nbsp;prosince 2023 bude z&nbsp;provozn\u00edch d\u016fvod\u016f IC Milady Hor\u00e1kov\u00e9 2 otev\u0159eno pouze do 15.00. D\u011bkujeme za pochopen\u00ed. [\/perex]","protected":false},"author":251,"featured_media":37003,"comment_status":"closed","ping_status":"open","sticky":false,"template":"","format":"standard","meta":[],"categories":[34],"tags":[],"_links":{"self":[{"href":"https:\/\/www.praha7.cz\/api\/wp\/v2\/posts\/72081"}],"collection":[{"href":"https:\/\/www.praha7.cz\/api\/wp\/v2\/posts"}],"about":[{"href":"https:\/\/www.praha7.cz\/api\/wp\/v2\/types\/post"}],"author":[{"embeddable":true,"href":"https:\/\/www.praha7.cz\/api\/wp\/v2\/users\/251"}],"replies":[{"embeddable":true,"href":"https:\/\/www.praha7.cz\/api\/wp\/v2\/comments?post=72081"}],"version-history":[{"count":1,"href":"https:\/\/www.praha7.cz\/api\/wp\/v2\/posts\/72081\/revisions"}],"predecessor-version":[{"id":72082,"href":"https:\/\/www.praha7.cz\/api\/wp\/v2\/posts\/72081\/revisions\/72082"}],"wp:featuredmedia":[{"embeddable":true,"href":"https:\/\/www.praha7.cz\/api\/wp\/v2\/media\/37003"}],"wp:attachment":[{"href":"https:\/\/www.praha7.cz\/api\/wp\/v2\/media?parent=72081"}],"wp:term":[{"taxonomy":"category","embeddable":true,"href":"https:\/\/www.praha7.cz\/api\/wp\/v2\/categories?post=72081"},{"taxonomy":"post_tag","embeddable":true,"href":"https:\/\/www.praha7.cz\/api\/wp\/v2\/tags?post=72081"}],"curies":[{"name":"wp","href":"https:\/\/api.w.org\/{rel}","templated":true}]}}