    
{"id":72000,"date":"2023-11-30T16:13:01","date_gmt":"2023-11-30T15:13:01","guid":{"rendered":"https:\/\/www.praha7.cz\/?p=72000"},"modified":"2023-12-05T10:30:26","modified_gmt":"2023-12-05T09:30:26","slug":"na-letne-probehne-prorez-stromu","status":"publish","type":"post","link":"https:\/\/www.praha7.cz\/na-letne-probehne-prorez-stromu\/","title":{"rendered":"Na Letn\u00e9 prob\u011bhne pro\u0159ez strom\u016f"},"content":{"rendered":"<p>[perex]<\/p>\r\n<p>V prvn\u00ed polovin\u011b prosince bude TSK hl. m. Prahy ve vybran\u00fdch ulic\u00edch na Letn\u00e9 realizovat zdravotn\u00ed a&nbsp;bezpe\u010dnostn\u00ed pro\u0159ez strom\u016f. Pr\u00e1ce budou ve t\u0159ech etap\u00e1ch prob\u00edhat v&nbsp;ulic\u00edch Jana Zaj\u00edce, U&nbsp;Akademie, Na V\u00fd\u0161in\u00e1ch, Nad Kr\u00e1lovskou oborou a&nbsp;\u0160im\u00e1\u010dkova. Upozor\u0148ujeme \u0159idi\u010de, \u017ee v&nbsp;dot\u010den\u00fdch \u00fasec\u00edch ulic dojde b\u011bhem jednodenn\u00ed realizace k&nbsp;nutn\u00e9mu omezen\u00ed parkov\u00e1n\u00ed, sledujte pros\u00edm dopravn\u00ed zna\u010den\u00ed. Term\u00edny se mohou zm\u011bnit s&nbsp;ohledem na aktu\u00e1ln\u00ed klimatick\u00e9 podm\u00ednky. V&nbsp;takov\u00e9m p\u0159\u00edpad\u011b zde budeme o&nbsp;zm\u011bn\u00e1ch informovat.\u00a0<\/p>\r\n<p>[\/perex]<\/p>\r\n<p>Arboristick\u00e9 pr\u00e1ce na stromo\u0159ad\u00ed budou prov\u00e1d\u011bny ve dnech:<\/p>\r\n<h3><\/h3>\r\n<h3>11.&nbsp;12.&nbsp;2023<\/h3>\r\n<p><strong>v ulici Jana Zaj\u00edce<\/strong> \u2013 v&nbsp;\u00faseku mezi ulicemi Havansk\u00e1 a&nbsp;Nad Kr\u00e1lovskou oborou<\/p>\r\n<p><strong>v ulici Na V\u00fd\u0161in\u00e1ch<\/strong> \u2013 ve dvou krat\u0161\u00edch \u00fasec\u00edch<\/p>\r\n<p>&nbsp;<\/p>\r\n<h3>13.&nbsp;12.&nbsp;2023<\/h3>\r\n<p><strong>v ulici Nad Kr\u00e1lovskou oborou<\/strong> \u2013 v\u00a0\u00faseku od zat\u00e1\u010dky u&nbsp;Bubene\u010dsk\u00e9ho tunelu k&nbsp;ulici Korunova\u010dn\u00ed<\/p>\r\n<p><strong>v ulici \u0160im\u00e1\u010dkova<\/strong> \u2013 v&nbsp;\u00faseku mezi ulicemi Dukelsk\u00fdch hrdin\u016f a&nbsp;Schnirchova<\/p>\r\n<p>&nbsp;<\/p>\r\n<h3>14.&nbsp;12.&nbsp;2023<\/h3>\r\n<p>(p\u016fvodn\u00ed term\u00edn 7.&nbsp;12.&nbsp;byl kv\u016fli nep\u0159\u00edzniv\u00fdm klimatick\u00fdm podm\u00ednk\u00e1m zru\u0161en)<\/p>\r\n<p><strong>v ulici Jana Zaj\u00edce<\/strong> \u2013 v&nbsp;\u00faseku mezi ulicemi Korunova\u010dn\u00ed a&nbsp;Havansk\u00e1<\/p>\r\n<p><strong>v ulici U&nbsp;Akademie<\/strong> \u2013 v&nbsp;\u00faseku mezi ulicemi Kamenick\u00e1 a&nbsp;Oveneck\u00e1<\/p>\r\n<p>&nbsp;<\/p>\r\n<p><strong>Pr\u00e1ce budou v&nbsp;uveden\u00e9 dny prob\u00edhat od 8.00 do 16.30.<\/strong> Bezpe\u010dnost a&nbsp;plynulost provozu bude zaji\u0161t\u011bna pov\u011b\u0159en\u00fdmi pracovn\u00edky realiza\u010dn\u00ed firmy.\u00a0<\/p>","protected":false},"excerpt":{"rendered":"[perex] V&nbsp;prvn\u00ed polovin\u011b prosince bude TSK hl. m. Prahy ve vybran\u00fdch ulic\u00edch na Letn\u00e9 realizovat zdravotn\u00ed a&nbsp;bezpe\u010dnostn\u00ed pro\u0159ez strom\u016f. Pr\u00e1ce budou ve t\u0159ech etap\u00e1ch prob\u00edhat v&nbsp;ulic\u00edch Jana Zaj\u00edce, U&nbsp;Akademie, Na V\u00fd\u0161in\u00e1ch, Nad Kr\u00e1lovskou oborou a&nbsp;\u0160im\u00e1\u010dkova. Upozor\u0148ujeme \u0159idi\u010de, \u017ee v&nbsp;dot\u010den\u00fdch \u00fasec\u00edch ulic dojde b\u011bhem jednodenn\u00ed realizace k&nbsp;nutn\u00e9mu omezen\u00ed parkov\u00e1n\u00ed, sledujte pros\u00edm dopravn\u00ed zna\u010den\u00ed. Term\u00edny se [&hellip;]","protected":false},"author":5,"featured_media":17622,"comment_status":"closed","ping_status":"open","sticky":false,"template":"","format":"standard","meta":[],"categories":[34],"tags":[],"_links":{"self":[{"href":"https:\/\/www.praha7.cz\/api\/wp\/v2\/posts\/72000"}],"collection":[{"href":"https:\/\/www.praha7.cz\/api\/wp\/v2\/posts"}],"about":[{"href":"https:\/\/www.praha7.cz\/api\/wp\/v2\/types\/post"}],"author":[{"embeddable":true,"href":"https:\/\/www.praha7.cz\/api\/wp\/v2\/users\/5"}],"replies":[{"embeddable":true,"href":"https:\/\/www.praha7.cz\/api\/wp\/v2\/comments?post=72000"}],"version-history":[{"count":10,"href":"https:\/\/www.praha7.cz\/api\/wp\/v2\/posts\/72000\/revisions"}],"predecessor-version":[{"id":72073,"href":"https:\/\/www.praha7.cz\/api\/wp\/v2\/posts\/72000\/revisions\/72073"}],"wp:featuredmedia":[{"embeddable":true,"href":"https:\/\/www.praha7.cz\/api\/wp\/v2\/media\/17622"}],"wp:attachment":[{"href":"https:\/\/www.praha7.cz\/api\/wp\/v2\/media?parent=72000"}],"wp:term":[{"taxonomy":"category","embeddable":true,"href":"https:\/\/www.praha7.cz\/api\/wp\/v2\/categories?post=72000"},{"taxonomy":"post_tag","embeddable":true,"href":"https:\/\/www.praha7.cz\/api\/wp\/v2\/tags?post=72000"}],"curies":[{"name":"wp","href":"https:\/\/api.w.org\/{rel}","templated":true}]}}