    
{"id":71961,"date":"2023-11-29T11:10:26","date_gmt":"2023-11-29T10:10:26","guid":{"rendered":"https:\/\/www.praha7.cz\/?p=71961"},"modified":"2023-11-29T11:32:15","modified_gmt":"2023-11-29T10:32:15","slug":"tramvajove-zastavky-cechuv-most-nove-bezbarierove","status":"publish","type":"post","link":"https:\/\/www.praha7.cz\/tramvajove-zastavky-cechuv-most-nove-bezbarierove\/","title":{"rendered":"Tramvajov\u00e9 zast\u00e1vky \u010cech\u016fv most nov\u011b bezbari\u00e9rov\u00e9"},"content":{"rendered":"<p>[perex]<\/p>\r\n<p>Technick\u00e1 spr\u00e1va komunikac\u00ed hl. m. Prahy 29.&nbsp;listopadu 2023 zavr\u0161ila s&nbsp;n\u011bkolikadenn\u00edm p\u0159edstihem stavebn\u00ed \u00fapravy na tramvajov\u00fdch zast\u00e1vk\u00e1ch \u010cech\u016fv most v&nbsp;r\u00e1mci projektu \u201ePraha bez bari\u00e9r\u201c. T\u00edm skon\u010dilo i&nbsp;souvisej\u00edc\u00ed dopravn\u00ed omezen\u00ed, kter\u00e9 uzav\u00edralo \u010d\u00e1st n\u00e1b\u0159e\u017e\u00ed Edvarda Bene\u0161e pro automobilovou dopravu. P\u016fvodn\u011b zde pr\u00e1ce m\u011bly prob\u00edhat do ned\u011ble 3.&nbsp;prosince.<br \/>\r\n[\/perex]<\/p>\r\n<p>Stavebn\u00edmi \u00fapravami pro\u0161ly ob\u011b tramvajov\u00e9 zast\u00e1vky \u010cech\u016fv most v\u010detn\u011b p\u0159ilehl\u00fdch chodn\u00edk\u016f a&nbsp;komunikace. Zast\u00e1vky byly upraveny tak, aby bylo mo\u017en\u00e9 bezbari\u00e9rov\u011b odbavit cestuj\u00edc\u00ed se sn\u00ed\u017eenou pohyblivost\u00ed. Sou\u010d\u00e1st\u00ed prac\u00ed byla rovn\u011b\u017e \u00faprava op\u011brn\u00e9 zdi na n\u00e1b\u0159e\u017e\u00ed Edvarda Bene\u0161e tak, aby bylo mo\u017en\u00e9 vytvo\u0159it zpevn\u011bn\u00e9 n\u00e1stupi\u0161t\u011b po cel\u00e9 d\u00e9lce tramvajov\u00e9 soupravy. Obnoveno bylo vodorovn\u00e9 a&nbsp;svisl\u00e9 dopravn\u00ed zna\u010den\u00ed v\u010detn\u011b z\u0159\u00edzen\u00ed nov\u00e9ho bezbari\u00e9rov\u00e9ho p\u0159echodu pro chodce v&nbsp;m\u00edst\u011b napojen\u00ed podjezdov\u00e9 rampy pod \u0160tef\u00e1nikov\u00fdm mostem.<\/p>","protected":false},"excerpt":{"rendered":"[perex] Technick\u00e1 spr\u00e1va komunikac\u00ed hl. m. Prahy 29.&nbsp;listopadu 2023 zavr\u0161ila s&nbsp;n\u011bkolikadenn\u00edm p\u0159edstihem stavebn\u00ed \u00fapravy na tramvajov\u00fdch zast\u00e1vk\u00e1ch \u010cech\u016fv most v&nbsp;r\u00e1mci projektu \u201ePraha bez bari\u00e9r\u201c. T\u00edm skon\u010dilo i&nbsp;souvisej\u00edc\u00ed dopravn\u00ed omezen\u00ed, kter\u00e9 uzav\u00edralo \u010d\u00e1st n\u00e1b\u0159e\u017e\u00ed Edvarda Bene\u0161e pro automobilovou dopravu. P\u016fvodn\u011b zde pr\u00e1ce m\u011bly prob\u00edhat do ned\u011ble 3.&nbsp;prosince. [\/perex] Stavebn\u00edmi \u00fapravami pro\u0161ly ob\u011b tramvajov\u00e9 zast\u00e1vky \u010cech\u016fv most [&hellip;]","protected":false},"author":251,"featured_media":71962,"comment_status":"closed","ping_status":"open","sticky":false,"template":"","format":"standard","meta":[],"categories":[34],"tags":[],"_links":{"self":[{"href":"https:\/\/www.praha7.cz\/api\/wp\/v2\/posts\/71961"}],"collection":[{"href":"https:\/\/www.praha7.cz\/api\/wp\/v2\/posts"}],"about":[{"href":"https:\/\/www.praha7.cz\/api\/wp\/v2\/types\/post"}],"author":[{"embeddable":true,"href":"https:\/\/www.praha7.cz\/api\/wp\/v2\/users\/251"}],"replies":[{"embeddable":true,"href":"https:\/\/www.praha7.cz\/api\/wp\/v2\/comments?post=71961"}],"version-history":[{"count":6,"href":"https:\/\/www.praha7.cz\/api\/wp\/v2\/posts\/71961\/revisions"}],"predecessor-version":[{"id":71968,"href":"https:\/\/www.praha7.cz\/api\/wp\/v2\/posts\/71961\/revisions\/71968"}],"wp:featuredmedia":[{"embeddable":true,"href":"https:\/\/www.praha7.cz\/api\/wp\/v2\/media\/71962"}],"wp:attachment":[{"href":"https:\/\/www.praha7.cz\/api\/wp\/v2\/media?parent=71961"}],"wp:term":[{"taxonomy":"category","embeddable":true,"href":"https:\/\/www.praha7.cz\/api\/wp\/v2\/categories?post=71961"},{"taxonomy":"post_tag","embeddable":true,"href":"https:\/\/www.praha7.cz\/api\/wp\/v2\/tags?post=71961"}],"curies":[{"name":"wp","href":"https:\/\/api.w.org\/{rel}","templated":true}]}}