    
{"id":71928,"date":"2023-11-28T12:02:26","date_gmt":"2023-11-28T11:02:26","guid":{"rendered":"https:\/\/www.praha7.cz\/?p=71928"},"modified":"2023-11-28T12:02:26","modified_gmt":"2023-11-28T11:02:26","slug":"vystavba-kanalizacniho-zlabu-u-sparty","status":"publish","type":"post","link":"https:\/\/www.praha7.cz\/vystavba-kanalizacniho-zlabu-u-sparty\/","title":{"rendered":"V\u00fdstavba kanaliza\u010dn\u00edho \u017elabu u&nbsp;Sparty"},"content":{"rendered":"<p>[perex]<\/p>\r\n<p>Technick\u00e1 spr\u00e1va komunikac\u00ed hl. m. Prahy upozor\u0148uje na z\u00e1bor vozovky ve sm\u011bru j\u00edzdy Letensk\u00e9 n\u00e1m\u011bst\u00ed v&nbsp;prostoru k\u0159i\u017eovatky Milady Hor\u00e1kov\u00e9 x U&nbsp;Sparty x v\u00fdjezd z&nbsp;podzemn\u00edch gar\u00e1\u017e\u00ed a&nbsp;\u010d\u00e1sti chodn\u00edku. D\u016fvodem je \u00faprava odvodn\u011bn\u00ed formou v\u00fdstavby nov\u00e9ho kanaliza\u010dn\u00edho \u017elabu. Omezen\u00ed je pl\u00e1nov\u00e1no do 8.&nbsp;prosince 2023.<\/p>\r\n<p>[\/perex]<\/p>\r\n<p>prvn\u00ed etapa: <strong>27.&nbsp;11. \u2013 3.&nbsp;12.&nbsp;2023<\/strong>, doprava ve sm\u011bru Letensk\u00e9 n\u00e1m\u011bst\u00ed vedena ve dvou j\u00edzdn\u00edch pruz\u00edch<br \/>\r\ndruh\u00e1 etapa: <strong>3.\u20138.&nbsp;12.&nbsp;2023<\/strong>, doprava ve sm\u011bru Letensk\u00e9 n\u00e1m\u011bst\u00ed vedena<strong> jedn\u00edm j\u00edzdn\u00edm pruhem<\/strong><\/p>\r\n<p>V\u00edce <a href=\"https:\/\/opravujeme.to\/action\/1611\/\" target=\"_blank\" rel=\"noopener\">zde<\/a>.<\/p>","protected":false},"excerpt":{"rendered":"[perex] Technick\u00e1 spr\u00e1va komunikac\u00ed hl. m. Prahy upozor\u0148uje na z\u00e1bor vozovky ve sm\u011bru j\u00edzdy Letensk\u00e9 n\u00e1m\u011bst\u00ed v&nbsp;prostoru k\u0159i\u017eovatky Milady Hor\u00e1kov\u00e9 x U&nbsp;Sparty x v\u00fdjezd z&nbsp;podzemn\u00edch gar\u00e1\u017e\u00ed a&nbsp;\u010d\u00e1sti chodn\u00edku. D\u016fvodem je \u00faprava odvodn\u011bn\u00ed formou v\u00fdstavby nov\u00e9ho kanaliza\u010dn\u00edho \u017elabu. Omezen\u00ed je pl\u00e1nov\u00e1no do 8.&nbsp;prosince 2023. [\/perex] prvn\u00ed etapa: 27.&nbsp;11. \u2013 3.&nbsp;12.&nbsp;2023, doprava ve sm\u011bru Letensk\u00e9 n\u00e1m\u011bst\u00ed vedena [&hellip;]","protected":false},"author":251,"featured_media":71933,"comment_status":"closed","ping_status":"open","sticky":false,"template":"","format":"standard","meta":[],"categories":[34],"tags":[],"_links":{"self":[{"href":"https:\/\/www.praha7.cz\/api\/wp\/v2\/posts\/71928"}],"collection":[{"href":"https:\/\/www.praha7.cz\/api\/wp\/v2\/posts"}],"about":[{"href":"https:\/\/www.praha7.cz\/api\/wp\/v2\/types\/post"}],"author":[{"embeddable":true,"href":"https:\/\/www.praha7.cz\/api\/wp\/v2\/users\/251"}],"replies":[{"embeddable":true,"href":"https:\/\/www.praha7.cz\/api\/wp\/v2\/comments?post=71928"}],"version-history":[{"count":1,"href":"https:\/\/www.praha7.cz\/api\/wp\/v2\/posts\/71928\/revisions"}],"predecessor-version":[{"id":71934,"href":"https:\/\/www.praha7.cz\/api\/wp\/v2\/posts\/71928\/revisions\/71934"}],"wp:featuredmedia":[{"embeddable":true,"href":"https:\/\/www.praha7.cz\/api\/wp\/v2\/media\/71933"}],"wp:attachment":[{"href":"https:\/\/www.praha7.cz\/api\/wp\/v2\/media?parent=71928"}],"wp:term":[{"taxonomy":"category","embeddable":true,"href":"https:\/\/www.praha7.cz\/api\/wp\/v2\/categories?post=71928"},{"taxonomy":"post_tag","embeddable":true,"href":"https:\/\/www.praha7.cz\/api\/wp\/v2\/tags?post=71928"}],"curies":[{"name":"wp","href":"https:\/\/api.w.org\/{rel}","templated":true}]}}