    
{"id":71873,"date":"2023-11-27T10:34:28","date_gmt":"2023-11-27T09:34:28","guid":{"rendered":"https:\/\/www.praha7.cz\/?p=71873"},"modified":"2023-11-27T10:34:28","modified_gmt":"2023-11-27T09:34:28","slug":"stvanicka-lavka-je-stavbou-roku-2023","status":"publish","type":"post","link":"https:\/\/www.praha7.cz\/stvanicka-lavka-je-stavbou-roku-2023\/","title":{"rendered":"\u0160tvanick\u00e1 l\u00e1vka je Stavbou roku 2023"},"content":{"rendered":"<p>[perex]<\/p>\r\n<p>\u0160tvanick\u00e1 l\u00e1vka v&nbsp;Praze z\u00edskala v&nbsp;leto\u0161n\u00edm 31.&nbsp;ro\u010dn\u00edku sout\u011b\u017ee Nadace pro rozvoj architektury a&nbsp;stavitelstv\u00ed titul Stavba roku 2023. V\u00fdherce porota vyb\u00edrala z&nbsp;38 nominac\u00ed.\u00a0<\/p>\r\n<p>[\/perex]<\/p>\r\n<p>Ocen\u011bn\u00ed organiz\u00e1to\u0159i p\u0159edali na slavnostn\u00edm ve\u010deru v&nbsp;pra\u017esk\u00e9m Rudolfinu 24.&nbsp;listopadu 2023.\u00a0 Na \u0160tvanick\u00e9 l\u00e1vce v&nbsp;Praze spojuj\u00edc\u00ed Hole\u0161ovice s&nbsp;Karl\u00ednem porotci ocenili trvanlivost konstrukce, kter\u00e1 je podle nich oproti standardu v\u00edce ne\u017e dvojn\u00e1sobn\u00e1.\u00a0<\/p>\r\n<p>&nbsp;<\/p>\r\n<p>&nbsp;<\/p>","protected":false},"excerpt":{"rendered":"[perex] \u0160tvanick\u00e1 l\u00e1vka v&nbsp;Praze z\u00edskala v&nbsp;leto\u0161n\u00edm 31.&nbsp;ro\u010dn\u00edku sout\u011b\u017ee Nadace pro rozvoj architektury a&nbsp;stavitelstv\u00ed titul Stavba roku 2023. V\u00fdherce porota vyb\u00edrala z&nbsp;38 nominac\u00ed.\u00a0 [\/perex] Ocen\u011bn\u00ed organiz\u00e1to\u0159i p\u0159edali na slavnostn\u00edm ve\u010deru v&nbsp;pra\u017esk\u00e9m Rudolfinu 24.&nbsp;listopadu 2023.\u00a0 Na \u0160tvanick\u00e9 l\u00e1vce v&nbsp;Praze spojuj\u00edc\u00ed Hole\u0161ovice s&nbsp;Karl\u00ednem porotci ocenili trvanlivost konstrukce, kter\u00e1 je podle nich oproti standardu v\u00edce ne\u017e dvojn\u00e1sobn\u00e1.\u00a0 &nbsp; &nbsp;","protected":false},"author":251,"featured_media":68880,"comment_status":"closed","ping_status":"open","sticky":false,"template":"","format":"standard","meta":[],"categories":[34],"tags":[],"_links":{"self":[{"href":"https:\/\/www.praha7.cz\/api\/wp\/v2\/posts\/71873"}],"collection":[{"href":"https:\/\/www.praha7.cz\/api\/wp\/v2\/posts"}],"about":[{"href":"https:\/\/www.praha7.cz\/api\/wp\/v2\/types\/post"}],"author":[{"embeddable":true,"href":"https:\/\/www.praha7.cz\/api\/wp\/v2\/users\/251"}],"replies":[{"embeddable":true,"href":"https:\/\/www.praha7.cz\/api\/wp\/v2\/comments?post=71873"}],"version-history":[{"count":1,"href":"https:\/\/www.praha7.cz\/api\/wp\/v2\/posts\/71873\/revisions"}],"predecessor-version":[{"id":71874,"href":"https:\/\/www.praha7.cz\/api\/wp\/v2\/posts\/71873\/revisions\/71874"}],"wp:featuredmedia":[{"embeddable":true,"href":"https:\/\/www.praha7.cz\/api\/wp\/v2\/media\/68880"}],"wp:attachment":[{"href":"https:\/\/www.praha7.cz\/api\/wp\/v2\/media?parent=71873"}],"wp:term":[{"taxonomy":"category","embeddable":true,"href":"https:\/\/www.praha7.cz\/api\/wp\/v2\/categories?post=71873"},{"taxonomy":"post_tag","embeddable":true,"href":"https:\/\/www.praha7.cz\/api\/wp\/v2\/tags?post=71873"}],"curies":[{"name":"wp","href":"https:\/\/api.w.org\/{rel}","templated":true}]}}