    
{"id":71848,"date":"2023-11-24T12:39:03","date_gmt":"2023-11-24T11:39:03","guid":{"rendered":"https:\/\/www.praha7.cz\/?p=71848"},"modified":"2023-11-24T14:29:39","modified_gmt":"2023-11-24T13:29:39","slug":"mosty-prinaseji-dalsi-setkani-s-poezii","status":"publish","type":"post","link":"https:\/\/www.praha7.cz\/mosty-prinaseji-dalsi-setkani-s-poezii\/","title":{"rendered":"Mosty p\u0159in\u00e1\u0161ej\u00ed dal\u0161\u00ed setk\u00e1n\u00ed s&nbsp;poezi\u00ed"},"content":{"rendered":"<p>[perex]<\/p>\r\n<p>Divadeln\u00ed spolek Ty-j\u00e1-tr uspo\u0159\u00e1d\u00e1 v&nbsp;\u00fater\u00fd 28.&nbsp;listopadu 2023 od 19.00 zaj\u00edmav\u00e9 mezigenera\u010dn\u00ed setk\u00e1n\u00ed pro mal\u00e9 i&nbsp;velk\u00e9 milovn\u00edky poezie. Projekt Mosty op\u011bt propoj\u00ed nejmlad\u0161\u00ed a&nbsp;nejstar\u0161\u00ed generaci u&nbsp;kvalitn\u00ed literatury. Srde\u010dn\u011b v\u00e1s zveme na netradi\u010dn\u00ed n\u00e1v\u0161t\u011bvu prostor Alzy v\u00a0ulici U&nbsp;Pergamenky 2 spojenou s&nbsp;recitac\u00ed.<\/p>\r\n<p>[\/perex]<\/p>\r\n<p>Mosty spojuj\u00ed. Dva b\u0159ehy, dv\u011b strany, dva kontinenty. V&nbsp;p\u0159\u00edpad\u011b divadeln\u00edho spolku Ty-j\u00e1-tr pak Mosty spojuj\u00ed nejmlad\u0161\u00ed a&nbsp;nejstar\u0161\u00ed generaci. Juniory (nejmlad\u0161\u00ed 5 let) a&nbsp;seniory (nejstar\u0161\u00ed letos oslav\u00ed kulat\u00e9 narozeniny, kter\u00e9 za\u010d\u00ednaj\u00ed dev\u00edtkou).<\/p>\r\n<p>Prostory Alzy (U&nbsp;Pergamenky 2) o\u017eij\u00ed texty J. Ha\u0161ka, J. \u017d\u00e1\u010dka, I. Wernische, V. Havla, S. Silversteina, M. Macourka, J. D\u011bde\u010dka, I. B\u0159ezinov\u00e9, T. Pe\u0159iny a&nbsp;cel\u00e9 \u0159ady dal\u0161\u00edch. Za recit\u00e1tory budou div\u00e1ci putovat po cel\u00e9m objektu. Tam, kde b\u011b\u017en\u011b pracuj\u00ed mana\u017ee\u0159i a&nbsp;prob\u00edhaj\u00ed jedn\u00e1n\u00ed, zavl\u00e1dne poezie. Zveme \u0161irokou ve\u0159ejnost na inspirativn\u00ed mezigenera\u010dn\u00ed setk\u00e1n\u00ed na netradi\u010dn\u00edm m\u00edst\u011b.<\/p>\r\n<p>V r\u00e1mci Most\u016f prob\u011bhne i&nbsp;premi\u00e9ra inscenace P\u00edsni\u010dky bez muziky z&nbsp;ver\u0161\u016f Emanuela Frynty v&nbsp;pod\u00e1n\u00ed student\u016f a&nbsp;absolvent\u016f Akademie kultury a&nbsp;um\u011bn\u00ed pro seniory hlavn\u00edho m\u011bsta Prahy (Ty-j\u00e1-tr \u2013 Tes\u00e1rkovci).<\/p>\r\n<hr \/>\r\n<p><strong>28.&nbsp;listopadu 2023 od 19.00<\/strong><\/p>\r\n<p><strong>Alza Praha&nbsp;7 (<a href=\"https:\/\/maps.app.goo.gl\/c4WMLKTY5a7BGfmN8\" target=\"_blank\" rel=\"noopener\">U Pergamenky 2<\/a>)<\/strong>, 2.&nbsp;patro budovy (vstoup\u00edte dovnit\u0159, projdete okolo \u201esochy kr\u00e1vy\u201c a&nbsp;dojdete k&nbsp;v\u00fdtah\u016fm, kde ji\u017e budou \u010dekat pr\u016fvodci)<\/p>\r\n<p>vstupn\u00e9 dobrovoln\u00e9<\/p>\r\n<p>po\u0159\u00e1d\u00e1 <a href=\"https:\/\/ty-ja-tr.cz\/\" target=\"_blank\" rel=\"noopener\">DS Ty-j\u00e1-tr<\/a><\/p>","protected":false},"excerpt":{"rendered":"[perex] Divadeln\u00ed spolek Ty-j\u00e1-tr uspo\u0159\u00e1d\u00e1 v&nbsp;\u00fater\u00fd 28.&nbsp;listopadu 2023 od 19.00 zaj\u00edmav\u00e9 mezigenera\u010dn\u00ed setk\u00e1n\u00ed pro mal\u00e9 i&nbsp;velk\u00e9 milovn\u00edky poezie. Projekt Mosty op\u011bt propoj\u00ed nejmlad\u0161\u00ed a&nbsp;nejstar\u0161\u00ed generaci u&nbsp;kvalitn\u00ed literatury. Srde\u010dn\u011b v\u00e1s zveme na netradi\u010dn\u00ed n\u00e1v\u0161t\u011bvu prostor Alzy v\u00a0ulici U&nbsp;Pergamenky 2 spojenou s&nbsp;recitac\u00ed. [\/perex] Mosty spojuj\u00ed. Dva b\u0159ehy, dv\u011b strany, dva kontinenty. V&nbsp;p\u0159\u00edpad\u011b divadeln\u00edho spolku Ty-j\u00e1-tr pak Mosty [&hellip;]","protected":false},"author":5,"featured_media":71849,"comment_status":"closed","ping_status":"open","sticky":false,"template":"","format":"standard","meta":[],"categories":[34],"tags":[],"_links":{"self":[{"href":"https:\/\/www.praha7.cz\/api\/wp\/v2\/posts\/71848"}],"collection":[{"href":"https:\/\/www.praha7.cz\/api\/wp\/v2\/posts"}],"about":[{"href":"https:\/\/www.praha7.cz\/api\/wp\/v2\/types\/post"}],"author":[{"embeddable":true,"href":"https:\/\/www.praha7.cz\/api\/wp\/v2\/users\/5"}],"replies":[{"embeddable":true,"href":"https:\/\/www.praha7.cz\/api\/wp\/v2\/comments?post=71848"}],"version-history":[{"count":4,"href":"https:\/\/www.praha7.cz\/api\/wp\/v2\/posts\/71848\/revisions"}],"predecessor-version":[{"id":71864,"href":"https:\/\/www.praha7.cz\/api\/wp\/v2\/posts\/71848\/revisions\/71864"}],"wp:featuredmedia":[{"embeddable":true,"href":"https:\/\/www.praha7.cz\/api\/wp\/v2\/media\/71849"}],"wp:attachment":[{"href":"https:\/\/www.praha7.cz\/api\/wp\/v2\/media?parent=71848"}],"wp:term":[{"taxonomy":"category","embeddable":true,"href":"https:\/\/www.praha7.cz\/api\/wp\/v2\/categories?post=71848"},{"taxonomy":"post_tag","embeddable":true,"href":"https:\/\/www.praha7.cz\/api\/wp\/v2\/tags?post=71848"}],"curies":[{"name":"wp","href":"https:\/\/api.w.org\/{rel}","templated":true}]}}