    
{"id":71824,"date":"2023-11-23T15:44:50","date_gmt":"2023-11-23T14:44:50","guid":{"rendered":"https:\/\/www.praha7.cz\/?p=71824"},"modified":"2023-11-23T15:57:29","modified_gmt":"2023-11-23T14:57:29","slug":"fzs-umelecka-vzdala-poctu-pavlu-jurkovicovi","status":"publish","type":"post","link":"https:\/\/www.praha7.cz\/fzs-umelecka-vzdala-poctu-pavlu-jurkovicovi\/","title":{"rendered":"FZ\u0160 Um\u011bleck\u00e1 vzdala poctu Pavlu Jurkovi\u010dovi"},"content":{"rendered":"<p>[perex]<\/p>\r\n<p>Ve st\u0159edu 22.&nbsp;listopadu 2023 se v&nbsp;aule FZ\u0160 um\u011bleck\u00e1 konal slavnostn\u00ed koncert k&nbsp;uct\u011bn\u00ed pam\u00e1tky a&nbsp;p\u0159ipom\u00ednky nedo\u017eit\u00fdch devades\u00e1t\u00fdch narozenin hudebn\u00edka, pedagoga a&nbsp;\u010destn\u00e9ho ob\u010dana Prahy&nbsp;7 Pavla Jurkovi\u010de.<\/p>\r\n<p>[\/perex]<\/p>\r\n<p>Hudebn\u00ed skladatel, instrumentalista a&nbsp;zp\u011bv\u00e1k Pavel Jurkovi\u010d p\u016fsobil \u0159adu let ve FZ\u0160 Um\u011bleck\u00e1 a&nbsp;st\u011b\u017eejn\u00edm zp\u016fsobem p\u0159isp\u011bl k&nbsp;syst\u00e9mu roz\u0161\u00ed\u0159en\u00e9 v\u00fduky hudebn\u00ed v\u00fdchovy, kter\u00fd se ve \u0161kole vyu\u017e\u00edv\u00e1 dodnes.<\/p>\r\n<p>Na pam\u00e1tku v\u00fdjime\u010dn\u00e9ho pedagoga a&nbsp;\u010dlov\u011bka, kter\u00fd nejen v&nbsp;Praze 7 zanechal svou nesmazatelnou stopu, byla aula FZ\u0160 Um\u011bleck\u00e1 p\u0159ejmenov\u00e1n na aulu Pavla Jurkovi\u010de.<\/p>\r\n<p>&nbsp;<\/p>\r\n<p><img loading=\"lazy\" src=\"https:\/\/www.praha7.cz\/wp-content\/uploads\/2023\/11\/koncert-pro-Pavla-Jurkovice-1.jpg\" alt=\"\" width=\"727\" height=\"620\" class=\"alignnone size-full wp-image-71828\" srcset=\"https:\/\/www.praha7.cz\/wp-content\/uploads\/2023\/11\/koncert-pro-Pavla-Jurkovice-1.jpg 727w, https:\/\/www.praha7.cz\/wp-content\/uploads\/2023\/11\/koncert-pro-Pavla-Jurkovice-1-469x400.jpg 469w\" sizes=\"(max-width: 727px) 100vw, 727px\" \/><\/p>\r\n<p>&nbsp;<\/p>\r\n<p>Mezi v\u00fdznamn\u00fdmi hosty se vzpom\u00ednkov\u00e9ho koncertu z\u00fa\u010dastnili sen\u00e1torka za Kyjovsko a&nbsp;Hodon\u00ednsko Eva Rajchmanov\u00e1, starosta M\u010c Praha&nbsp;7 Jan \u010ci\u017einsk\u00fd, starosta Star\u00e9ho Poddvora (rodn\u00e9 obce Pavla Jurkovi\u010de) Ivo Padal\u00edk, \u0159editel FZ\u0160 Um\u011bleck\u00e1 Bohumil Kettner, p\u0159edseda Spole\u010dnosti Pavla Jurkovi\u010de Martin Rudovsk\u00fd a&nbsp;dcera Pavla Jurkovi\u010de Barbora Jurkovi\u010dov\u00e1.<\/p>\r\n<p>&nbsp;<\/p>\r\n\r\n<figure id=\"attachment_71826\" aria-describedby=\"caption-attachment-71826\" style=\"width: 1000px\" class=\"wp-caption alignnone\"><img loading=\"lazy\" src=\"https:\/\/www.praha7.cz\/wp-content\/uploads\/2023\/11\/koncert-pro-Pavla-Jurkovice-2.jpg\" alt=\"\" width=\"1000\" height=\"750\" class=\"size-full wp-image-71826\" srcset=\"https:\/\/www.praha7.cz\/wp-content\/uploads\/2023\/11\/koncert-pro-Pavla-Jurkovice-2.jpg 1000w, https:\/\/www.praha7.cz\/wp-content\/uploads\/2023\/11\/koncert-pro-Pavla-Jurkovice-2-533x400.jpg 533w, https:\/\/www.praha7.cz\/wp-content\/uploads\/2023\/11\/koncert-pro-Pavla-Jurkovice-2-768x576.jpg 768w\" sizes=\"(max-width: 1000px) 100vw, 1000px\" \/><figcaption id=\"caption-attachment-71826\" class=\"wp-caption-text\">p\u011bveck\u00fd sbor Radost Praha<\/figcaption><\/figure>\r\n\r\n<p>&nbsp;<\/p>\r\n<p>V\u00a0r\u00e1mci programu vystoupili \u017e\u00e1ci hudebn\u00edch t\u0159\u00edd FZ\u0160 Um\u011bleck\u00e1, d\u00edv\u010d\u00ed komorn\u00ed sbor Vokalion a&nbsp;d\u011btsk\u00fd p\u011bveck\u00fd sbor Radost Praha.<\/p>\r\n<p>&nbsp;<\/p>\r\n<p><img loading=\"lazy\" src=\"https:\/\/www.praha7.cz\/wp-content\/uploads\/2023\/11\/pavel-jurkovic-klavir-600-dpi-690x1000.jpg\" alt=\"\" width=\"640\" height=\"928\" class=\"alignnone size-large wp-image-71827\" srcset=\"https:\/\/www.praha7.cz\/wp-content\/uploads\/2023\/11\/pavel-jurkovic-klavir-600-dpi-690x1000.jpg 690w, https:\/\/www.praha7.cz\/wp-content\/uploads\/2023\/11\/pavel-jurkovic-klavir-600-dpi-276x400.jpg 276w, https:\/\/www.praha7.cz\/wp-content\/uploads\/2023\/11\/pavel-jurkovic-klavir-600-dpi-768x1112.jpg 768w, https:\/\/www.praha7.cz\/wp-content\/uploads\/2023\/11\/pavel-jurkovic-klavir-600-dpi-1060x1536.jpg 1060w, https:\/\/www.praha7.cz\/wp-content\/uploads\/2023\/11\/pavel-jurkovic-klavir-600-dpi-1414x2048.jpg 1414w, https:\/\/www.praha7.cz\/wp-content\/uploads\/2023\/11\/pavel-jurkovic-klavir-600-dpi-scaled.jpg 1767w\" sizes=\"(max-width: 640px) 100vw, 640px\" \/><\/p>","protected":false},"excerpt":{"rendered":"[perex] Ve st\u0159edu 22.&nbsp;listopadu 2023 se v&nbsp;aule FZ\u0160 um\u011bleck\u00e1 konal slavnostn\u00ed koncert k&nbsp;uct\u011bn\u00ed pam\u00e1tky a&nbsp;p\u0159ipom\u00ednky nedo\u017eit\u00fdch devades\u00e1t\u00fdch narozenin hudebn\u00edka, pedagoga a&nbsp;\u010destn\u00e9ho ob\u010dana Prahy&nbsp;7 Pavla Jurkovi\u010de. [\/perex] Hudebn\u00ed skladatel, instrumentalista a&nbsp;zp\u011bv\u00e1k Pavel Jurkovi\u010d p\u016fsobil \u0159adu let ve FZ\u0160 Um\u011bleck\u00e1 a&nbsp;st\u011b\u017eejn\u00edm zp\u016fsobem p\u0159isp\u011bl k&nbsp;syst\u00e9mu roz\u0161\u00ed\u0159en\u00e9 v\u00fduky hudebn\u00ed v\u00fdchovy, kter\u00fd se ve \u0161kole vyu\u017e\u00edv\u00e1 dodnes. Na pam\u00e1tku v\u00fdjime\u010dn\u00e9ho [&hellip;]","protected":false},"author":5,"featured_media":71825,"comment_status":"closed","ping_status":"open","sticky":false,"template":"","format":"standard","meta":[],"categories":[34],"tags":[],"_links":{"self":[{"href":"https:\/\/www.praha7.cz\/api\/wp\/v2\/posts\/71824"}],"collection":[{"href":"https:\/\/www.praha7.cz\/api\/wp\/v2\/posts"}],"about":[{"href":"https:\/\/www.praha7.cz\/api\/wp\/v2\/types\/post"}],"author":[{"embeddable":true,"href":"https:\/\/www.praha7.cz\/api\/wp\/v2\/users\/5"}],"replies":[{"embeddable":true,"href":"https:\/\/www.praha7.cz\/api\/wp\/v2\/comments?post=71824"}],"version-history":[{"count":5,"href":"https:\/\/www.praha7.cz\/api\/wp\/v2\/posts\/71824\/revisions"}],"predecessor-version":[{"id":71833,"href":"https:\/\/www.praha7.cz\/api\/wp\/v2\/posts\/71824\/revisions\/71833"}],"wp:featuredmedia":[{"embeddable":true,"href":"https:\/\/www.praha7.cz\/api\/wp\/v2\/media\/71825"}],"wp:attachment":[{"href":"https:\/\/www.praha7.cz\/api\/wp\/v2\/media?parent=71824"}],"wp:term":[{"taxonomy":"category","embeddable":true,"href":"https:\/\/www.praha7.cz\/api\/wp\/v2\/categories?post=71824"},{"taxonomy":"post_tag","embeddable":true,"href":"https:\/\/www.praha7.cz\/api\/wp\/v2\/tags?post=71824"}],"curies":[{"name":"wp","href":"https:\/\/api.w.org\/{rel}","templated":true}]}}