    
{"id":71789,"date":"2023-11-22T15:33:32","date_gmt":"2023-11-22T14:33:32","guid":{"rendered":"https:\/\/www.praha7.cz\/?p=71789"},"modified":"2023-11-22T15:35:13","modified_gmt":"2023-11-22T14:35:13","slug":"zapomenuta-prosincova-tragedie","status":"publish","type":"post","link":"https:\/\/www.praha7.cz\/zapomenuta-prosincova-tragedie\/","title":{"rendered":"Zapomenut\u00e1 prosincov\u00e1 trag\u00e9die"},"content":{"rendered":"<p>[perex]<\/p>\r\n<p><span style=\"color: #ff6600;\">Zlat\u00e1 \u00e9ra Hole\u0161ovic, pota\u017emo cel\u00e9 Prahy&nbsp;7, na p\u0159elomu 19.&nbsp;a&nbsp;20.&nbsp;stolet\u00ed s&nbsp;sebou p\u0159inesla celou \u0159adu pozitivn\u00edch miln\u00edk\u016f \u2013 vybudov\u00e1n\u00ed \u00fast\u0159edn\u00edch jatek, zprovozn\u011bn\u00ed hole\u0161ovick\u00e9ho p\u0159\u00edstavu nebo v\u00fdstavbu plyn\u00e1rny. Bou\u0159liv\u00fd rozvoj m\u011bl ale i&nbsp;sv\u00e9 stinn\u00e9 str\u00e1nky, p\u0159\u00edkladem budi\u017e ne\u0161t\u011bst\u00ed, kter\u00e9 se odehr\u00e1lo v&nbsp;Hole\u0161ovic\u00edch nedaleko bubensk\u00e9ho n\u00e1dra\u017e\u00ed v&nbsp;polovin\u011b prosince 1893. Od t\u00e9to zapomenut\u00e9 trag\u00e9die v&nbsp;t\u011bchto dnech uplynulo 130 let.<\/span><\/p>\r\n<p>[\/perex]<\/p>\r\n<p>V posledn\u00edch letech 19.&nbsp;stolet\u00ed se pozvolna za\u010dal prom\u011b\u0148ovat charakter doln\u00edch Hole\u0161ovic. V&nbsp;doposud t\u00e9m\u011b\u0159 v\u00fdhradn\u011b pr\u016fmyslov\u00e9 enkl\u00e1v\u011b v&nbsp;oblasti Manin pobl\u00ed\u017e tehdej\u0161\u00edch \u00fast\u0159edn\u00edch jatek, ale i&nbsp;na druh\u00e9 stran\u011b poloostrova u&nbsp;starod\u00e1vn\u00e9 \u010dtvrti zvan\u00e9 Z\u00e1tory pomalu za\u010d\u00ednaj\u00ed r\u016fst obytn\u00e9 domy.<\/p>\r\n<p>V druh\u00e9 polovin\u011b roku 1893 se t\u0159\u00edpatrov\u00fd d\u016fm za\u010dal stav\u011bt i&nbsp;v&nbsp;N\u00e1dra\u017en\u00ed ulici (dnes \u017delezni\u010d\u00e1\u0159\u016f) na dohled od tehdej\u0161\u00edho are\u00e1lu m\u011bstsk\u00e9 plyn\u00e1rny a&nbsp;nedaleko od magistr\u00e1tn\u00ed expozitury, tedy zjednodu\u0161en\u011b \u0159e\u010deno obdoby dne\u0161n\u00edho \u00fa\u0159adu m\u011bstsk\u00e9 \u010d\u00e1sti, kter\u00e1 s\u00eddlila v&nbsp;dnes ji\u017e neexistuj\u00edc\u00edm dom\u011b \u010d. p. 265. Majitelem pozemku a&nbsp;investorem vznikaj\u00edc\u00ed stavby byl bedn\u00e1\u0159sk\u00fd mistr Jan Charv\u00e1t (1848\u20131908). V&nbsp;prvn\u00ed \u0159ad\u011b se rozhodl p\u0159est\u011bhovat do Hole\u0161ovic svou bedn\u00e1\u0159skou d\u00edlnu, kterou dosud provozoval v&nbsp;Hybernsk\u00e9 ulici \u010d. p. 1000. Nejprve si tedy na sv\u00e9m pozemku nechal postavit novou d\u00edlnu a&nbsp;n\u011bkolik k\u016flen, ve kter\u00fdch pl\u00e1noval skladovat v\u00fdrobky sv\u00e9 firmy \u2013 men\u0161\u00ed d\u0159ev\u011bn\u00e9 soudky ur\u010den\u00e9 zejm\u00e9na na potraviny. 14.&nbsp;prosince vydal pra\u017esk\u00fd magistr\u00e1t Charv\u00e1tovi kladn\u00e9 kolauda\u010dn\u00ed rozhodnut\u00ed, \u010d\u00edm\u017e mu povolil provozovat \u017eivnost v&nbsp;nov\u00e9 d\u00edln\u011b. Charv\u00e1t se, zcela v&nbsp;duchu tehdej\u0161\u00edch zvyklost\u00ed, rozhodl zhodnotit sv\u016fj pozemek i&nbsp;jinak \u2013 napl\u00e1noval na n\u011bm tak\u00e9 stavbu t\u0159\u00edpatrov\u00e9ho podsklepen\u00e9ho obytn\u00e9ho domu.<\/p>\r\n<p>Stavba byla zah\u00e1jena v&nbsp;polovin\u011b z\u00e1\u0159\u00ed 1893 a&nbsp;prov\u00e1d\u011bl ji stavitel Jan Proch\u00e1zka, jeho\u017e firma s\u00eddlila na tehdej\u0161\u00ed Ferdinandov\u011b t\u0159\u00edd\u011b (dnes N\u00e1rodn\u00ed). Pr\u00e1ce prob\u00edhaly bez probl\u00e9m\u016f, hrub\u00e1 stavba zdiva byla prakticky hotova, zanedlouho m\u011bla n\u00e1sledovat instalace krovu.<\/p>\r\n<p>V\u0161e se zm\u011bnilo b\u011bhem osudn\u00e9ho p\u00e1te\u010dn\u00edho podve\u010dera 15.&nbsp;prosince 1893. U\u017e bylo po setm\u011bn\u00ed, \u010dty\u0159em des\u00edtk\u00e1m zde pracuj\u00edc\u00edch d\u011bln\u00edk\u016f a&nbsp;d\u011blnic se sm\u011bna pomalu ch\u00fdlila ke konci, kdy\u017e se t\u011bsn\u011b p\u0159ed p\u016fl p\u00e1tou odpoledn\u00ed ozval z&nbsp;rozestav\u011bn\u00e9ho domu zvl\u00e1\u0161tn\u00ed zvuk. St\u0159edn\u00ed \u201ekom\u00ednov\u00e1\u201c st\u011bna dokon\u010dovan\u00e9ho domu se n\u00e1hle z\u0159\u00edtila a&nbsp;strhla s&nbsp;sebou i&nbsp;v\u011bt\u0161\u00ed \u010d\u00e1st obvodov\u00fdch zd\u00ed, kter\u00e9 se d\u00edlem zbortily dovnit\u0159 stavby, v\u011bt\u0161\u00ed \u010d\u00e1st materi\u00e1lu pak skon\u010dila na p\u0159ilehl\u00e9 silnici.<br \/>\r\n<br \/>\r\n<\/p>\r\n<p><img loading=\"lazy\" src=\"https:\/\/www.praha7.cz\/wp-content\/uploads\/2023\/11\/03_IMG_20231101_093438-295x400.png\" alt=\"\" width=\"295\" height=\"400\" class=\"alignnone size-medium wp-image-71791\" srcset=\"https:\/\/www.praha7.cz\/wp-content\/uploads\/2023\/11\/03_IMG_20231101_093438-295x400.png 295w, https:\/\/www.praha7.cz\/wp-content\/uploads\/2023\/11\/03_IMG_20231101_093438.png 679w\" sizes=\"(max-width: 295px) 100vw, 295px\" \/><br \/>\r\n<em><span style=\"color: #ff6600;\">N\u00e1vrh pr\u016f\u010del\u00ed p\u016fvodn\u00edho domu i&nbsp;se jm\u00e9nem majitele<\/span><\/em><\/p>\r\n<p><br \/>\r\nSamotn\u00e9 okam\u017eiky katastrofy p\u0159ibl\u00ed\u017eil N\u00e1rodn\u00edm list\u016fm jeden z&nbsp;p\u0159\u00edm\u00fdch sv\u011bdk\u016f, zedn\u00edk Anton\u00edn Smol\u00edk z&nbsp;Klecan (pr\u00e1v\u011b z&nbsp;t\u00e9to vesnice poch\u00e1zela \u010d\u00e1st d\u011bln\u00edk\u016f zam\u011bstnan\u00fdch na stavb\u011b): \u201ePracoval jsem ve spole\u010dnosti 10 zedn\u00edk\u016f na dvore\u010dn\u00e9m rohu novostavby. Zdili jsme schodi\u0161t\u011b. Z&nbsp;pr\u00e1ce t\u00e9to byli jsme pojednou vyru\u0161eni praskotem. V\u0161ichni jsme se ohl\u00e9dli a&nbsp;tu s&nbsp;hr\u016fzou vid\u011bli jsme, \u017ee podlahov\u00e9 tr\u00e1my v&nbsp;n\u00e1dra\u017en\u00edm k\u0159\u00eddle (\u010d\u00e1st domu orientovan\u00e1 sm\u011brem do ulice, respektive k&nbsp;bl\u00edzk\u00e9mu n\u00e1dra\u017e\u00ed \u2013 pozn. aut.) novostavby se od sebe odd\u011blily a&nbsp;\u017ee cel\u00e1 tato \u010d\u00e1st stavby za hrozn\u00e9ho praskotu se \u0159\u00edt\u00ed. Dali jsme se do k\u0159iku a&nbsp;jedenka\u017ed\u00fd odhodiv sv\u016fj n\u00e1stroj, pom\u00fd\u0161lel na svou vlastn\u00ed z\u00e1chranu. N\u011bkte\u0159\u00ed sp\u011bchali po schodech dol\u016f, bratr m\u016fj, Karel Smol\u00edk, sko\u010dil s&nbsp;t\u0159et\u00edho patra na zem. Sp\u011bchal jsem nejprve po schodech do druh\u00e9ho patra, kdy\u017e jsem ale vid\u011bl bratra \u0159\u00edtiti se do propasti, domn\u00edval jsem se, \u017ee snad cel\u00e1 stavba se \u0159\u00edt\u00ed, a&nbsp;proto vylezl jsem do okna druh\u00e9ho patra a&nbsp;sko\u010dil jsem za bratrem. Dole d\u011bkovali jsme nebes\u016fm, \u017ee jsme zachr\u00e1n\u011bni. Za malou chvilku p\u0159i\u0161li ostatn\u00ed na\u0161i soudruhov\u00e9. Prvn\u00ed na\u0161\u00ed p\u00e9\u010d\u00ed bylo, abychom nalezli sv\u00e9ho otce. Pracoval na n\u00e1dra\u017en\u00edm k\u0159\u00eddle stavby, a&nbsp;proto jsme tam sp\u011bchali. Le\u010d tam hr\u016fzou skorem jsme on\u011bm\u011bli. Cel\u00e1 tato \u010d\u00e1st stavby byla s\u0159\u00edcena a&nbsp;po v\u0161ech zedn\u00edc\u00edch a&nbsp;n\u00e1den\u00edc\u00edch, kte\u0159\u00ed tam pracovali, nebylo ani zn\u00e1mky. Vid\u011bli jsme, \u017ee je po otci veta. Nicm\u00e9n\u011b doufali jsme, \u017ee bude zachr\u00e1n\u011bn, nebo\u0165 ze sutin bylo sly\u0161eti lidsk\u00e9 hlasy, o&nbsp;pomoc volaj\u00edc\u00ed. V&nbsp;o\u010dek\u00e1v\u00e1n\u00ed na\u0161em jsme v\u0161ak byli zklam\u00e1ni\u2026\u201c<\/p>\r\n<p><strong><span style=\"color: #ff6600;\">Z\u00e1chrann\u00e9 pr\u00e1ce<\/span><\/strong><br \/>\r\nZ\u0159\u00edcen\u00ed stavby prov\u00e1zel hluk, kter\u00fd okam\u017eit\u011b p\u0159il\u00e1kal \u0159adu lid\u00ed z\u00a0okol\u00ed. Pobl\u00ed\u017e, na bubensk\u00e9m n\u00e1dra\u017e\u00ed, se pohyboval z\u0159\u00edzenec Franti\u0161ek Janou\u0161ek, kter\u00fd ihned b\u011b\u017eel na policejn\u00ed str\u00e1\u017enici, odkud pak bylo telefonov\u00e1no do okoln\u00edch ochrann\u00fdch stanic (s\u00eddla hasi\u010d\u016f). Na m\u00edsto se tak pom\u011brn\u011b brzy dostavili hasi\u010di z\u00a0bl\u00edzk\u00fdch stanic\u00a0\u2013 v\u00a0prvn\u00ed \u0159ad\u011b z\u00a0p\u0159ilehl\u00e9ho n\u00e1dra\u017e\u00ed st\u00e1tn\u00edch drah, z\u00a0Hole\u0161ovic a\u00a0z\u00a0Libn\u011b. Okam\u017eit\u011b se pustili do odkl\u00edzen\u00ed trosek ve snaze vysvobodit zasypan\u00e9 d\u011bln\u00edky, kte\u0159\u00ed p\u00e1d zdiva p\u0159e\u017eili. Nejodv\u00e1\u017een\u011bj\u0161\u00edm hasi\u010d\u016fm se po odhrab\u00e1n\u00ed trosek poda\u0159ilo vniknout do sklepn\u00edch prostor, kter\u00e9 p\u0159i sv\u011btle lou\u010d\u00ed prohled\u00e1vali. Pr\u00e1v\u011b odsud se toti\u017e oz\u00fdval siln\u00fd n\u00e1\u0159ek zran\u011bn\u00fdch d\u011bln\u00edk\u016f.<\/p>\r\n<p>Do sedm\u00e9 hodiny ve\u010dern\u00ed se poda\u0159ilo ze zbo\u0159eni\u0161t\u011b vyt\u00e1hnout celkem \u0161est lid\u00ed, v\u00edce \u010di m\u00e9n\u011b zran\u011bn\u00fdch. Byli odneseni do bl\u00edzk\u00e9 restaurace na bubensk\u00e9m n\u00e1dra\u017e\u00ed, kde byla z\u0159\u00edzena provizorn\u00ed o\u0161et\u0159ovna a&nbsp;p\u00e9\u010di jim zde poskytli \u010dty\u0159i l\u00e9ka\u0159i, kter\u00e9 mezit\u00edm zburcovali sv\u011bdci ne\u0161t\u011bst\u00ed. Jeden ze zran\u011bn\u00fdch, zedn\u00edk Jan Kr\u010dil z&nbsp;Bran\u00edka, byl t\u011b\u017ece zran\u011bn na hlav\u011b a&nbsp;v&nbsp;bezv\u011bdom\u00ed, v&nbsp;kritick\u00e9m stavu byl odvezen do v\u0161eobecn\u00e9 nemocnice. Stejn\u011b tak i&nbsp;osmn\u00e1ctilet\u00fd zedn\u00edk Anton\u00edn Walter z&nbsp;Klecan, jen\u017e zem\u0159el je\u0161t\u011b b\u011bhem transportu do nemocnice, a&nbsp;stal se tak prvn\u00ed potvrzenou ob\u011bt\u00ed ne\u0161t\u011bst\u00ed.<\/p>\r\n<p>Z\u00e1rove\u0148 ale bylo z\u0159ejm\u00e9, \u017ee pod troskami z\u016fstalo n\u011bkolik osob, kter\u00e9 takov\u00e9 \u0161t\u011bst\u00ed nem\u011bly. Ve sklep\u011b byly prakticky ihned objeveny dv\u011b mrtvoly, kter\u00e9 ale prozat\u00edm nebylo mo\u017eno vyt\u00e1hnout. Po\u010det mrtv\u00fdch, respektive nezv\u011bstn\u00fdch, nebylo mo\u017en\u00e9 v&nbsp;prvn\u00edch hodin\u00e1ch ur\u010dit, proto\u017ee ve zmatku nastal\u00e9m po ne\u0161t\u011bst\u00ed cel\u00e1 \u0159ada stavebn\u00edch d\u011bln\u00edk\u016f m\u00edsto hr\u016fzy sp\u011b\u0161n\u011b opustila.<\/p>\r\n<p>Ke zbo\u0159eni\u0161ti byli povol\u00e1ni tak\u00e9 pra\u017e\u0161t\u00ed radn\u00ed, kte\u0159\u00ed zastupovali Hole\u0161ovice \u2013 Jan Seifert a&nbsp;Eustach Neubert. Pr\u00e1v\u011b stavitel Seifert se spole\u010dn\u011b s&nbsp;velitelem hasi\u010d\u016f T\u016fmou ujal veden\u00ed z\u00e1chrann\u00fdch prac\u00ed. Z&nbsp;dne\u0161n\u00edho pohledu je t\u011b\u017ek\u00e9 si p\u0159edstavit bezmoc zasahuj\u00edc\u00edch z\u00e1chran\u00e1\u0159\u016f, kte\u0159\u00ed nem\u011bli k&nbsp;dispozici prakticky \u017e\u00e1dnou techniku, nap\u0159\u00edklad o&nbsp;elektrick\u00e9m osv\u011btlen\u00ed m\u00edsta ani nemluv\u011b. Pr\u00e1v\u011b absolutn\u00ed tma a&nbsp;z\u00e1rove\u0148 riziko p\u00e1du zbyl\u00e9ho zdiva vedly zasahuj\u00edc\u00ed k&nbsp;rozhodnut\u00ed pr\u00e1ce p\u0159eru\u0161it a\u017e do rozedn\u011bn\u00ed n\u00e1sleduj\u00edc\u00edho dne. Jen stavitele Jana Proch\u00e1zku je\u0161t\u011b \u010dekal dlouh\u00fd v\u00fdslech na policejn\u00ed stanici.<\/p>\r\n<p><span style=\"color: #ff6600;\"><strong>P\u0159\u00ed\u010diny a&nbsp;d\u016fsledky katastrofy<\/strong><\/span><br \/>\r\nN\u00e1sleduj\u00edc\u00ed den za\u010dalo v\u00a0sedm hodin r\u00e1no odkl\u00edzen\u00ed trosek. Zpr\u00e1va o\u00a0katastrof\u011b se brzy rozk\u0159ikla po cel\u00e9 Praze a\u00a0k\u00a0m\u00edstu ne\u0161t\u011bst\u00ed se vydaly tis\u00edce (!) zv\u011bdavc\u016f, kte\u0159\u00ed sledovali pr\u016fb\u011bh z\u00e1chrann\u00fdch prac\u00ed. Od m\u00edsta ne\u0161t\u011bst\u00ed je musel odd\u011blovat kordon policist\u016f. Dostavili se tak\u00e9 z\u00e1stupci stavebn\u00edho odboru magistr\u00e1tu, policejn\u00ed vy\u0161et\u0159ovatel a\u00a0samoz\u0159ejm\u011b hasi\u010di. Z\u00fa\u010dastn\u011bn\u00ed se nedok\u00e1zali shodnout, jak\u00fdm zp\u016fsobem pokra\u010dovat. Jedni navrhovali postavit kolem zbyl\u00e9ho zdiva le\u0161en\u00ed a\u00a0pomalu jej rozeb\u00edrat, druz\u00ed se p\u0159ikl\u00e1n\u011bli k\u00a0variant\u011b str\u017een\u00ed zd\u00ed a\u00a0vykl\u00edzen\u00ed v\u0161ech sutin. Po \u010dty\u0159hodinov\u00e9m jedn\u00e1n\u00ed byla nakonec zvolena varianta str\u017een\u00ed zd\u00ed, co\u017e p\u0159\u00edtomn\u00ed hasi\u010di po poledni provedli. Za\u010dalo odkl\u00edzen\u00ed sutin, p\u0159\u00edtomn\u00fd redaktor listu N\u00e1rodn\u00ed politika si povzdechl nad pomal\u00fdm tempem, se kter\u00fdm k\u00a0tomu doch\u00e1zelo. Takto bude trvat t\u00fddny, ne\u017e budou t\u011bla mrtv\u00fdch vypro\u0161t\u011bna\u2026<\/p>\r\n<p>Po ob\u011bd\u011b tak\u00e9 dorazila narychlo ustaven\u00e1 vy\u0161et\u0159ovac\u00ed komise slo\u017een\u00e1 ze z\u00e1stupc\u016f soudu a&nbsp;prokuratury, dvou znalc\u016f v&nbsp;oboru stavitelstv\u00ed a&nbsp;zapisovatele. Jej\u00ed \u010dlenov\u00e9 ihned zaznamenali nesrovnalosti \u2013 nap\u0159\u00edklad \u0161\u00ed\u0159ka konstruk\u010dn\u00edch traverz byla o&nbsp;5 centimetr\u016f men\u0161\u00ed, ne\u017e b\u00fdvalo zvykem. Se svou teori\u00ed o&nbsp;p\u0159\u00ed\u010din\u011b ne\u0161t\u011bst\u00ed p\u0159i\u0161el i&nbsp;stavitel Proch\u00e1zka. Podle n\u011bj byly z\u00e1klady domu zalo\u017eeny je\u0161t\u011b o&nbsp;p\u016fl metru n\u00ed\u017ee, ne\u017e stanovil projekt, pod domem tak z\u0159ejm\u011b proch\u00e1z\u00ed n\u011bjak\u00fd vodn\u00ed proud, kter\u00fd p\u00e1d domu zp\u016fsobil. I&nbsp;p\u0159es pomal\u00e9 odkl\u00edzen\u00ed trosek se poda\u0159ilo objevit dv\u011b mrtv\u00e1 t\u011bla \u2013 dvaa\u010dty\u0159icetilet\u00e9ho zedn\u00edka z&nbsp;Klecan Josefa Osmika a&nbsp;ji\u017e zm\u00edn\u011bn\u00e9ho Josefa Smol\u00edka, otce dvou bratr\u016f, kte\u0159\u00ed vysko\u010dili z&nbsp;oken. V&nbsp;t\u00e9to souvislosti uvedl tisk fakt, \u017ee Anton\u00edn Smol\u00edk se u\u017e podruh\u00e9 p\u0159ichom\u00fdtl k&nbsp;podobn\u00e9 nehod\u011b, byl toti\u017e sv\u011bdkem p\u00e1du \u017eelezn\u00fdch traverz p\u0159i stavb\u011b Pr\u016fmyslov\u00e9ho pal\u00e1ce na ja\u0159e 1891.<\/p>\r\n<p>I t\u0159et\u00ed den byly z\u00e1chrann\u00e9 pr\u00e1ce zah\u00e1jeny u\u017e brzy r\u00e1no. Kolem des\u00e1t\u00e9 dopoledn\u00ed se zd\u00e1lo, \u017ee dosud stoj\u00edc\u00ed st\u011bny domu za\u010d\u00ednaj\u00ed povolovat, tak\u017ee bylo nutn\u00e9 je podep\u0159\u00edt tr\u00e1my. Nedlouho pot\u00e9 bylo nalezeno t\u011blo d\u011bln\u00edka Josefa Kru\u0161iny st. z&nbsp;Hole\u0161ovic. N\u011bkde v&nbsp;sutin\u00e1ch z\u016fstalo zasypan\u00e9 t\u011blo jeho syna. O&nbsp;srdceryvn\u00e9 sc\u00e9ny na m\u00edst\u011b ne\u0161t\u011bst\u00ed nebyla nouze. Kru\u0161inova mrtvola byla odvezena do m\u00e1rnice na hole\u0161ovick\u00fd h\u0159bitov, kr\u00e1tce pot\u00e9 se na zbo\u0159eni\u0161t\u011b dostavila jeho man\u017eelka. Den\u00edk N\u00e1rodn\u00ed politika l\u00ed\u010dil smutnou sc\u00e9nu: \u201eZ\u00e1hy po odvezen\u00ed nebo\u017et\u00edka p\u0159i\u0161la ku s\u0159\u00edcen\u00e9 stavb\u011b \u017eena ne\u0161\u0165astn\u00edka, kter\u00e1 je zmrza\u010dena, a&nbsp;zoufale na\u0159\u00edkala. Ne\u0161\u0165astn\u00fd mu\u017e se synem byli jej\u00edmi \u017eiviteli. Uboh\u00e1 ji\u017e dva dny ni\u010deho nepo\u017eila. \u010cekala v&nbsp;sobotu na v\u00fdplatu, ale m\u00edsto n\u00ed dostala zpr\u00e1vu o\u00a0smrti obou.\u201c<\/p>\r\n<p>Odpoledne se poda\u0159ilo ze sutin vyt\u00e1hnout t\u011blo dal\u0161\u00ed ob\u011bti, Josefa Zlocha. Bylo natolik zohaven\u00e9, \u017ee mohlo b\u00fdt identifikov\u00e1no jen podle kalhot, kter\u00e9 m\u011bl na sob\u011b. Kdy\u017e z\u0159\u00edzenci odn\u00e1\u0161eli rakev, zastavil je dav p\u0159ihl\u00ed\u017eej\u00edc\u00edch, p\u0159i\u010dem\u017e n\u011bkte\u0159\u00ed se sna\u017eili odtrhnout v\u00edko rakve. Str\u00e1\u017en\u00edk\u016fm se jen s&nbsp;nejv\u011bt\u0161\u00edm \u00fasil\u00edm poda\u0159ilo dav rozehnat. Na m\u00edsto se tak\u00e9 op\u011bt dostavila vy\u0161et\u0159ovac\u00ed komise. Bylo rozhodnuto, \u017ee bude t\u0159eba stavbu zcela odstranit, vzhledem k&nbsp;tomu, \u017ee existovala mo\u017enost, \u017ee z\u00e1klady jsou naru\u0161en\u00e9. Tyto pr\u00e1ce zadal majitel Charv\u00e1t firm\u011b stavitele Jana Seiferta.<br \/>\r\n<br \/>\r\n<\/p>\r\n<p><img loading=\"lazy\" src=\"https:\/\/www.praha7.cz\/wp-content\/uploads\/2023\/11\/05d_cenek-gregor_denik-galerie-800.jpg\" alt=\"\" width=\"377\" height=\"358\" class=\"alignnone size-full wp-image-71793\" \/><br \/>\r\n<span style=\"color: #000000;\"><em>Den pro trag\u00e9dii se na m\u00edsto p\u0159ijel pod\u00edvat i&nbsp;tehdej\u0161\u00ed starosta Prahy \u010cen\u011bk Gregor<\/em><\/span><\/p>\r\n<p><strong><span style=\"color: #ff6600;\"><br \/>\r\nKdo za to m\u016f\u017ee?<\/span><br \/>\r\n<\/strong>Jak u\u017e to v&nbsp;podobn\u00fdch p\u0159\u00edpadech b\u00fdv\u00e1, po odezn\u011bn\u00ed prvotn\u00edho \u0161oku se za\u010dala \u0159e\u0161it ot\u00e1zka, kdo je za ne\u0161t\u011bst\u00ed zodpov\u011bdn\u00fd. I&nbsp;kdy\u017e v&nbsp;dob\u011b nehody byly standardy bezpe\u010dnosti pr\u00e1ce a&nbsp;pracovn\u00edch podm\u00ednek obecn\u011b ve srovn\u00e1n\u00ed s&nbsp;dne\u0161kem velice n\u00edzk\u00e9, p\u0159ece jen rozsah ne\u0161t\u011bst\u00ed zp\u016fsobil velk\u00fd poprask. T\u0159et\u00ed den po nehod\u011b se tak\u00e9 v&nbsp;tisku objevilo prohl\u00e1\u0161en\u00ed sepsan\u00e9 pr\u00e1vn\u00edm z\u00e1stupcem majitele nemovitosti Jana Charv\u00e1ta dr. \u0160alamounem \u017daludem. V&nbsp;n\u011bm si \u2013 vcelku pochopiteln\u011b \u2013 majitel domu \u201emyje ruce\u201c nad ne\u0161t\u011bst\u00edm, kdy\u017e zd\u016fraz\u0148uje, \u017ee stavbou pov\u011b\u0159il Jana Proch\u00e1zku a&nbsp;on byl tak\u00e9 jedin\u00fdm zodpov\u011bdn\u00fdm za dodan\u00fd materi\u00e1l i&nbsp;proveden\u00ed konstruk\u010dn\u00edch prac\u00ed. R\u016fzn\u00e9 spekulace tak\u00e9 \u017eivily kus\u00e9 informace, kter\u00e9 pronikaly na ve\u0159ejnost z&nbsp;vy\u0161et\u0159ov\u00e1n\u00ed. Ka\u017edop\u00e1dn\u011b dle projektu m\u011bly b\u00fdt ob\u011b \u0161t\u00edtov\u00e9 zdi postaveny na \u0161\u00ed\u0159ku jedn\u00e9 a&nbsp;p\u016fl cihly, ale ve skute\u010dnosti jejich tlou\u0161\u0165ka odpov\u00eddala jen cihle jedn\u00e9. Tak\u00e9 pr\u016f\u010deln\u00ed ze\u010f byla pom\u011brn\u011b v\u00fdrazn\u011b slab\u0161\u00ed, ne\u017e ur\u010dovaly stavebn\u00ed pl\u00e1ny.<\/p>\r\n<p>Tisk, konkr\u00e9tn\u011b N\u00e1rodn\u00ed listy, ne\u0161et\u0159il kritikou sm\u011brem k&nbsp;magistr\u00e1tu. In\u017een\u00fd\u0159i, kte\u0159\u00ed by m\u011bli dohl\u00ed\u017eet mj. na kvalitu prov\u00e1d\u011bn\u00fdch staveb, se podle den\u00edku zab\u00fdvaj\u00ed nepodstatn\u00fdmi detaily a&nbsp;nedost\u00e1v\u00e1 se jim \u010dasu na skute\u010dn\u011b d\u016fle\u017eit\u00e9 z\u00e1le\u017eitosti. Je\u0161t\u011b p\u0159\u00edk\u0159ej\u0161\u00ed byl ve sv\u00e9 kritice \u010dasopis Soci\u00e1ln\u00ed demokrat. Zabit\u00e9 d\u011bln\u00edky ozna\u010dil za ob\u011bti vra\u017ed\u00edc\u00edho kapit\u00e1lu. \u0158e\u0161en\u00ed, respektive p\u0159edch\u00e1zen\u00ed t\u011bmto ud\u00e1lostem vid\u011bl v&nbsp;organizov\u00e1n\u00ed stavebn\u00edho d\u011blnictva, je\u017e m\u011blo d\u011bln\u00edk\u016fm zajistit v\u011bt\u0161\u00ed s\u00edlu p\u0159i vyjedn\u00e1v\u00e1n\u00ed se stavebn\u00edmi podnikateli.<\/p>\r\n<p>Stejn\u011b jako v&nbsp;sou\u010dasnosti i&nbsp;v&nbsp;p\u0159edminul\u00e9m stolet\u00ed vyvolalo ne\u0161t\u011bst\u00ed vlnu solidarity. Improvizovan\u00e1 sb\u00edrka na posti\u017een\u00e9 vznikla p\u0159\u00edmo na m\u00edst\u011b, vyb\u00edralo se ale i&nbsp;v&nbsp;\u010detn\u00fdch pra\u017esk\u00fdch hostinc\u00edch a&nbsp;pro rodiny zabit\u00fdch byly ur\u010deny tak\u00e9 v\u00fdt\u011b\u017eky z&nbsp;n\u011bkter\u00fdch spole\u010densk\u00fdch akc\u00ed \u010di z\u00e1bav. Se zaj\u00edmav\u00fdm n\u00e1padem, jak podpo\u0159it vdovu Osm\u00edkovou (kter\u00e1 p\u0159i\u0161la o&nbsp;man\u017eela, s&nbsp;n\u00edm\u017e m\u011bla dv\u011b d\u011bti \u2013 dvoulet\u00e9 a&nbsp;p\u011btined\u011bln\u00ed), p\u0159i\u0161el mal\u00ed\u0159 krajin\u00e1\u0159 V\u00e1clav Jansa. V\u011bnoval jeden ze sv\u00fdch obraz\u016f \u2013 motiv z&nbsp;Dalm\u00e1cie \u2013 do aukce a&nbsp;v\u00fdt\u011b\u017eek 70 zlat\u00fdch pouk\u00e1zal pr\u00e1v\u011b vdov\u011b z&nbsp;Klecan.<\/p>\r\n<p>I \u010dtvrt\u00fd den pokra\u010dovalo za neutuchaj\u00edc\u00edho z\u00e1jmu ve\u0159ejnosti prohled\u00e1v\u00e1n\u00ed trosek. Po poledni bylo nalezeno t\u011blo jednapades\u00e1tilet\u00e9ho zedn\u00edka Josefa Soukupa z&nbsp;Bohnic. B\u011bhem katastrofy pracoval ve sklep\u011b a&nbsp;byl doslova zasyp\u00e1n padaj\u00edc\u00edmi tr\u00e1my, nem\u011bl tedy \u0161anci p\u0159e\u017e\u00edt. A\u017e n\u00e1sleduj\u00edc\u00edho dne, ve st\u0159edu 20.&nbsp;prosince, bylo objeveno t\u011blo posledn\u00ed ob\u011bti \u2013 teprve \u010dtrn\u00e1ctilet\u00e9ho V\u00e1clava Frol\u00edka. Kone\u010dn\u00e1 bilance ne\u0161t\u011bst\u00ed tedy \u010d\u00edtala osm mrtv\u00fdch a&nbsp;\u0161est t\u011b\u017ece zran\u011bn\u00fdch. Za \u0161t\u011bst\u00ed bylo mo\u017en\u00e9 pova\u017eovat dobu, kdy k&nbsp;trag\u00e9dii do\u0161lo \u2013 v&nbsp;pozdn\u00edm prosincov\u00e9m odpoledni se u\u017e na staveni\u0161ti pohybovalo m\u00e9n\u011b d\u011bln\u00edk\u016f, ne\u017e bylo obvykl\u00e9.<br \/>\r\n<br \/>\r\n<\/p>\r\n<p><img loading=\"lazy\" src=\"https:\/\/www.praha7.cz\/wp-content\/uploads\/2023\/11\/04_Hugo_Demartini_velitel_hasic\u030cu\u030a-323x400.jpg\" alt=\"\" width=\"323\" height=\"400\" class=\"alignnone size-medium wp-image-71792\" srcset=\"https:\/\/www.praha7.cz\/wp-content\/uploads\/2023\/11\/04_Hugo_Demartini_velitel_hasic\u030cu\u030a-323x400.jpg 323w, https:\/\/www.praha7.cz\/wp-content\/uploads\/2023\/11\/04_Hugo_Demartini_velitel_hasic\u030cu\u030a.jpg 378w\" sizes=\"(max-width: 323px) 100vw, 323px\" \/><br \/>\r\n<span style=\"color: #000000;\"><em>Velitel karl\u00ednsk\u00fdch hasi\u010d\u016f Hugo Demartini, kter\u00fd se pod\u00edlel na z\u00e1chrann\u00fdch prac\u00edch<\/em><\/span><br \/>\r\n<br \/>\r\n<span style=\"color: #ff6600;\"><strong><br \/>\r\nSoudn\u00ed proces<\/strong><\/span><br \/>\r\nVy\u0161et\u0159ov\u00e1n\u00ed trag\u00e9die z&nbsp;prosince 1893 se poda\u0159ilo uzav\u0159\u00edt na ja\u0159e n\u00e1sleduj\u00edc\u00edho roku a&nbsp;25.&nbsp;\u010dervna za\u010dalo p\u0159ed \u010dty\u0159\u010dlenn\u00fdm sen\u00e1tem zemsk\u00e9ho trestn\u00edho soudu p\u0159el\u00ed\u010den\u00ed. Ob\u017ealov\u00e1n byl stavitel cel\u00e9ho domu Josef Proch\u00e1zka a&nbsp;t\u0159in\u00e1ct jeho zam\u011bstnanc\u016f. Z\u00e1v\u011bry vy\u0161et\u0159ov\u00e1n\u00ed hovo\u0159ily ohledn\u011b p\u0159\u00ed\u010diny ne\u0161t\u011bst\u00ed jasnou \u0159e\u010d\u00ed: \u201e\u2026 zbytky sesut\u00e9ho domu byly v&nbsp;lednu znalecky ohled\u00e1ny i&nbsp;zji\u0161t\u011bno, \u017ee pr\u00e1ce zednick\u00e1 na sklepov\u00e9m zdivu byla nedokonal\u00e1, nedbal\u00e1 a&nbsp;ne\u0159emesln\u00e1 a&nbsp;\u017ee toto zdivo na mnoha m\u00edstech postr\u00e1dalo \u0159\u00e1dn\u00e9 vazby a&nbsp;takzvan\u00e9ho horizont\u00e1ln\u00edho vrstven\u00ed, co\u017e platilo zejm\u00e9na o&nbsp;prost\u0159edn\u00ed zdi sklepov\u00e9. Soudn\u00ed znalci v&nbsp;oboru stavitelstv\u00ed ozna\u010dili vadnou pr\u00e1ci tu za p\u0159\u00ed\u010dinu katastrofy, z&nbsp;kter\u00e9ho\u017e d\u016fvodu u\u010din\u011bn z&nbsp;n\u00ed nejen stavitel Proch\u00e1zka, n\u00fdbr\u017e i&nbsp;ve\u0161ker\u00e9 d\u011blnictvo zodpov\u011bdn\u00fdm.\u201c<\/p>\r\n<p>Soudn\u00ed jedn\u00e1n\u00ed za\u010dalo v\u00fdslechem ob\u017ealovan\u00e9ho stavitele Proch\u00e1zky. Ten si st\u011b\u017eoval, \u017ee po \u201eaf\u00e9\u0159e hole\u0161ovick\u00e9\u201c je zcela bez pen\u011bz a&nbsp;jeho reputace je zni\u010dena. Na ot\u00e1zky, pro\u010d p\u0159ipustil, aby bylo zdivo provedeno nekvalitn\u011b, odpov\u011bd\u011bl, \u017ee pr\u00e1ce \u201ep\u0159eprodal\u201c zedn\u00edkovi V\u00e1clavu Springerovi, se kter\u00fdm m\u011bl z&nbsp;p\u0159ede\u0161l\u00fdch zak\u00e1zek dobr\u00e9 zku\u0161enosti. Byl si ale v\u011bdom, \u017ee p\u0159eveden\u00ed \u010d\u00e1sti prac\u00ed jej nezbavilo odpov\u011bdnosti. Tvrdil tak\u00e9, \u017ee sv\u00e9 zedn\u00edky platil v\u00edce ne\u017e dob\u0159e (o&nbsp;50\u201380&nbsp;% v\u00edce, ne\u017e bylo tehdy obvykl\u00e9), a&nbsp;nezavdal jim tedy d\u016fvod pr\u00e1ci prov\u00e1d\u011bt nekvalitn\u011b. Soudce se tak\u00e9 ob\u017ealovan\u00e9ho ptal, zda je pravda, jak tvrd\u00ed ostatn\u00ed ob\u017ealovan\u00ed i&nbsp;sv\u011bdci, \u017ee se na stavb\u011b p\u0159\u00edli\u0161 nezdr\u017eoval. To ob\u017ealovan\u00fd pop\u0159el, s&nbsp;t\u00edm, \u017ee dohledem nad kvalitou pov\u011b\u0159il ji\u017e zm\u00edn\u011bn\u00e9ho Springera. Odm\u00edtl i&nbsp;pou\u017e\u00edv\u00e1n\u00ed nekvalitn\u00ed malty, kterou ozna\u010dila vy\u0161et\u0159ovac\u00ed komise jako jednu z&nbsp;p\u0159\u00ed\u010din p\u00e1du zdi. Za d\u016fvod, pro\u010d d\u011bln\u00edci pracovali \u0161patn\u011b a&nbsp;ledabyle, ozna\u010dil jejich snahu u\u0161kodit mu.<\/p>\r\n<p>Pot\u00e9 n\u00e1sledoval v\u00fdslech v\u00fd\u0161e jmenovan\u00e9ho V\u00e1clava Springera, kter\u00fd pop\u0159el v\u0161echna tvrzen\u00ed stavitele Proch\u00e1zky. Zejm\u00e9na odm\u00edtl informaci, \u017ee pr\u00e1v\u011b jeho pov\u011b\u0159il Proch\u00e1zka dohledem nad prac\u00ed zedn\u00edk\u016f, tento \u00fakol m\u011bl jak\u00fdsi Klainer, kter\u00fd byl vyu\u010den\u00fd krej\u010d\u00ed! Odm\u00edtl tak\u00e9, \u017ee by Proch\u00e1zka sv\u00e9 zam\u011bstnance dob\u0159e platil.<\/p>\r\n<p>Dal\u0161\u00ed ob\u017ealovan\u00ed vypov\u00eddali prakticky toto\u017en\u011b, sami pracovali kvalitn\u011b, ale museli \u010delit tlaku stavitele na maxim\u00e1ln\u00ed vyu\u017eit\u00ed materi\u00e1lu bez ohledu na b\u011b\u017en\u011b pou\u017e\u00edvan\u00e9 postupy\u00a0a\u00a0zejm\u00e9na na rychlost prov\u00e1d\u011bn\u00ed prac\u00ed. Staviteli Proch\u00e1zkovi jist\u011b nepomohla v\u00fdpov\u011b\u010f jednoho z\u00a0ob\u017ealovan\u00fdch, zku\u0161en\u00e9ho \u0161esta\u0161edes\u00e1tilet\u00e9ho zednick\u00e9ho pomocn\u00edka Franti\u0161ka Hor\u00e1lka, kter\u00fd prohl\u00e1sil, \u017ee \u201ejakt\u011b\u017eiv tak hanebnou pr\u00e1ci p\u0159i stavb\u011b nevid\u011bl\u201c.<\/p>\r\n<p>Soudn\u00ed l\u00ed\u010den\u00ed nakonec zabralo pouh\u00fd jeden den, v\u00a0p\u016fl osm\u00e9 ve\u010der vynesl soud rozsudek. Nejvy\u0161\u0161\u00ed trest ze v\u0161ech ob\u017ealovan\u00fdch dostal stavitel Josef Proch\u00e1zka\u00a0\u2013 p\u011bt m\u011bs\u00edc\u016f nepodm\u00edn\u011bn\u011b, V\u00e1clav Springer byl odsouzen na m\u011bs\u00edce t\u0159i. V\u011bt\u0161inu ob\u017ealovan\u00fdch d\u011bln\u00edk\u016f st\u00e1la nekvalitn\u00ed pr\u00e1ce \u0161est t\u00fddn\u016f ve v\u011bzen\u00ed.\u00a0Odsouzen\u00ed museli nav\u00edc zaplatit v\u00edce ne\u017e 11&nbsp;000 zlat\u00fdch \u00farazov\u00e9 poji\u0161\u0165ovn\u011b. Nech\u00e1m na \u010dten\u00e1\u0159\u00edch, aby zhodnotili, zda je p\u011bt m\u011bs\u00edc\u016f krimin\u00e1lu dostate\u010dn\u00fd trest za osm zma\u0159en\u00fdch \u017eivot\u016f. Lze se ale domn\u00edvat, \u017ee v\u00a0dne\u0161n\u00ed dob\u011b by obdobn\u00fd p\u0159\u00edpad skon\u010dil podstatn\u011b vy\u0161\u0161\u00edmi tresty.<\/p>\r\n<p>A\u00a0jak z\u00a0cel\u00e9 kauzy vy\u0161el majitel pozemku i\u00a0domu, majitel bedn\u00e1\u0159sk\u00e9 d\u00edlny Jan Charv\u00e1t? U\u017e v\u00a0polovin\u011b ledna\u00a01894 nebylo po katastrof\u011b ani pam\u00e1tky, pozemek byl zcela vyklizen. V\u00a0dob\u011b, kdy prob\u00edhal soud, zde u\u017e Charv\u00e1t stav\u011bl nov\u00fd d\u016fm. Ani tato stavba se ale nedo\u017eila dne\u0161n\u00edch dn\u016f, na po\u010d\u00e1tku 80.&nbsp;let byl objekt zbo\u0159en, p\u0159esn\u011b pod n\u00edm toti\u017e in\u017een\u00fd\u0159i napl\u00e1novali tubus metra.<\/p>\r\n<p>Ka\u017edop\u00e1dn\u011b a\u017e se budete pohybovat v&nbsp;okol\u00ed m\u00edsta ne\u0161t\u011bst\u00ed, vzpome\u0148te pam\u00e1tky mu\u017e\u016f, kte\u0159\u00ed se ve snaze zajistit \u017eivobyt\u00ed sv\u00fdm rodin\u00e1m stali ob\u011bt\u00ed hami\u017enosti sv\u00fdch zam\u011bstnavatel\u016f.<\/p>","protected":false},"excerpt":{"rendered":"[perex] Zlat\u00e1 \u00e9ra Hole\u0161ovic, pota\u017emo cel\u00e9 Prahy&nbsp;7, na p\u0159elomu 19.&nbsp;a&nbsp;20.&nbsp;stolet\u00ed s&nbsp;sebou p\u0159inesla celou \u0159adu pozitivn\u00edch miln\u00edk\u016f \u2013 vybudov\u00e1n\u00ed \u00fast\u0159edn\u00edch jatek, zprovozn\u011bn\u00ed hole\u0161ovick\u00e9ho p\u0159\u00edstavu nebo v\u00fdstavbu plyn\u00e1rny. Bou\u0159liv\u00fd rozvoj m\u011bl ale i&nbsp;sv\u00e9 stinn\u00e9 str\u00e1nky, p\u0159\u00edkladem budi\u017e ne\u0161t\u011bst\u00ed, kter\u00e9 se odehr\u00e1lo v&nbsp;Hole\u0161ovic\u00edch nedaleko bubensk\u00e9ho n\u00e1dra\u017e\u00ed v&nbsp;polovin\u011b prosince 1893. Od t\u00e9to zapomenut\u00e9 trag\u00e9die v&nbsp;t\u011bchto dnech uplynulo 130 let. [&hellip;]","protected":false},"author":292,"featured_media":71790,"comment_status":"closed","ping_status":"open","sticky":false,"template":"","format":"standard","meta":[],"categories":[37],"tags":[],"_links":{"self":[{"href":"https:\/\/www.praha7.cz\/api\/wp\/v2\/posts\/71789"}],"collection":[{"href":"https:\/\/www.praha7.cz\/api\/wp\/v2\/posts"}],"about":[{"href":"https:\/\/www.praha7.cz\/api\/wp\/v2\/types\/post"}],"author":[{"embeddable":true,"href":"https:\/\/www.praha7.cz\/api\/wp\/v2\/users\/292"}],"replies":[{"embeddable":true,"href":"https:\/\/www.praha7.cz\/api\/wp\/v2\/comments?post=71789"}],"version-history":[{"count":3,"href":"https:\/\/www.praha7.cz\/api\/wp\/v2\/posts\/71789\/revisions"}],"predecessor-version":[{"id":71796,"href":"https:\/\/www.praha7.cz\/api\/wp\/v2\/posts\/71789\/revisions\/71796"}],"wp:featuredmedia":[{"embeddable":true,"href":"https:\/\/www.praha7.cz\/api\/wp\/v2\/media\/71790"}],"wp:attachment":[{"href":"https:\/\/www.praha7.cz\/api\/wp\/v2\/media?parent=71789"}],"wp:term":[{"taxonomy":"category","embeddable":true,"href":"https:\/\/www.praha7.cz\/api\/wp\/v2\/categories?post=71789"},{"taxonomy":"post_tag","embeddable":true,"href":"https:\/\/www.praha7.cz\/api\/wp\/v2\/tags?post=71789"}],"curies":[{"name":"wp","href":"https:\/\/api.w.org\/{rel}","templated":true}]}}