    
{"id":71698,"date":"2023-11-20T12:49:25","date_gmt":"2023-11-20T11:49:25","guid":{"rendered":"https:\/\/www.praha7.cz\/?p=71698"},"modified":"2023-11-27T17:11:53","modified_gmt":"2023-11-27T16:11:53","slug":"stavka-ve-skolach-a-skolkach-prahy-7","status":"publish","type":"post","link":"https:\/\/www.praha7.cz\/stavka-ve-skolach-a-skolkach-prahy-7\/","title":{"rendered":"St\u00e1vka ve \u0161kol\u00e1ch a&nbsp;\u0161kolk\u00e1ch Prahy&nbsp;7"},"content":{"rendered":"<p>[perex]<\/p>\r\n<p>Na pond\u011bl\u00ed 27.&nbsp;listopadu 2023 vyhl\u00e1sily \u0161kolsk\u00e9 odbory jednodenn\u00ed st\u00e1vku. Praha&nbsp;7 pln\u011b podporuje c\u00edle organiz\u00e1tor\u016f st\u00e1vky ve \u0161kol\u00e1ch a&nbsp;\u0161kolk\u00e1ch, nebo\u0165 navrhovan\u00e9 \u0161krty ve st\u00e1tn\u00edm rozpo\u010dtu v&nbsp;oblasti \u0161kolstv\u00ed mohou v\u00fdznamn\u011b ovlivnit kvalitu vzd\u011bl\u00e1v\u00e1n\u00ed, nevyhnuteln\u011b dojde k&nbsp;omezen\u00ed po\u010dtu hodin v&nbsp;men\u0161\u00edch skupin\u00e1ch, omezen\u00ed tandemov\u00e9 v\u00fduky a&nbsp;tak\u00e9 sn\u00ed\u017een\u00ed po\u010dtu voliteln\u00fdch p\u0159edm\u011bt\u016f. Bude rovn\u011b\u017e m\u00e9n\u011b asistent\u016f ve \u0161kol\u00e1ch, co\u017e ohroz\u00ed mo\u017enost podpory pro znev\u00fdhodn\u011bn\u00e9 \u010di nadan\u00e9 d\u011bti. Zam\u00fd\u0161len\u00e9 omezen\u00ed pozic nepedagogick\u00fdch pracovn\u00edk\u016f, tedy nap\u0159\u00edklad kucha\u0159ek \u010di ukl\u00edze\u010dek, ohroz\u00ed ka\u017edodenn\u00ed fungov\u00e1n\u00ed \u0161kol. Vzd\u011bl\u00e1v\u00e1n\u00ed mus\u00ed b\u00fdt prioritou, a&nbsp;to nejen v&nbsp;prohl\u00e1\u0161en\u00edch vl\u00e1dy, ale zejm\u00e9na ve finan\u010dn\u00ed podpo\u0159e.\u00a0<\/p>\r\n<p>[\/perex]<\/p>\r\n<p>Zat\u00edm se podle na\u0161ich informac\u00ed v\u011bt\u0161ina zam\u011bstnanc\u016f sedmi\u010dkov\u00fdch \u0161kol a&nbsp;\u0161kolek do st\u00e1vky zapoj\u00ed, zam\u011bstnanci jednotliv\u00fdch \u0161kol o&nbsp;zapojen\u00ed, podob\u011b a&nbsp;rozsahu st\u00e1vky v&nbsp;tuto chv\u00edli je\u0161t\u011b jednaj\u00ed. Informace o&nbsp;uzav\u0159en\u00ed nebo podob\u011b provozu v&nbsp;den st\u00e1vky dost\u00e1v\u00e1me od \u0161kol a&nbsp;\u0161kolek postupn\u011b, \u00faplnou informaci budeme m\u00edt k&nbsp;dispozici nejpozd\u011bji do st\u0159edy 22.&nbsp;listopadu 2023. Informace budeme postupn\u011b aktualizovat. \u0160koly a&nbsp;\u0161kolky budou rodi\u010de informovat o&nbsp;konkr\u00e9tn\u00edm fungov\u00e1n\u00ed jednotliv\u00fdch provoz\u016f, v\u010detn\u011b deta\u0161ovan\u00fdch pracovi\u0161\u0165 a&nbsp;d\u011btsk\u00fdch skupin. Jakmile bude z\u0159ejm\u00e9, jak bude vypadat fin\u00e1ln\u00ed re\u017eim ve v\u0161ech \u0161kol\u00e1ch, zv\u00e1\u017e\u00edme p\u0159\u00edpadnou mo\u017enost zaji\u0161t\u011bn\u00ed hl\u00edd\u00e1n\u00ed d\u011bt\u00ed pro ty nejnutn\u011bj\u0161\u00ed p\u0159\u00edpady.<\/p>\r\n<p>D\u011bkujeme za pochopen\u00ed a&nbsp;podporu.<\/p>\r\n<p>&nbsp;<\/p>\r\n<h3><span style=\"color: #ff0000;\">Informace o&nbsp;zapojen\u00ed \u0161kol a&nbsp;\u0161kolek do st\u00e1vky &#8211; aktualizace k&nbsp;22.&nbsp;11.&nbsp;2023<\/span><\/h3>\r\n<p>&nbsp;<\/p>\r\n<p><a href=\"https:\/\/www.korunka.org\/\"><strong>Z\u0160 Korunova\u010dn\u00ed<\/strong><\/a> \u2013 zapoj\u00ed se drtiv\u00e1 v\u011bt\u0161ina zam\u011bstnanc\u016f, \u00fapln\u00e9 p\u0159eru\u0161en\u00ed provozu<\/p>\r\n<p>&nbsp;<\/p>\r\n<p><strong><a href=\"https:\/\/fzsumelecka.cz\/zs\/\">FZ\u0160 Um\u011bleck\u00e1<\/a> <\/strong>a <strong><a href=\"https:\/\/msustudanky.webnode.cz\/\">M\u0160 U&nbsp;Stud\u00e1nky<\/a><\/strong> \u2013 zapoj\u00ed se drtiv\u00e1 v\u011bt\u0161ina zam\u011bstnanc\u016f, \u00fapln\u00e9 p\u0159eru\u0161en\u00ed provozu<\/p>\r\n<p>&nbsp;<\/p>\r\n<p><a href=\"https:\/\/www.plaminkova.cz\/\"><strong>Z\u0160 Fr. Plam\u00ednkov\u00e9<\/strong><\/a> \u2013 zapoj\u00ed se \u010d\u00e1ste\u010dn\u011b, nebude prob\u00edhat klasick\u00e1 v\u00fduka, d\u011bti budou m\u00edt ve \u0161kole n\u00e1hradn\u00ed dopoledn\u00ed program, n\u00e1sledn\u011b bude zaji\u0161t\u011bn omezen\u00fd provoz \u0161koln\u00ed dru\u017einy do 15.30 hod.<\/p>\r\n<p>&nbsp;<\/p>\r\n<p><a href=\"https:\/\/www.zsstross.cz\/\"><strong>Z\u0160 Strossmayerovo n\u00e1m\u011bst\u00ed, v\u010d. pracovi\u0161t\u011b Letohradsk\u00e1 a&nbsp;U&nbsp;Uranie<\/strong><\/a> \u2013 zapoj\u00ed se v\u011bt\u0161ina zam\u011bstnanc\u016f, b\u011b\u017en\u00fd provoz p\u0159eru\u0161en, budovy Stross a&nbsp;Letohradsk\u00e1 zcela uzav\u0159eny, v\u00a0budov\u011b U&nbsp;Uranie bude hl\u00eddac\u00ed skupina pro mlad\u0161\u00ed \u017e\u00e1ky<\/p>\r\n<p>&nbsp;<\/p>\r\n<p><strong><a href=\"http:\/\/www.skolatusarova.cz\/\">Z\u0160 Tusarova<\/a> <\/strong>a <strong><a href=\"http:\/\/skolatusarova.cz\/index.php\/materska-skolka\">M\u0160 Tusarova<\/a><\/strong> \u2013 zapoj\u00ed se \u010d\u00e1ste\u010dn\u011b, v&nbsp;Z\u0160 b\u011b\u017en\u00fd provoz p\u0159eru\u0161en, fungovat bude dru\u017eina pro omezen\u00fd po\u010det nejmlad\u0161\u00edch d\u011bt\u00ed, v&nbsp;M\u0160 b\u011b\u017en\u00fd provoz zachov\u00e1n<\/p>\r\n<p>&nbsp;<\/p>\r\n<p><a href=\"http:\/\/zstgm7.cz\/\"><strong>\u017d\u0160 TGM<\/strong><\/a> \u2013 zapoj\u00ed se v\u011bt\u0161ina zam\u011bstnanc\u016f, rodi\u010d\u016fm nejmlad\u0161\u00edch d\u011bt\u00ed (p\u0159\u00edpravn\u00e9 t\u0159\u00eddy \u2013 3.&nbsp;t\u0159\u00eddy) je nab\u00eddnuta mo\u017enost hl\u00edd\u00e1n\u00ed<\/p>\r\n<p>&nbsp;<\/p>\r\n<p><a href=\"https:\/\/msuranie.cz\/\"><strong>M\u0160 U&nbsp;Uranie<\/strong> <\/a>\u2013 zapoj\u00ed se drtiv\u00e1 v\u011bt\u0161ina zam\u011bstnanc\u016f, \u00fapln\u00e9 p\u0159eru\u0161en\u00ed provozu<\/p>\r\n<p>&nbsp;<\/p>\r\n<p><a href=\"https:\/\/www.msnavysinach.cz\/\"><strong>FM\u0160 Na V\u00fd\u0161in\u00e1ch<\/strong><\/a> \u2013 zapoj\u00ed se drtiv\u00e1 v\u011bt\u0161ina zam\u011bstnanc\u016f, \u00fapln\u00e9 p\u0159eru\u0161en\u00ed provozu<\/p>\r\n<p>&nbsp;<\/p>\r\n<p><a href=\"https:\/\/www.mskostelni.cz\/\"><strong>M\u0160 Kosteln\u00ed<\/strong><\/a> \u2013 zapoj\u00ed se drtiv\u00e1 v\u011bt\u0161ina zam\u011bstnanc\u016f, \u00fapln\u00e9 p\u0159eru\u0161en\u00ed provozu<\/p>\r\n<p>&nbsp;<\/p>\r\n<p><a href=\"https:\/\/www.msnadstolou.cz\/\"><strong>M\u0160 Nad \u0160tolou<\/strong><\/a> \u2013 st\u00e1vku podpo\u0159\u00ed komunikac\u00ed se zam\u011bstnanci i&nbsp;rodi\u010di, provoz M\u0160 zachov\u00e1n v\u00a0pln\u00e9m rozsahu<\/p>\r\n<p>&nbsp;<\/p>\r\n<p><a href=\"https:\/\/www.msletohradska.cz\/news.php\"><strong>M\u0160 Letohradsk\u00e1<\/strong><\/a> \u2013 st\u00e1vku podpo\u0159\u00ed komunikac\u00ed se zam\u011bstnanci i&nbsp;rodi\u010di, provoz M\u0160 zachov\u00e1n v\u00a0pln\u00e9m rozsahu<\/p>","protected":false},"excerpt":{"rendered":"[perex] Na pond\u011bl\u00ed 27.&nbsp;listopadu 2023 vyhl\u00e1sily \u0161kolsk\u00e9 odbory jednodenn\u00ed st\u00e1vku. Praha&nbsp;7 pln\u011b podporuje c\u00edle organiz\u00e1tor\u016f st\u00e1vky ve \u0161kol\u00e1ch a&nbsp;\u0161kolk\u00e1ch, nebo\u0165 navrhovan\u00e9 \u0161krty ve st\u00e1tn\u00edm rozpo\u010dtu v&nbsp;oblasti \u0161kolstv\u00ed mohou v\u00fdznamn\u011b ovlivnit kvalitu vzd\u011bl\u00e1v\u00e1n\u00ed, nevyhnuteln\u011b dojde k&nbsp;omezen\u00ed po\u010dtu hodin v&nbsp;men\u0161\u00edch skupin\u00e1ch, omezen\u00ed tandemov\u00e9 v\u00fduky a&nbsp;tak\u00e9 sn\u00ed\u017een\u00ed po\u010dtu voliteln\u00fdch p\u0159edm\u011bt\u016f. Bude rovn\u011b\u017e m\u00e9n\u011b asistent\u016f ve \u0161kol\u00e1ch, co\u017e ohroz\u00ed [&hellip;]","protected":false},"author":5,"featured_media":30696,"comment_status":"closed","ping_status":"open","sticky":false,"template":"","format":"standard","meta":[],"categories":[34],"tags":[],"_links":{"self":[{"href":"https:\/\/www.praha7.cz\/api\/wp\/v2\/posts\/71698"}],"collection":[{"href":"https:\/\/www.praha7.cz\/api\/wp\/v2\/posts"}],"about":[{"href":"https:\/\/www.praha7.cz\/api\/wp\/v2\/types\/post"}],"author":[{"embeddable":true,"href":"https:\/\/www.praha7.cz\/api\/wp\/v2\/users\/5"}],"replies":[{"embeddable":true,"href":"https:\/\/www.praha7.cz\/api\/wp\/v2\/comments?post=71698"}],"version-history":[{"count":12,"href":"https:\/\/www.praha7.cz\/api\/wp\/v2\/posts\/71698\/revisions"}],"predecessor-version":[{"id":71854,"href":"https:\/\/www.praha7.cz\/api\/wp\/v2\/posts\/71698\/revisions\/71854"}],"wp:featuredmedia":[{"embeddable":true,"href":"https:\/\/www.praha7.cz\/api\/wp\/v2\/media\/30696"}],"wp:attachment":[{"href":"https:\/\/www.praha7.cz\/api\/wp\/v2\/media?parent=71698"}],"wp:term":[{"taxonomy":"category","embeddable":true,"href":"https:\/\/www.praha7.cz\/api\/wp\/v2\/categories?post=71698"},{"taxonomy":"post_tag","embeddable":true,"href":"https:\/\/www.praha7.cz\/api\/wp\/v2\/tags?post=71698"}],"curies":[{"name":"wp","href":"https:\/\/api.w.org\/{rel}","templated":true}]}}