    
{"id":71655,"date":"2023-11-16T15:25:42","date_gmt":"2023-11-16T14:25:42","guid":{"rendered":"https:\/\/www.praha7.cz\/?p=71655"},"modified":"2023-11-16T15:25:42","modified_gmt":"2023-11-16T14:25:42","slug":"pripominame-si-den-boje-za-svobodu-a-demokracii","status":"publish","type":"post","link":"https:\/\/www.praha7.cz\/pripominame-si-den-boje-za-svobodu-a-demokracii\/","title":{"rendered":"P\u0159ipom\u00edn\u00e1me si Den boje za svobodu a&nbsp;demokracii"},"content":{"rendered":"<p>[perex]<\/p>\r\n<p>Uli\u010dn\u00ed v\u00fdzdoba v&nbsp;podob\u011b slavnostn\u00ed trikolory p\u0159ipom\u00edn\u00e1 st\u00e1tn\u00ed sv\u00e1tek Den boje za svobodu a&nbsp;demokracii a&nbsp;Mezin\u00e1rodn\u00ed den studentstva.\u00a0<\/p>\r\n<p>[\/perex]<\/p>\r\n<p>Ud\u00e1losti spojen\u00e9 se 17.&nbsp;listopadem 1939 a&nbsp;1989 p\u0159ipom\u00edn\u00e1 v&nbsp;ulic\u00edch Sedmi\u010dky trikolora. Vyzdobeny jsou \u010d\u00e1sti ulic Milady Hor\u00e1kov\u00e9, Dukelsk\u00fdch hrdin\u016f, Komunard\u016f a&nbsp;Plyn\u00e1rn\u00ed; Ortenovo n\u00e1m\u011bst\u00ed a&nbsp;Strossmayerovo n\u00e1m\u011bst\u00ed\u00a0 a&nbsp;\u010d\u00e1st Bubensk\u00e9ho n\u00e1b\u0159e\u017e\u00ed.\u00a0<\/p>\r\n<p><img loading=\"lazy\" src=\"https:\/\/www.praha7.cz\/wp-content\/uploads\/2023\/11\/listopad_stuhy_trznice-1500x844.jpg\" alt=\"\" width=\"640\" height=\"360\" class=\"alignnone size-large wp-image-71660\" srcset=\"https:\/\/www.praha7.cz\/wp-content\/uploads\/2023\/11\/listopad_stuhy_trznice-1500x844.jpg 1500w, https:\/\/www.praha7.cz\/wp-content\/uploads\/2023\/11\/listopad_stuhy_trznice-600x338.jpg 600w, https:\/\/www.praha7.cz\/wp-content\/uploads\/2023\/11\/listopad_stuhy_trznice-768x432.jpg 768w, https:\/\/www.praha7.cz\/wp-content\/uploads\/2023\/11\/listopad_stuhy_trznice-1536x864.jpg 1536w, https:\/\/www.praha7.cz\/wp-content\/uploads\/2023\/11\/listopad_stuhy_trznice-2048x1152.jpg 2048w\" sizes=\"(max-width: 640px) 100vw, 640px\" \/><\/p>\r\n<p><img loading=\"lazy\" src=\"https:\/\/www.praha7.cz\/wp-content\/uploads\/2023\/11\/listopad_stuhy_Stross-1500x891.jpg\" alt=\"\" width=\"640\" height=\"380\" class=\"alignnone size-large wp-image-71659\" srcset=\"https:\/\/www.praha7.cz\/wp-content\/uploads\/2023\/11\/listopad_stuhy_Stross-1500x891.jpg 1500w, https:\/\/www.praha7.cz\/wp-content\/uploads\/2023\/11\/listopad_stuhy_Stross-600x356.jpg 600w, https:\/\/www.praha7.cz\/wp-content\/uploads\/2023\/11\/listopad_stuhy_Stross-768x456.jpg 768w, https:\/\/www.praha7.cz\/wp-content\/uploads\/2023\/11\/listopad_stuhy_Stross-1536x912.jpg 1536w, https:\/\/www.praha7.cz\/wp-content\/uploads\/2023\/11\/listopad_stuhy_Stross-2048x1216.jpg 2048w\" sizes=\"(max-width: 640px) 100vw, 640px\" \/><\/p>","protected":false},"excerpt":{"rendered":"[perex] Uli\u010dn\u00ed v\u00fdzdoba v&nbsp;podob\u011b slavnostn\u00ed trikolory p\u0159ipom\u00edn\u00e1 st\u00e1tn\u00ed sv\u00e1tek Den boje za svobodu a&nbsp;demokracii a&nbsp;Mezin\u00e1rodn\u00ed den studentstva.\u00a0 [\/perex] Ud\u00e1losti spojen\u00e9 se 17.&nbsp;listopadem 1939 a&nbsp;1989 p\u0159ipom\u00edn\u00e1 v&nbsp;ulic\u00edch Sedmi\u010dky trikolora. Vyzdobeny jsou \u010d\u00e1sti ulic Milady Hor\u00e1kov\u00e9, Dukelsk\u00fdch hrdin\u016f, Komunard\u016f a&nbsp;Plyn\u00e1rn\u00ed; Ortenovo n\u00e1m\u011bst\u00ed a&nbsp;Strossmayerovo n\u00e1m\u011bst\u00ed\u00a0 a&nbsp;\u010d\u00e1st Bubensk\u00e9ho n\u00e1b\u0159e\u017e\u00ed.\u00a0","protected":false},"author":251,"featured_media":71658,"comment_status":"closed","ping_status":"open","sticky":false,"template":"","format":"standard","meta":[],"categories":[34],"tags":[],"_links":{"self":[{"href":"https:\/\/www.praha7.cz\/api\/wp\/v2\/posts\/71655"}],"collection":[{"href":"https:\/\/www.praha7.cz\/api\/wp\/v2\/posts"}],"about":[{"href":"https:\/\/www.praha7.cz\/api\/wp\/v2\/types\/post"}],"author":[{"embeddable":true,"href":"https:\/\/www.praha7.cz\/api\/wp\/v2\/users\/251"}],"replies":[{"embeddable":true,"href":"https:\/\/www.praha7.cz\/api\/wp\/v2\/comments?post=71655"}],"version-history":[{"count":1,"href":"https:\/\/www.praha7.cz\/api\/wp\/v2\/posts\/71655\/revisions"}],"predecessor-version":[{"id":71661,"href":"https:\/\/www.praha7.cz\/api\/wp\/v2\/posts\/71655\/revisions\/71661"}],"wp:featuredmedia":[{"embeddable":true,"href":"https:\/\/www.praha7.cz\/api\/wp\/v2\/media\/71658"}],"wp:attachment":[{"href":"https:\/\/www.praha7.cz\/api\/wp\/v2\/media?parent=71655"}],"wp:term":[{"taxonomy":"category","embeddable":true,"href":"https:\/\/www.praha7.cz\/api\/wp\/v2\/categories?post=71655"},{"taxonomy":"post_tag","embeddable":true,"href":"https:\/\/www.praha7.cz\/api\/wp\/v2\/tags?post=71655"}],"curies":[{"name":"wp","href":"https:\/\/api.w.org\/{rel}","templated":true}]}}