    
{"id":71637,"date":"2023-11-16T14:26:48","date_gmt":"2023-11-16T13:26:48","guid":{"rendered":"https:\/\/www.praha7.cz\/?p=71637"},"modified":"2023-11-16T14:27:01","modified_gmt":"2023-11-16T13:27:01","slug":"ac-sparta-praha-slavi-130-narozeniny","status":"publish","type":"post","link":"https:\/\/www.praha7.cz\/ac-sparta-praha-slavi-130-narozeniny\/","title":{"rendered":"AC Sparta Praha slav\u00ed 130.&nbsp;narozeniny"},"content":{"rendered":"<p>[perex]<\/p>\r\n<p>Fotbalov\u00fd klub AC Sparta Praha oslavil 16.&nbsp;listopadu 2023 sv\u00e9 jubilejn\u00ed 130.&nbsp;narozeniny.<\/p>\r\n<p>[\/perex] <span style=\"font-size: 14px;\">h\u0159i\u0161t\u011b AC Sparta p\u0159ed utk\u00e1n\u00edm \u010cSR &#8211; Rakousko 1929 (3:3)<\/span><\/p>\r\n<p>&nbsp;<\/p>\r\n<p>Klub AC Kr\u00e1lovsk\u00e9 Vinohrady byl zalo\u017een 16.&nbsp;listopadu 1893. O&nbsp;rok pozd\u011bji byl schv\u00e1len n\u00e1vrh na p\u0159ejmenov\u00e1n\u00ed na Athletic Club Sparta.<\/p>\r\n<p>V po\u010d\u00e1tc\u00edch sv\u00e9 historie fotbalist\u00e9 nastupovali na hrac\u00ed plochu v&nbsp;\u010dern\u00fdch svetrech s&nbsp;velk\u00fdm b\u00edl\u00fdm \u201eS\u201c na prsou. V&nbsp;roce 1906 po vzoru lond\u00fdnsk\u00e9ho Arsenalu p\u0159e\u0161li na dnes tradi\u010dn\u00ed rud\u00e9 dresy.<\/p>\r\n<p>V roce 1917 se Sparta p\u0159est\u011bhovala na Letnou v&nbsp;Praze 7, kde sv\u00e9 z\u00e1pasy hraje dodnes.<\/p>\r\n\r\n<figure id=\"attachment_71639\" aria-describedby=\"caption-attachment-71639\" style=\"width: 640px\" class=\"wp-caption alignnone\"><img loading=\"lazy\" src=\"https:\/\/www.praha7.cz\/wp-content\/uploads\/2023\/11\/AC-Sparta-fotbal-1938-foto-1500x986.jpg\" alt=\"\" width=\"640\" height=\"421\" class=\"size-large wp-image-71639\" srcset=\"https:\/\/www.praha7.cz\/wp-content\/uploads\/2023\/11\/AC-Sparta-fotbal-1938-foto-1500x986.jpg 1500w, https:\/\/www.praha7.cz\/wp-content\/uploads\/2023\/11\/AC-Sparta-fotbal-1938-foto-600x394.jpg 600w, https:\/\/www.praha7.cz\/wp-content\/uploads\/2023\/11\/AC-Sparta-fotbal-1938-foto-768x505.jpg 768w, https:\/\/www.praha7.cz\/wp-content\/uploads\/2023\/11\/AC-Sparta-fotbal-1938-foto-1536x1009.jpg 1536w, https:\/\/www.praha7.cz\/wp-content\/uploads\/2023\/11\/AC-Sparta-fotbal-1938-foto-2048x1346.jpg 2048w\" sizes=\"(max-width: 640px) 100vw, 640px\" \/><figcaption id=\"caption-attachment-71639\" class=\"wp-caption-text\">AC Sparta 1938<\/figcaption><\/figure>\r\n\r\n<p>Sparta je nej\u00fasp\u011b\u0161n\u011bj\u0161\u00edm \u010desk\u00fdm fotbalov\u00fdm t\u00fdmem, z\u00edskala 37 titul\u016f z&nbsp;\u010deskoslovensk\u00e9 a&nbsp;\u010desk\u00e9 ligy, n\u011bkolikr\u00e1t \u00fa\u010dinkovala v&nbsp;Lize mistr\u016f UEFA a&nbsp;b\u011bhem dlouh\u00e9 historie klubu v&nbsp;jeho dresu p\u016fsobila \u0159ada reprezentant\u016f.<\/p>\r\n<p>M\u010c Praha&nbsp;7 p\u0159eje letensk\u00e9mu klubu v\u0161e nejlep\u0161\u00ed a&nbsp;mnoho dal\u0161\u00edch sportovn\u00edch \u00fasp\u011bch\u016f.<\/p>\r\n\r\n<figure id=\"attachment_71640\" aria-describedby=\"caption-attachment-71640\" style=\"width: 640px\" class=\"wp-caption alignnone\"><img loading=\"lazy\" src=\"https:\/\/www.praha7.cz\/wp-content\/uploads\/2023\/11\/tribuna-AC-Sparta-pred-2.-sv.-valkou-816x1000.jpg\" alt=\"\" width=\"640\" height=\"784\" class=\"wp-image-71640 size-large\" srcset=\"https:\/\/www.praha7.cz\/wp-content\/uploads\/2023\/11\/tribuna-AC-Sparta-pred-2.-sv.-valkou-816x1000.jpg 816w, https:\/\/www.praha7.cz\/wp-content\/uploads\/2023\/11\/tribuna-AC-Sparta-pred-2.-sv.-valkou-326x400.jpg 326w, https:\/\/www.praha7.cz\/wp-content\/uploads\/2023\/11\/tribuna-AC-Sparta-pred-2.-sv.-valkou-768x942.jpg 768w, https:\/\/www.praha7.cz\/wp-content\/uploads\/2023\/11\/tribuna-AC-Sparta-pred-2.-sv.-valkou-1253x1536.jpg 1253w, https:\/\/www.praha7.cz\/wp-content\/uploads\/2023\/11\/tribuna-AC-Sparta-pred-2.-sv.-valkou-1670x2048.jpg 1670w\" sizes=\"(max-width: 640px) 100vw, 640px\" \/><figcaption id=\"caption-attachment-71640\" class=\"wp-caption-text\">tribuna AC Sparta p\u0159ed 2.&nbsp;sv. v\u00e1lkou<\/figcaption><\/figure>","protected":false},"excerpt":{"rendered":"[perex] Fotbalov\u00fd klub AC Sparta Praha oslavil 16.&nbsp;listopadu 2023 sv\u00e9 jubilejn\u00ed 130.&nbsp;narozeniny. [\/perex] h\u0159i\u0161t\u011b AC Sparta p\u0159ed utk\u00e1n\u00edm \u010cSR &#8211; Rakousko 1929 (3:3) &nbsp; Klub AC Kr\u00e1lovsk\u00e9 Vinohrady byl zalo\u017een 16.&nbsp;listopadu 1893. O&nbsp;rok pozd\u011bji byl schv\u00e1len n\u00e1vrh na p\u0159ejmenov\u00e1n\u00ed na Athletic Club Sparta. V&nbsp;po\u010d\u00e1tc\u00edch sv\u00e9 historie fotbalist\u00e9 nastupovali na hrac\u00ed plochu v&nbsp;\u010dern\u00fdch svetrech s&nbsp;velk\u00fdm [&hellip;]","protected":false},"author":5,"featured_media":71638,"comment_status":"closed","ping_status":"open","sticky":false,"template":"","format":"standard","meta":[],"categories":[34],"tags":[],"_links":{"self":[{"href":"https:\/\/www.praha7.cz\/api\/wp\/v2\/posts\/71637"}],"collection":[{"href":"https:\/\/www.praha7.cz\/api\/wp\/v2\/posts"}],"about":[{"href":"https:\/\/www.praha7.cz\/api\/wp\/v2\/types\/post"}],"author":[{"embeddable":true,"href":"https:\/\/www.praha7.cz\/api\/wp\/v2\/users\/5"}],"replies":[{"embeddable":true,"href":"https:\/\/www.praha7.cz\/api\/wp\/v2\/comments?post=71637"}],"version-history":[{"count":3,"href":"https:\/\/www.praha7.cz\/api\/wp\/v2\/posts\/71637\/revisions"}],"predecessor-version":[{"id":71643,"href":"https:\/\/www.praha7.cz\/api\/wp\/v2\/posts\/71637\/revisions\/71643"}],"wp:featuredmedia":[{"embeddable":true,"href":"https:\/\/www.praha7.cz\/api\/wp\/v2\/media\/71638"}],"wp:attachment":[{"href":"https:\/\/www.praha7.cz\/api\/wp\/v2\/media?parent=71637"}],"wp:term":[{"taxonomy":"category","embeddable":true,"href":"https:\/\/www.praha7.cz\/api\/wp\/v2\/categories?post=71637"},{"taxonomy":"post_tag","embeddable":true,"href":"https:\/\/www.praha7.cz\/api\/wp\/v2\/tags?post=71637"}],"curies":[{"name":"wp","href":"https:\/\/api.w.org\/{rel}","templated":true}]}}