    
{"id":71626,"date":"2023-11-16T13:32:46","date_gmt":"2023-11-16T12:32:46","guid":{"rendered":"https:\/\/www.praha7.cz\/?p=71626"},"modified":"2023-11-22T16:19:19","modified_gmt":"2023-11-22T15:19:19","slug":"zasedani-komise-pro-bezbarierovost-dne-16-11-zruseno","status":"publish","type":"post","link":"https:\/\/www.praha7.cz\/zasedani-komise-pro-bezbarierovost-dne-16-11-zruseno\/","title":{"rendered":"Zased\u00e1n\u00ed komise pro bezbari\u00e9rovost dne 16.&nbsp;11.&nbsp;zru\u0161eno"},"content":{"rendered":"<p>[perex]<\/p>\r\n<p>Upozor\u0148ujeme, \u017ee z&nbsp;organiza\u010dn\u00edch d\u016fvod\u016f neprob\u011bhne zased\u00e1n\u00ed <a href=\"https:\/\/www.praha7.cz\/radnice\/voleni-zastupci-mistni-samospravy\/rada-mc-praha-7\/komise\/komise-pro-bezbarierovost-rady-mc-praha-7\/\">komise pro bezbari\u00e9rovost<\/a> dne 16.&nbsp;listopadu 2023. Nejbli\u017e\u0161\u00ed term\u00edn zased\u00e1n\u00ed je 14.&nbsp;prosince 2023. D\u011bkujeme za pochopen\u00ed.<\/p>\r\n<p>[\/perex]<\/p>","protected":false},"excerpt":{"rendered":"[perex] Upozor\u0148ujeme, \u017ee z&nbsp;organiza\u010dn\u00edch d\u016fvod\u016f neprob\u011bhne zased\u00e1n\u00ed komise pro bezbari\u00e9rovost dne 16.&nbsp;listopadu 2023. Nejbli\u017e\u0161\u00ed term\u00edn zased\u00e1n\u00ed je 14.&nbsp;prosince 2023. D\u011bkujeme za pochopen\u00ed. [\/perex]","protected":false},"author":251,"featured_media":65957,"comment_status":"closed","ping_status":"open","sticky":false,"template":"","format":"standard","meta":[],"categories":[34],"tags":[],"_links":{"self":[{"href":"https:\/\/www.praha7.cz\/api\/wp\/v2\/posts\/71626"}],"collection":[{"href":"https:\/\/www.praha7.cz\/api\/wp\/v2\/posts"}],"about":[{"href":"https:\/\/www.praha7.cz\/api\/wp\/v2\/types\/post"}],"author":[{"embeddable":true,"href":"https:\/\/www.praha7.cz\/api\/wp\/v2\/users\/251"}],"replies":[{"embeddable":true,"href":"https:\/\/www.praha7.cz\/api\/wp\/v2\/comments?post=71626"}],"version-history":[{"count":1,"href":"https:\/\/www.praha7.cz\/api\/wp\/v2\/posts\/71626\/revisions"}],"predecessor-version":[{"id":71630,"href":"https:\/\/www.praha7.cz\/api\/wp\/v2\/posts\/71626\/revisions\/71630"}],"wp:featuredmedia":[{"embeddable":true,"href":"https:\/\/www.praha7.cz\/api\/wp\/v2\/media\/65957"}],"wp:attachment":[{"href":"https:\/\/www.praha7.cz\/api\/wp\/v2\/media?parent=71626"}],"wp:term":[{"taxonomy":"category","embeddable":true,"href":"https:\/\/www.praha7.cz\/api\/wp\/v2\/categories?post=71626"},{"taxonomy":"post_tag","embeddable":true,"href":"https:\/\/www.praha7.cz\/api\/wp\/v2\/tags?post=71626"}],"curies":[{"name":"wp","href":"https:\/\/api.w.org\/{rel}","templated":true}]}}