    
{"id":71581,"date":"2023-11-16T11:57:48","date_gmt":"2023-11-16T10:57:48","guid":{"rendered":"https:\/\/www.praha7.cz\/?p=71581"},"modified":"2023-11-16T12:01:05","modified_gmt":"2023-11-16T11:01:05","slug":"dne-22-11-se-nekona-pravni-poradna-pro-seniory","status":"publish","type":"post","link":"https:\/\/www.praha7.cz\/dne-22-11-se-nekona-pravni-poradna-pro-seniory\/","title":{"rendered":"Dne 22.&nbsp;11.&nbsp;se nekon\u00e1 pr\u00e1vn\u00ed poradna pro seniory"},"content":{"rendered":"<p>[perex]<\/p>\r\n<p>Upozor\u0148ujeme, \u017ee z&nbsp;organiza\u010dn\u00edch d\u016fvod\u016f neprob\u011bhne pr\u00e1vn\u00ed poradna pro seniory dne 22.&nbsp;11.&nbsp;2023. Nejbli\u017e\u0161\u00ed term\u00edn kon\u00e1n\u00ed poradny je 6.&nbsp;12.&nbsp;2023.<\/p>\r\n<p>Pr\u00e1vn\u00ed poradna prob\u00edh\u00e1 v\u017edy od 15 do 18 hodin v&nbsp;zasedac\u00ed m\u00edstnosti 2.09 (2.&nbsp;patro), U&nbsp;Pr\u016fhonu 1338\/38.<\/p>\r\n<p>V\u00edce informac\u00ed a&nbsp;dal\u0161\u00ed term\u00edny najdete <a href=\"https:\/\/www.praha7.cz\/temata\/pravni-pomoc\/pravni-poradna\/\">ZDE<\/a>.<\/p>\r\n<p>[\/perex]<\/p>","protected":false},"excerpt":{"rendered":"[perex] Upozor\u0148ujeme, \u017ee z&nbsp;organiza\u010dn\u00edch d\u016fvod\u016f neprob\u011bhne pr\u00e1vn\u00ed poradna pro seniory dne 22.&nbsp;11.&nbsp;2023. Nejbli\u017e\u0161\u00ed term\u00edn kon\u00e1n\u00ed poradny je 6.&nbsp;12.&nbsp;2023. Pr\u00e1vn\u00ed poradna prob\u00edh\u00e1 v\u017edy od 15 do 18 hodin v&nbsp;zasedac\u00ed m\u00edstnosti 2.09 (2.&nbsp;patro), U&nbsp;Pr\u016fhonu 1338\/38. V\u00edce informac\u00ed a&nbsp;dal\u0161\u00ed term\u00edny najdete ZDE. [\/perex]","protected":false},"author":5,"featured_media":19229,"comment_status":"closed","ping_status":"open","sticky":false,"template":"","format":"standard","meta":[],"categories":[34],"tags":[],"_links":{"self":[{"href":"https:\/\/www.praha7.cz\/api\/wp\/v2\/posts\/71581"}],"collection":[{"href":"https:\/\/www.praha7.cz\/api\/wp\/v2\/posts"}],"about":[{"href":"https:\/\/www.praha7.cz\/api\/wp\/v2\/types\/post"}],"author":[{"embeddable":true,"href":"https:\/\/www.praha7.cz\/api\/wp\/v2\/users\/5"}],"replies":[{"embeddable":true,"href":"https:\/\/www.praha7.cz\/api\/wp\/v2\/comments?post=71581"}],"version-history":[{"count":5,"href":"https:\/\/www.praha7.cz\/api\/wp\/v2\/posts\/71581\/revisions"}],"predecessor-version":[{"id":71596,"href":"https:\/\/www.praha7.cz\/api\/wp\/v2\/posts\/71581\/revisions\/71596"}],"wp:featuredmedia":[{"embeddable":true,"href":"https:\/\/www.praha7.cz\/api\/wp\/v2\/media\/19229"}],"wp:attachment":[{"href":"https:\/\/www.praha7.cz\/api\/wp\/v2\/media?parent=71581"}],"wp:term":[{"taxonomy":"category","embeddable":true,"href":"https:\/\/www.praha7.cz\/api\/wp\/v2\/categories?post=71581"},{"taxonomy":"post_tag","embeddable":true,"href":"https:\/\/www.praha7.cz\/api\/wp\/v2\/tags?post=71581"}],"curies":[{"name":"wp","href":"https:\/\/api.w.org\/{rel}","templated":true}]}}