    
{"id":71562,"date":"2023-11-16T10:52:46","date_gmt":"2023-11-16T09:52:46","guid":{"rendered":"https:\/\/www.praha7.cz\/?p=71562"},"modified":"2023-11-20T10:59:00","modified_gmt":"2023-11-20T09:59:00","slug":"rekonstrukce-casti-ulice-trojska","status":"publish","type":"post","link":"https:\/\/www.praha7.cz\/rekonstrukce-casti-ulice-trojska\/","title":{"rendered":"Rekonstrukce \u010d\u00e1sti ulice Trojsk\u00e1"},"content":{"rendered":"<p>[perex]<\/p>\r\n<p>Technick\u00e1 spr\u00e1va komunikac\u00ed (TSK) zah\u00e1j\u00ed ve st\u0159edu 22.&nbsp;listopadu 2023 opravu komunikace Trojsk\u00e1 u&nbsp;Trojsk\u00e9ho z\u00e1mku, v\u00a0\u00faseku od ulice Pod Havr\u00e1nkou a\u017e po ulici U&nbsp;Trojsk\u00e9ho z\u00e1mku. Opravovan\u00fd \u00fasek bude pr\u016fjezdn\u00fd pouze jednosm\u011brn\u011b ve sm\u011bru od Hole\u0161ovic do Bohnic. Omezen\u00ed potrv\u00e1 do 8.&nbsp;prosince 2023.<\/p>\r\n<p>[\/perex]<\/p>\r\n<p>B\u011bhem oprav dojde ke kompletn\u00ed v\u00fdm\u011bn\u011b asfaltov\u00fdch vrstev vozovky, sanaci podlo\u017e\u00ed, k\u00a0v\u00fd\u0161kov\u00e9 \u00faprav\u011b in\u017een\u00fdrsk\u00fdch znak\u016f a&nbsp;k\u00a0obnov\u011b vodorovn\u00e9ho dopravn\u00edho zna\u010den\u00ed.<\/p>\r\n<p>Stavebn\u00ed pr\u00e1ce budou rozd\u011bleny na 2 etapy, p\u0159i ka\u017ed\u00e9 z\u00a0nich bude zachov\u00e1n jeden jednosm\u011brn\u00fd j\u00edzdn\u00ed pruh ve sm\u011bru do Bohnic. Jednosm\u011brn\u00fd provoz bude zaveden i&nbsp;v&nbsp;ulici K&nbsp;Bohnic\u00edm v&nbsp;\u00faseku Ke Hrachovce \u2013 K&nbsp;Pazderk\u00e1m ve sm\u011bru do Bohnic. Doprava ve sm\u011bru do centra bude vedena po obj\u00edzdn\u00e9 trase.<\/p>\r\n<p>&nbsp;<\/p>\r\n<p>&nbsp;<\/p>\r\n<p>Obj\u00edzdn\u00e9 trasy:<\/p>\r\n<p>\u00b7\u00a0\u00a0\u00a0\u00a0\u00a0\u00a0\u00a0\u00a0 sm\u011br Troja: K&nbsp;Pazderk\u00e1m, \u010cimick\u00e1, Kobylisk\u00e9 n\u00e1m\u011bst\u00ed, Uzav\u0159en\u00e1, Trojsk\u00e1<\/p>\r\n<p>\u00b7\u00a0\u00a0\u00a0\u00a0\u00a0\u00a0\u00a0\u00a0 sm\u011br Hole\u0161ovice: K&nbsp;Pazderk\u00e1m, \u010cimick\u00e1, Kobylisk\u00e9 n\u00e1m\u011bst\u00ed, Nad \u0160utkou, Zenklova, V&nbsp;Hole\u0161ovi\u010dk\u00e1ch, most Barik\u00e1dn\u00edk\u016f<\/p>\r\n<p><a href=\"https:\/\/www.praha7.cz\/wp-content\/uploads\/2023\/11\/TZ_Trojska_obr_1.jpg\"><img loading=\"lazy\" src=\"https:\/\/www.praha7.cz\/wp-content\/uploads\/2023\/11\/TZ_Trojska_obr_1-1500x413.jpg\" alt=\"\" width=\"640\" height=\"176\" class=\"alignnone size-large wp-image-71574\" srcset=\"https:\/\/www.praha7.cz\/wp-content\/uploads\/2023\/11\/TZ_Trojska_obr_1-1500x413.jpg 1500w, https:\/\/www.praha7.cz\/wp-content\/uploads\/2023\/11\/TZ_Trojska_obr_1-600x165.jpg 600w, https:\/\/www.praha7.cz\/wp-content\/uploads\/2023\/11\/TZ_Trojska_obr_1-768x212.jpg 768w, https:\/\/www.praha7.cz\/wp-content\/uploads\/2023\/11\/TZ_Trojska_obr_1-1536x423.jpg 1536w, https:\/\/www.praha7.cz\/wp-content\/uploads\/2023\/11\/TZ_Trojska_obr_1.jpg 1575w\" sizes=\"(max-width: 640px) 100vw, 640px\" \/><\/a><\/p>\r\n<p><strong>Dal\u0161\u00ed informace k&nbsp;doprav\u011b jsou uveden <a href=\"https:\/\/opravujeme.to\/action\/1592\/\">ZDE<\/a>.<\/strong><\/p>\r\n<p>&nbsp;<\/p>\r\n<h3><\/h3>\r\n<h3>Zm\u011bny ve veden\u00ed MHD<\/h3>\r\n<p><a href=\"https:\/\/www.praha7.cz\/wp-content\/uploads\/2023\/11\/trja-vyluka-mhd.png\"><img loading=\"lazy\" src=\"https:\/\/www.praha7.cz\/wp-content\/uploads\/2023\/11\/trja-vyluka-mhd.png\" alt=\"\" width=\"1338\" height=\"941\" class=\"alignnone size-full wp-image-71687\" srcset=\"https:\/\/www.praha7.cz\/wp-content\/uploads\/2023\/11\/trja-vyluka-mhd.png 1338w, https:\/\/www.praha7.cz\/wp-content\/uploads\/2023\/11\/trja-vyluka-mhd-569x400.png 569w, https:\/\/www.praha7.cz\/wp-content\/uploads\/2023\/11\/trja-vyluka-mhd-768x540.png 768w\" sizes=\"(max-width: 1338px) 100vw, 1338px\" \/><\/a><\/p>\r\n<p><strong>V\u00edce informac\u00ed k&nbsp;MHD najdete <a href=\"https:\/\/www.dpp.cz\/omezeni-a-mimoradne-udalosti\/detail\/20220\" target=\"_blank\" rel=\"noopener\">ZDE<\/a>.<\/strong><\/p>","protected":false},"excerpt":{"rendered":"[perex] Technick\u00e1 spr\u00e1va komunikac\u00ed (TSK) zah\u00e1j\u00ed ve st\u0159edu 22.&nbsp;listopadu 2023 opravu komunikace Trojsk\u00e1 u&nbsp;Trojsk\u00e9ho z\u00e1mku, v\u00a0\u00faseku od ulice Pod Havr\u00e1nkou a\u017e po ulici U&nbsp;Trojsk\u00e9ho z\u00e1mku. Opravovan\u00fd \u00fasek bude pr\u016fjezdn\u00fd pouze jednosm\u011brn\u011b ve sm\u011bru od Hole\u0161ovic do Bohnic. Omezen\u00ed potrv\u00e1 do 8.&nbsp;prosince 2023. [\/perex] B\u011bhem oprav dojde ke kompletn\u00ed v\u00fdm\u011bn\u011b asfaltov\u00fdch vrstev vozovky, sanaci podlo\u017e\u00ed, k\u00a0v\u00fd\u0161kov\u00e9 [&hellip;]","protected":false},"author":5,"featured_media":71573,"comment_status":"closed","ping_status":"open","sticky":false,"template":"","format":"standard","meta":[],"categories":[34],"tags":[],"_links":{"self":[{"href":"https:\/\/www.praha7.cz\/api\/wp\/v2\/posts\/71562"}],"collection":[{"href":"https:\/\/www.praha7.cz\/api\/wp\/v2\/posts"}],"about":[{"href":"https:\/\/www.praha7.cz\/api\/wp\/v2\/types\/post"}],"author":[{"embeddable":true,"href":"https:\/\/www.praha7.cz\/api\/wp\/v2\/users\/5"}],"replies":[{"embeddable":true,"href":"https:\/\/www.praha7.cz\/api\/wp\/v2\/comments?post=71562"}],"version-history":[{"count":5,"href":"https:\/\/www.praha7.cz\/api\/wp\/v2\/posts\/71562\/revisions"}],"predecessor-version":[{"id":71689,"href":"https:\/\/www.praha7.cz\/api\/wp\/v2\/posts\/71562\/revisions\/71689"}],"wp:featuredmedia":[{"embeddable":true,"href":"https:\/\/www.praha7.cz\/api\/wp\/v2\/media\/71573"}],"wp:attachment":[{"href":"https:\/\/www.praha7.cz\/api\/wp\/v2\/media?parent=71562"}],"wp:term":[{"taxonomy":"category","embeddable":true,"href":"https:\/\/www.praha7.cz\/api\/wp\/v2\/categories?post=71562"},{"taxonomy":"post_tag","embeddable":true,"href":"https:\/\/www.praha7.cz\/api\/wp\/v2\/tags?post=71562"}],"curies":[{"name":"wp","href":"https:\/\/api.w.org\/{rel}","templated":true}]}}