    
{"id":71508,"date":"2023-11-16T13:27:14","date_gmt":"2023-11-16T12:27:14","guid":{"rendered":"https:\/\/www.praha7.cz\/?p=71508"},"modified":"2023-12-03T20:24:13","modified_gmt":"2023-12-03T19:24:13","slug":"adventni-brusleni-na-vystavisti","status":"publish","type":"post","link":"https:\/\/www.praha7.cz\/adventni-brusleni-na-vystavisti\/","title":{"rendered":"Adventn\u00ed bruslen\u00ed na V\u00fdstavi\u0161ti"},"content":{"rendered":"<p>[perex]<\/p>\r\n<p>Zveme d\u011bti i&nbsp;dosp\u011bl\u00e9 na bruslen\u00ed a&nbsp;mal\u00fd program s&nbsp;mikul\u00e1\u0161skou tematikou. V&nbsp;prostor\u00e1ch St\u0159\u00edda\u010dky na V\u00fdstavi\u0161ti v\u00e1s\u00a0 v&nbsp;ned\u011bli 3.&nbsp;prosince 2023 od 15.15 do 17.15 \u010dek\u00e1 nejen tvo\u0159iv\u00e1 d\u00edlna pro mal\u00e9 i&nbsp;v\u011bt\u0161\u00ed.\u00a0<\/p>\r\n<p>[\/perex]<\/p>\r\n<p><strong>Kdy:<\/strong> ned\u011ble 3.&nbsp;prosince 2023, 15.15\u201317.15<\/p>\r\n<p><strong>Kde:<\/strong> Mal\u00e1 sportovn\u00ed hala, V\u00fdstavi\u0161t\u011b Praha<\/p>\r\n<p><strong>T\u011b\u0161it se m\u016f\u017eete na:<\/strong><\/p>\r\n<ul>\r\n\t<li>tvo\u0159ivou d\u00edlnu, v&nbsp;n\u00ed\u017e si d\u011bti vyrob\u00ed masky \u010derta a&nbsp;Mikul\u00e1\u0161e<\/li>\r\n\t<li>omalov\u00e1nky pro nejmen\u0161\u00ed<\/li>\r\n\t<li>fotobudku<\/li>\r\n\t<li>fotografii na pam\u00e1tku a&nbsp;drobnou mikul\u00e1\u0161skou nad\u00edlku<\/li>\r\n\t<li>bruslen\u00ed<\/li>\r\n\t<li>p\u016fj\u010dovnu brusl\u00ed zdarma (kapacita brusl\u00ed je omezen\u00e1, brusle nen\u00ed mo\u017en\u00e9 rezervovat)<\/li>\r\n<\/ul>\r\n<p><strong>program zdarma<\/strong><\/p>\r\n<p>&nbsp;<\/p>","protected":false},"excerpt":{"rendered":"[perex] Zveme d\u011bti i&nbsp;dosp\u011bl\u00e9 na bruslen\u00ed a&nbsp;mal\u00fd program s&nbsp;mikul\u00e1\u0161skou tematikou. V&nbsp;prostor\u00e1ch St\u0159\u00edda\u010dky na V\u00fdstavi\u0161ti v\u00e1s\u00a0 v&nbsp;ned\u011bli 3.&nbsp;prosince 2023 od 15.15 do 17.15 \u010dek\u00e1 nejen tvo\u0159iv\u00e1 d\u00edlna pro mal\u00e9 i&nbsp;v\u011bt\u0161\u00ed.\u00a0 [\/perex] Kdy: ned\u011ble 3.&nbsp;prosince 2023, 15.15\u201317.15 Kde: Mal\u00e1 sportovn\u00ed hala, V\u00fdstavi\u0161t\u011b Praha T\u011b\u0161it se m\u016f\u017eete na: tvo\u0159ivou d\u00edlnu, v&nbsp;n\u00ed\u017e si d\u011bti vyrob\u00ed masky \u010derta a&nbsp;Mikul\u00e1\u0161e omalov\u00e1nky [&hellip;]","protected":false},"author":251,"featured_media":71636,"comment_status":"closed","ping_status":"open","sticky":false,"template":"","format":"standard","meta":[],"categories":[34],"tags":[],"_links":{"self":[{"href":"https:\/\/www.praha7.cz\/api\/wp\/v2\/posts\/71508"}],"collection":[{"href":"https:\/\/www.praha7.cz\/api\/wp\/v2\/posts"}],"about":[{"href":"https:\/\/www.praha7.cz\/api\/wp\/v2\/types\/post"}],"author":[{"embeddable":true,"href":"https:\/\/www.praha7.cz\/api\/wp\/v2\/users\/251"}],"replies":[{"embeddable":true,"href":"https:\/\/www.praha7.cz\/api\/wp\/v2\/comments?post=71508"}],"version-history":[{"count":1,"href":"https:\/\/www.praha7.cz\/api\/wp\/v2\/posts\/71508\/revisions"}],"predecessor-version":[{"id":71509,"href":"https:\/\/www.praha7.cz\/api\/wp\/v2\/posts\/71508\/revisions\/71509"}],"wp:featuredmedia":[{"embeddable":true,"href":"https:\/\/www.praha7.cz\/api\/wp\/v2\/media\/71636"}],"wp:attachment":[{"href":"https:\/\/www.praha7.cz\/api\/wp\/v2\/media?parent=71508"}],"wp:term":[{"taxonomy":"category","embeddable":true,"href":"https:\/\/www.praha7.cz\/api\/wp\/v2\/categories?post=71508"},{"taxonomy":"post_tag","embeddable":true,"href":"https:\/\/www.praha7.cz\/api\/wp\/v2\/tags?post=71508"}],"curies":[{"name":"wp","href":"https:\/\/api.w.org\/{rel}","templated":true}]}}