    
{"id":71488,"date":"2023-11-15T11:08:44","date_gmt":"2023-11-15T10:08:44","guid":{"rendered":"https:\/\/www.praha7.cz\/?p=71488"},"modified":"2023-12-06T17:08:50","modified_gmt":"2023-12-06T16:08:50","slug":"rozsviceni-vanocnich-stromu-na-sedmicce","status":"publish","type":"post","link":"https:\/\/www.praha7.cz\/rozsviceni-vanocnich-stromu-na-sedmicce\/","title":{"rendered":"Rozsv\u00edcen\u00ed v\u00e1no\u010dn\u00edch strom\u016f na Sedmi\u010dce"},"content":{"rendered":"<p>[perex]<\/p>\r\n<p>Srde\u010dn\u011b v\u00e1s zveme na tradi\u010dn\u00ed rozsv\u00edcen\u00ed v\u00e1no\u010dn\u00edch strom\u016f.<\/p>\r\n<p>\ud83c\udf84 ve st\u0159edu 29.&nbsp;listopadu 2023 v&nbsp;16&nbsp;h rozsv\u00edt\u00edme v\u00e1no\u010dn\u00ed strom na Strossmayerov\u011b n\u00e1m\u011bst\u00ed, vystoup\u00ed Pra\u017esk\u00e9 \u017eest\u011b a&nbsp;d\u011btsk\u00fd p\u011bveck\u00fd sbor Radost Praha<br \/>\r\n\ud83c\udf84 ve st\u0159edu 6.&nbsp;prosince 2023 v&nbsp;16&nbsp;h rozsv\u00edt\u00edme v\u00e1no\u010dn\u00ed strom na Ortenov\u011b n\u00e1m\u011bst\u00ed, vystoup\u00ed K\u00fchn\u016fv d\u011btsk\u00fd sbor<\/p>\r\n<p>[\/perex]<\/p>\r\n<p>Na obou akc\u00edch bude pro d\u011bti p\u0159ipravena hork\u00e1 \u010dokol\u00e1da a&nbsp;pro dosp\u011bl\u00e9 sva\u0159en\u00e9 v\u00edno. Abychom omezili produkci jednor\u00e1zov\u00fdch plastov\u00fdch kel\u00edmk\u016f, pros\u00edme, p\u0159ineste si vlastn\u00ed hrne\u010dky.\u00a0<\/p>","protected":false},"excerpt":{"rendered":"[perex] Srde\u010dn\u011b v\u00e1s zveme na tradi\u010dn\u00ed rozsv\u00edcen\u00ed v\u00e1no\u010dn\u00edch strom\u016f. \ud83c\udf84 ve st\u0159edu 29.&nbsp;listopadu 2023 v&nbsp;16&nbsp;h rozsv\u00edt\u00edme v\u00e1no\u010dn\u00ed strom na Strossmayerov\u011b n\u00e1m\u011bst\u00ed, vystoup\u00ed Pra\u017esk\u00e9 \u017eest\u011b a&nbsp;d\u011btsk\u00fd p\u011bveck\u00fd sbor Radost Praha \ud83c\udf84 ve st\u0159edu 6.&nbsp;prosince 2023 v&nbsp;16&nbsp;h rozsv\u00edt\u00edme v\u00e1no\u010dn\u00ed strom na Ortenov\u011b n\u00e1m\u011bst\u00ed, vystoup\u00ed K\u00fchn\u016fv d\u011btsk\u00fd sbor [\/perex] Na obou akc\u00edch bude pro d\u011bti p\u0159ipravena hork\u00e1 \u010dokol\u00e1da [&hellip;]","protected":false},"author":251,"featured_media":62390,"comment_status":"closed","ping_status":"open","sticky":false,"template":"","format":"standard","meta":[],"categories":[34],"tags":[],"_links":{"self":[{"href":"https:\/\/www.praha7.cz\/api\/wp\/v2\/posts\/71488"}],"collection":[{"href":"https:\/\/www.praha7.cz\/api\/wp\/v2\/posts"}],"about":[{"href":"https:\/\/www.praha7.cz\/api\/wp\/v2\/types\/post"}],"author":[{"embeddable":true,"href":"https:\/\/www.praha7.cz\/api\/wp\/v2\/users\/251"}],"replies":[{"embeddable":true,"href":"https:\/\/www.praha7.cz\/api\/wp\/v2\/comments?post=71488"}],"version-history":[{"count":3,"href":"https:\/\/www.praha7.cz\/api\/wp\/v2\/posts\/71488\/revisions"}],"predecessor-version":[{"id":71497,"href":"https:\/\/www.praha7.cz\/api\/wp\/v2\/posts\/71488\/revisions\/71497"}],"wp:featuredmedia":[{"embeddable":true,"href":"https:\/\/www.praha7.cz\/api\/wp\/v2\/media\/62390"}],"wp:attachment":[{"href":"https:\/\/www.praha7.cz\/api\/wp\/v2\/media?parent=71488"}],"wp:term":[{"taxonomy":"category","embeddable":true,"href":"https:\/\/www.praha7.cz\/api\/wp\/v2\/categories?post=71488"},{"taxonomy":"post_tag","embeddable":true,"href":"https:\/\/www.praha7.cz\/api\/wp\/v2\/tags?post=71488"}],"curies":[{"name":"wp","href":"https:\/\/api.w.org\/{rel}","templated":true}]}}