    
{"id":71454,"date":"2023-11-14T12:31:05","date_gmt":"2023-11-14T11:31:05","guid":{"rendered":"https:\/\/www.praha7.cz\/?p=71454"},"modified":"2023-11-14T12:31:05","modified_gmt":"2023-11-14T11:31:05","slug":"docasne-preruseni-provozu-metra-c-v-useku-i-p-pavlova-vltavska","status":"publish","type":"post","link":"https:\/\/www.praha7.cz\/docasne-preruseni-provozu-metra-c-v-useku-i-p-pavlova-vltavska\/","title":{"rendered":"Do\u010dasn\u00e9 p\u0159eru\u0161en\u00ed provozu metra C v&nbsp;\u00faseku I. P. Pavlova \u2013 Vltavsk\u00e1"},"content":{"rendered":"<p>[perex]<\/p>\r\n<p>Z d\u016fvodu opravy trati metra doch\u00e1z\u00ed\u00a0od p\u00e1tku 17.&nbsp;listopadu 2023 do ned\u011ble 19.&nbsp;listopadu 2023\u00a0k do\u010dasn\u00e9mu p\u0159eru\u0161en\u00ed provozu metra C v&nbsp;\u00faseku\u00a0I. P. Pavlova \u2013 Vltavsk\u00e1.<\/p>\r\n<p>[\/perex]<\/p>\r\n<h3>N\u00e1hradn\u00ed doprava<\/h3>\r\n<p>V denn\u00edm provozu je zavedena n\u00e1hradn\u00ed autobusov\u00e1 doprava XC v&nbsp;trase I. P. Pavlova \u2013 Muzeum \u2013 Hlavn\u00ed n\u00e1dra\u017e\u00ed \u2013 Florenc \u2013 Vltavsk\u00e1 \u2013 N\u00e1dra\u017e\u00ed Hole\u0161ovice.<\/p>\r\n<p><strong>Zast\u00e1vky linky XC sm\u011br N\u00e1dra\u017e\u00ed Hole\u0161ovice<\/strong><br \/>\r\nI. P. Pavlova \u2013 n\u00e1stupn\u00ed: v&nbsp;ulici Legerova p\u0159ibli\u017en\u011b 40 metr\u016f za k\u0159i\u017eovatkou s&nbsp;ulic\u00ed Vocelova<br \/>\r\nMuzeum: v&nbsp;ulici Legerova v&nbsp;zast\u00e1vce autobusov\u00e9 linky \u010d\u00edslo\u00a0905\u00a0sm\u011br S\u00eddli\u0161t\u011b \u010cimice<br \/>\r\nHlavn\u00ed n\u00e1dra\u017e\u00ed: v&nbsp;ulici Wilsonova v&nbsp;zast\u00e1vce autobusov\u00e9 linky \u010d\u00edslo\u00a0905\u00a0sm\u011br S\u00eddli\u0161t\u011b \u010cimice<br \/>\r\nFlorenc: v&nbsp;ulici Wilsonova na p\u0159emost\u011bn\u00ed Masarykova n\u00e1dra\u017e\u00ed<br \/>\r\nVltavsk\u00e1: na sjezdov\u00e9 ramp\u011b z&nbsp;Hl\u00e1vkova mostu<br \/>\r\nN\u00e1dra\u017e\u00ed Hole\u0161ovice\u00a0\u2013\u00a0v\u00fdstupn\u00ed: v&nbsp;obrati\u0161ti autobus\u016f ve v\u00fdstupn\u00ed zast\u00e1vce<\/p>\r\n<p><strong>Zast\u00e1vky linky\u00a0XC\u00a0sm\u011br\u00a0I. P. Pavlova<\/strong><br \/>\r\nN\u00e1dra\u017e\u00ed Hole\u0161ovice \u2013 n\u00e1stupn\u00ed: v&nbsp;obrati\u0161ti autobus\u016f v&nbsp;n\u00e1stupn\u00ed zast\u00e1vce autobusov\u00e9 linky \u010d\u00edslo 156<br \/>\r\nVltavsk\u00e1: na Bubensk\u00e9m n\u00e1b\u0159e\u017e\u00ed v&nbsp;zast\u00e1vce autobusov\u00e9 linky \u010d\u00edslo\u00a0156<br \/>\r\nFlorenc: v&nbsp;ulici Wilsonova na p\u0159emost\u011bn\u00ed Masarykova n\u00e1dra\u017e\u00ed<br \/>\r\nHlavn\u00ed n\u00e1dra\u017e\u00ed: v&nbsp;ulici Wilsonova v&nbsp;zast\u00e1vce autobusov\u00e9 linky \u010d\u00edslo\u00a0905\u00a0sm\u011br Ji\u017en\u00ed M\u011bsto<br \/>\r\nMuzeum: v&nbsp;ulici Wilsonova v&nbsp;zast\u00e1vce autobusov\u00e9 linky\u00a0\u010d\u00edslo\u00a0905\u00a0sm\u011br Ji\u017en\u00ed M\u011bsto<br \/>\r\nI. P. Pavlova:\u00a0v\u00fdstupn\u00ed \u2013 v&nbsp;ulici Sokolsk\u00e1 v&nbsp;zast\u00e1vce autobusov\u00e9 linky \u010d\u00edslo\u00a0905\u00a0sm\u011br Ji\u017en\u00ed M\u011bsto<\/p>\r\n<p><img loading=\"lazy\" src=\"https:\/\/www.praha7.cz\/wp-content\/uploads\/2023\/11\/vyluka-ipp_vltavska.jpg\" alt=\"\" width=\"976\" height=\"668\" class=\"alignnone size-full wp-image-71457\" srcset=\"https:\/\/www.praha7.cz\/wp-content\/uploads\/2023\/11\/vyluka-ipp_vltavska.jpg 976w, https:\/\/www.praha7.cz\/wp-content\/uploads\/2023\/11\/vyluka-ipp_vltavska-584x400.jpg 584w, https:\/\/www.praha7.cz\/wp-content\/uploads\/2023\/11\/vyluka-ipp_vltavska-768x526.jpg 768w\" sizes=\"(max-width: 976px) 100vw, 976px\" \/><\/p>\r\n<p>&nbsp;<\/p>\r\n<p><strong>Alternativn\u00ed n\u00e1hradn\u00ed tramvajov\u00e1 doprava<\/strong> <br \/>\r\nV&nbsp;denn\u00edm provozu linka \u010d\u00edslo 36 v&nbsp;trase Zvona\u0159ka \u2013 I. P. Pavlova \u2013 Karlovo n\u00e1m\u011bst\u00ed \u2013 V\u00e1clavsk\u00e9 n\u00e1m\u011bst\u00ed \u2013 Masarykovo n\u00e1dra\u017e\u00ed \u2013 B\u00edl\u00e1 labu\u0165 \u2013 Vltavsk\u00e1 \u2013 Strossmayerovo n\u00e1m\u011bst\u00ed \u2013 \u0160pejchar.<\/p>\r\n<p><strong>Zm\u011bny tras linek tramvaj\u00ed<\/strong><br \/>\r\nLinka \u010d\u00edslo\u00a023\u00a0je ve sm\u011bru od Kr\u00e1lovky ze zast\u00e1vky\u00a0Bruselsk\u00e1\u00a0odklon\u011bna p\u0159es zast\u00e1vky\u00a0Pod Karlovem\u00a0a\u00a0Nuselsk\u00e9 schody\u00a0do zast\u00e1vky\u00a0N\u00e1m\u011bst\u00ed Brat\u0159\u00ed Synk\u016f\u00a0(v\u00fdstupn\u00ed v&nbsp;ulici Na Z\u00e1meck\u00e9, n\u00e1stupn\u00ed v&nbsp;obrati\u0161ti).<\/p>\r\n<p><strong>Zm\u011bny zast\u00e1vek autobus\u016f<\/strong><br \/>\r\nPro linku \u010d\u00edslo\u00a0148ru\u0161\u00ed se zast\u00e1vka\u00a0Kate\u0159insk\u00e1\u00a0(sm\u011br I. P. Pavlova),<br \/>\r\np\u0159em\u00eds\u0165uje se n\u00e1stupn\u00ed a&nbsp;v\u00fdstupn\u00ed zast\u00e1vka\u00a0I. P. Pavlova\u00a0do ulice Na Boji\u0161ti p\u0159ed k\u0159i\u017eovatku s&nbsp;ulic\u00ed Sokolsk\u00e1<\/p>","protected":false},"excerpt":{"rendered":"[perex] Z&nbsp;d\u016fvodu opravy trati metra doch\u00e1z\u00ed\u00a0od p\u00e1tku 17.&nbsp;listopadu 2023 do ned\u011ble 19.&nbsp;listopadu 2023\u00a0k do\u010dasn\u00e9mu p\u0159eru\u0161en\u00ed provozu metra C v&nbsp;\u00faseku\u00a0I. P. Pavlova \u2013 Vltavsk\u00e1. [\/perex] N\u00e1hradn\u00ed doprava V&nbsp;denn\u00edm provozu je zavedena n\u00e1hradn\u00ed autobusov\u00e1 doprava XC v&nbsp;trase I. P. Pavlova \u2013 Muzeum \u2013 Hlavn\u00ed n\u00e1dra\u017e\u00ed \u2013 Florenc \u2013 Vltavsk\u00e1 \u2013 N\u00e1dra\u017e\u00ed Hole\u0161ovice. Zast\u00e1vky linky XC [&hellip;]","protected":false},"author":251,"featured_media":63301,"comment_status":"closed","ping_status":"open","sticky":false,"template":"","format":"standard","meta":[],"categories":[34],"tags":[],"_links":{"self":[{"href":"https:\/\/www.praha7.cz\/api\/wp\/v2\/posts\/71454"}],"collection":[{"href":"https:\/\/www.praha7.cz\/api\/wp\/v2\/posts"}],"about":[{"href":"https:\/\/www.praha7.cz\/api\/wp\/v2\/types\/post"}],"author":[{"embeddable":true,"href":"https:\/\/www.praha7.cz\/api\/wp\/v2\/users\/251"}],"replies":[{"embeddable":true,"href":"https:\/\/www.praha7.cz\/api\/wp\/v2\/comments?post=71454"}],"version-history":[{"count":1,"href":"https:\/\/www.praha7.cz\/api\/wp\/v2\/posts\/71454\/revisions"}],"predecessor-version":[{"id":71458,"href":"https:\/\/www.praha7.cz\/api\/wp\/v2\/posts\/71454\/revisions\/71458"}],"wp:featuredmedia":[{"embeddable":true,"href":"https:\/\/www.praha7.cz\/api\/wp\/v2\/media\/63301"}],"wp:attachment":[{"href":"https:\/\/www.praha7.cz\/api\/wp\/v2\/media?parent=71454"}],"wp:term":[{"taxonomy":"category","embeddable":true,"href":"https:\/\/www.praha7.cz\/api\/wp\/v2\/categories?post=71454"},{"taxonomy":"post_tag","embeddable":true,"href":"https:\/\/www.praha7.cz\/api\/wp\/v2\/tags?post=71454"}],"curies":[{"name":"wp","href":"https:\/\/api.w.org\/{rel}","templated":true}]}}