    
{"id":71434,"date":"2023-11-13T11:51:30","date_gmt":"2023-11-13T10:51:30","guid":{"rendered":"https:\/\/www.praha7.cz\/?p=71434"},"modified":"2023-11-13T11:51:30","modified_gmt":"2023-11-13T10:51:30","slug":"vlajecky-k-34-vyroci-sametove-revoluce","status":"publish","type":"post","link":"https:\/\/www.praha7.cz\/vlajecky-k-34-vyroci-sametove-revoluce\/","title":{"rendered":"Vlaje\u010dky k&nbsp;34.&nbsp;v\u00fdro\u010d\u00ed sametov\u00e9 revoluce"},"content":{"rendered":"<p>[perex]<\/p>\r\n<p>P\u0159i p\u0159\u00edle\u017eitosti 34.&nbsp;v\u00fdro\u010d\u00ed ud\u00e1lost\u00ed listopadu 1989 si m\u016f\u017eete zdarma vyzvednout \u010desk\u00e9 vlaje\u010dky a&nbsp;stu\u017eky. Zastavte se pro n\u011b v&nbsp;Informa\u010dn\u00edm centru Prahy&nbsp;7, Milady Hor\u00e1kov\u00e9 2, nebo v&nbsp;podateln\u011b radnice M\u010c, U&nbsp;Pr\u016fhonu 38.<\/p>\r\n<p>[\/perex]<\/p>\r\n<p><a href=\"https:\/\/www.praha7.cz\/radnice\/organizacni-struktura\/odbor-spravnich-agend\/oddeleni-sluzeb-obcanum\/pracoviste-informacniho-centra-milady-horakove\/\">Otv\u00edrac\u00ed doba IC<\/a> v&nbsp;t\u00fddnu 13.\u201317.&nbsp;11.&nbsp;2023:<\/p>\r\n<p>pond\u011bl\u00ed a&nbsp;st\u0159eda 7.30\u201312.00, 13.00\u201315.00<br \/>\r\n\u00fater\u00fd a&nbsp;\u010dtvrtek 7.30\u201312.00, 13.00\u201318.00<br \/>\r\np\u00e1tek zav\u0159eno (st\u00e1tn\u00ed sv\u00e1tek)<br \/>\r\n<br \/>\r\n<\/p>\r\n<p><a href=\"https:\/\/www.praha7.cz\/radnice\/\">Podatelna<\/a> v&nbsp;t\u00fddnu 13.\u201317.&nbsp;11.&nbsp;2023:<\/p>\r\n<p>pond\u011bl\u00ed a&nbsp;st\u0159eda 7.30\u201312.00, 13.00\u201318.00<br \/>\r\n\u00fater\u00fd a&nbsp;\u010dtvrtek 7.30\u201312.00, 13.00\u201315.00<br \/>\r\np\u00e1tek zav\u0159eno (st\u00e1tn\u00ed sv\u00e1tek)<\/p>\r\n<p>&nbsp;<\/p>","protected":false},"excerpt":{"rendered":"[perex] P\u0159i p\u0159\u00edle\u017eitosti 34.&nbsp;v\u00fdro\u010d\u00ed ud\u00e1lost\u00ed listopadu 1989 si m\u016f\u017eete zdarma vyzvednout \u010desk\u00e9 vlaje\u010dky a&nbsp;stu\u017eky. Zastavte se pro n\u011b v&nbsp;Informa\u010dn\u00edm centru Prahy&nbsp;7, Milady Hor\u00e1kov\u00e9 2, nebo v&nbsp;podateln\u011b radnice M\u010c, U&nbsp;Pr\u016fhonu 38. [\/perex] Otv\u00edrac\u00ed doba IC v&nbsp;t\u00fddnu 13.\u201317.&nbsp;11.&nbsp;2023: pond\u011bl\u00ed a&nbsp;st\u0159eda 7.30\u201312.00, 13.00\u201315.00 \u00fater\u00fd a&nbsp;\u010dtvrtek 7.30\u201312.00, 13.00\u201318.00 p\u00e1tek zav\u0159eno (st\u00e1tn\u00ed sv\u00e1tek) Podatelna v&nbsp;t\u00fddnu 13.\u201317.&nbsp;11.&nbsp;2023: pond\u011bl\u00ed a&nbsp;st\u0159eda 7.30\u201312.00, 13.00\u201318.00 [&hellip;]","protected":false},"author":251,"featured_media":61927,"comment_status":"closed","ping_status":"open","sticky":false,"template":"","format":"standard","meta":[],"categories":[34],"tags":[],"_links":{"self":[{"href":"https:\/\/www.praha7.cz\/api\/wp\/v2\/posts\/71434"}],"collection":[{"href":"https:\/\/www.praha7.cz\/api\/wp\/v2\/posts"}],"about":[{"href":"https:\/\/www.praha7.cz\/api\/wp\/v2\/types\/post"}],"author":[{"embeddable":true,"href":"https:\/\/www.praha7.cz\/api\/wp\/v2\/users\/251"}],"replies":[{"embeddable":true,"href":"https:\/\/www.praha7.cz\/api\/wp\/v2\/comments?post=71434"}],"version-history":[{"count":1,"href":"https:\/\/www.praha7.cz\/api\/wp\/v2\/posts\/71434\/revisions"}],"predecessor-version":[{"id":71435,"href":"https:\/\/www.praha7.cz\/api\/wp\/v2\/posts\/71434\/revisions\/71435"}],"wp:featuredmedia":[{"embeddable":true,"href":"https:\/\/www.praha7.cz\/api\/wp\/v2\/media\/61927"}],"wp:attachment":[{"href":"https:\/\/www.praha7.cz\/api\/wp\/v2\/media?parent=71434"}],"wp:term":[{"taxonomy":"category","embeddable":true,"href":"https:\/\/www.praha7.cz\/api\/wp\/v2\/categories?post=71434"},{"taxonomy":"post_tag","embeddable":true,"href":"https:\/\/www.praha7.cz\/api\/wp\/v2\/tags?post=71434"}],"curies":[{"name":"wp","href":"https:\/\/api.w.org\/{rel}","templated":true}]}}