    
{"id":71420,"date":"2023-11-10T11:49:06","date_gmt":"2023-11-10T10:49:06","guid":{"rendered":"https:\/\/www.praha7.cz\/?p=71420"},"modified":"2023-11-10T12:08:32","modified_gmt":"2023-11-10T11:08:32","slug":"probehl-vzpominkovy-akt-u-prilezitosti-dne-valecnych-veteranu-2","status":"publish","type":"post","link":"https:\/\/www.praha7.cz\/probehl-vzpominkovy-akt-u-prilezitosti-dne-valecnych-veteranu-2\/","title":{"rendered":"Prob\u011bhl vzpom\u00ednkov\u00fd akt u&nbsp;p\u0159\u00edle\u017eitosti Dne v\u00e1le\u010dn\u00fdch veter\u00e1n\u016f"},"content":{"rendered":"<p>[perex]<\/p>\r\n<p>Za \u00fa\u010dasti starosty Prahy&nbsp;7 Jana \u010ci\u017einsk\u00e9ho se v\u00a0p\u00e1tek 10.&nbsp;11.&nbsp;2023 uskute\u010dnil pietn\u00ed vzpom\u00ednkov\u00fd akt u&nbsp;p\u0159\u00edle\u017eitosti nadch\u00e1zej\u00edc\u00edho Dne v\u00e1le\u010dn\u00fdch veter\u00e1n\u016f a&nbsp;105.&nbsp;v\u00fdro\u010d\u00ed ukon\u010den\u00ed I. sv\u011btov\u00e9 v\u00e1lky.<\/p>\r\n<p>[\/perex]<\/p>\r\n<p>Z\u00e1stupci M\u010c Praha&nbsp;7, Sdru\u017een\u00ed v\u00e1le\u010dn\u00fdch veter\u00e1n\u016f \u010cR, Svazu d\u016fstojn\u00edk\u016f a&nbsp;prapor\u010d\u00edk\u016f Arm\u00e1dy \u010cR, Klubu v\u00fdsadkov\u00fdch veter\u00e1n\u016f, Krajsk\u00e9ho vojensk\u00e9ho velitelstv\u00ed hl. m. Praha a&nbsp;dal\u0161\u00edch host\u016f, mezi kter\u00fdmi nechyb\u011bla tak\u00e9 rodina Medkova, uctili pam\u00e1tku v\u00e1le\u010dn\u00fdch veter\u00e1n\u016f v&nbsp;ulici Nad \u0160tolou 8 u&nbsp;pam\u011btn\u00ed desky v\u011bnovan\u00e9 \u010deskoslovensk\u00e9mu legion\u00e1\u0159i brig. gen. Rudolfu Medkovi.<\/p>\r\n<p><img loading=\"lazy\" src=\"https:\/\/www.praha7.cz\/wp-content\/uploads\/2023\/11\/IMG_5551-1445x1000.jpg\" alt=\"\" width=\"640\" height=\"443\" class=\"alignnone size-large wp-image-71422\" srcset=\"https:\/\/www.praha7.cz\/wp-content\/uploads\/2023\/11\/IMG_5551-1445x1000.jpg 1445w, https:\/\/www.praha7.cz\/wp-content\/uploads\/2023\/11\/IMG_5551-578x400.jpg 578w, https:\/\/www.praha7.cz\/wp-content\/uploads\/2023\/11\/IMG_5551-768x532.jpg 768w, https:\/\/www.praha7.cz\/wp-content\/uploads\/2023\/11\/IMG_5551-1536x1063.jpg 1536w, https:\/\/www.praha7.cz\/wp-content\/uploads\/2023\/11\/IMG_5551-2048x1418.jpg 2048w\" sizes=\"(max-width: 640px) 100vw, 640px\" \/><\/p>\r\n<p>Po cel\u00fd m\u011bs\u00edc listopad na radnici Prahy&nbsp;7 (U&nbsp;Pr\u016fhonu 38) prob\u00edh\u00e1 ve\u0159ejn\u00e1 sb\u00edrka Pam\u011bti n\u00e1roda. Po\u0159\u00edzen\u00edm \u010derven\u00e9ho kv\u011btu vl\u010d\u00edho m\u00e1ku zde m\u016f\u017eete p\u0159isp\u011bt na pomoc veter\u00e1n\u016fm a&nbsp;dal\u0161\u00edm bojovn\u00edk\u016fm za svobodu. V\u00edce informac\u00ed <a href=\"https:\/\/www.praha7.cz\/na-radnici-probiha-sbirka-ke-dni-valecnych-veteranu\/\">ZDE<\/a>.\u00a0<\/p>\r\n<p><img loading=\"lazy\" src=\"https:\/\/www.praha7.cz\/wp-content\/uploads\/2023\/11\/IMG_5587-1444x1000.jpg\" alt=\"\" width=\"640\" height=\"443\" class=\"alignnone size-large wp-image-71423\" srcset=\"https:\/\/www.praha7.cz\/wp-content\/uploads\/2023\/11\/IMG_5587-1444x1000.jpg 1444w, https:\/\/www.praha7.cz\/wp-content\/uploads\/2023\/11\/IMG_5587-578x400.jpg 578w, https:\/\/www.praha7.cz\/wp-content\/uploads\/2023\/11\/IMG_5587-768x532.jpg 768w, https:\/\/www.praha7.cz\/wp-content\/uploads\/2023\/11\/IMG_5587-1536x1064.jpg 1536w, https:\/\/www.praha7.cz\/wp-content\/uploads\/2023\/11\/IMG_5587-2048x1418.jpg 2048w\" sizes=\"(max-width: 640px) 100vw, 640px\" \/><\/p>","protected":false},"excerpt":{"rendered":"[perex] Za \u00fa\u010dasti starosty Prahy&nbsp;7 Jana \u010ci\u017einsk\u00e9ho se v\u00a0p\u00e1tek 10.&nbsp;11.&nbsp;2023 uskute\u010dnil pietn\u00ed vzpom\u00ednkov\u00fd akt u&nbsp;p\u0159\u00edle\u017eitosti nadch\u00e1zej\u00edc\u00edho Dne v\u00e1le\u010dn\u00fdch veter\u00e1n\u016f a&nbsp;105.&nbsp;v\u00fdro\u010d\u00ed ukon\u010den\u00ed I. sv\u011btov\u00e9 v\u00e1lky. [\/perex] Z\u00e1stupci M\u010c Praha&nbsp;7, Sdru\u017een\u00ed v\u00e1le\u010dn\u00fdch veter\u00e1n\u016f \u010cR, Svazu d\u016fstojn\u00edk\u016f a&nbsp;prapor\u010d\u00edk\u016f Arm\u00e1dy \u010cR, Klubu v\u00fdsadkov\u00fdch veter\u00e1n\u016f, Krajsk\u00e9ho vojensk\u00e9ho velitelstv\u00ed hl. m. Praha a&nbsp;dal\u0161\u00edch host\u016f, mezi kter\u00fdmi nechyb\u011bla tak\u00e9 rodina Medkova, uctili [&hellip;]","protected":false},"author":5,"featured_media":71421,"comment_status":"closed","ping_status":"open","sticky":false,"template":"","format":"standard","meta":[],"categories":[34,74],"tags":[],"_links":{"self":[{"href":"https:\/\/www.praha7.cz\/api\/wp\/v2\/posts\/71420"}],"collection":[{"href":"https:\/\/www.praha7.cz\/api\/wp\/v2\/posts"}],"about":[{"href":"https:\/\/www.praha7.cz\/api\/wp\/v2\/types\/post"}],"author":[{"embeddable":true,"href":"https:\/\/www.praha7.cz\/api\/wp\/v2\/users\/5"}],"replies":[{"embeddable":true,"href":"https:\/\/www.praha7.cz\/api\/wp\/v2\/comments?post=71420"}],"version-history":[{"count":2,"href":"https:\/\/www.praha7.cz\/api\/wp\/v2\/posts\/71420\/revisions"}],"predecessor-version":[{"id":71425,"href":"https:\/\/www.praha7.cz\/api\/wp\/v2\/posts\/71420\/revisions\/71425"}],"wp:featuredmedia":[{"embeddable":true,"href":"https:\/\/www.praha7.cz\/api\/wp\/v2\/media\/71421"}],"wp:attachment":[{"href":"https:\/\/www.praha7.cz\/api\/wp\/v2\/media?parent=71420"}],"wp:term":[{"taxonomy":"category","embeddable":true,"href":"https:\/\/www.praha7.cz\/api\/wp\/v2\/categories?post=71420"},{"taxonomy":"post_tag","embeddable":true,"href":"https:\/\/www.praha7.cz\/api\/wp\/v2\/tags?post=71420"}],"curies":[{"name":"wp","href":"https:\/\/api.w.org\/{rel}","templated":true}]}}