    
{"id":71397,"date":"2023-11-09T14:44:10","date_gmt":"2023-11-09T13:44:10","guid":{"rendered":"https:\/\/www.praha7.cz\/?p=71397"},"modified":"2024-02-18T20:47:54","modified_gmt":"2024-02-18T19:47:54","slug":"kluziste-na-letne-bude","status":"publish","type":"post","link":"https:\/\/www.praha7.cz\/kluziste-na-letne-bude\/","title":{"rendered":"Kluzi\u0161t\u011b na Letn\u00e9 otev\u0159eno denn\u011b do 18.&nbsp;2."},"content":{"rendered":"<p>[perex]<\/p>\r\n<p>Obl\u00edben\u00e9 bruslen\u00ed na Letensk\u00e9 pl\u00e1ni je i&nbsp;pro tuto sezonu zachr\u00e1n\u011bno. Pot\u00e9, co se hlavn\u00ed m\u011bsto Praha letos rozhodlo p\u0159estat toto tradi\u010dn\u00ed sportovi\u0161t\u011b financovat, dohodla se Praha&nbsp;7 s&nbsp;provozovatelem, \u017ee bruslen\u00ed na Letn\u00e9 bude pokra\u010dovat za finan\u010dn\u00ed podpory M\u010c Praha&nbsp;7. Kluzi\u0161t\u011b je v&nbsp;provozu od 1.&nbsp;prosince 2023 do 18.&nbsp;\u00fanora 2024, tedy do konce pra\u017esk\u00fdch jarn\u00edch pr\u00e1zdnin. Pro d\u011bti je bruslen\u00ed zdarma.<\/p>\r\n<p>[\/perex]<\/p>\r\n<h2><span style=\"color: #00ccff;\">Kluzi\u0161t\u011b na Letn\u00e9<\/span><\/h2>\r\n<p><strong>od 1.&nbsp;12.&nbsp;2023 do 18.&nbsp;2.&nbsp;2024<\/strong><\/p>\r\n<p><strong>otev\u0159eno denn\u011b: 9.00\u201321.00 <\/strong><\/p>\r\n<p><strong>velikost plochy: 42&nbsp;m \u00d7 20&nbsp;m<\/strong><\/p>\r\n<p>&nbsp;<\/p>\r\n<p>V r\u00e1mci are\u00e1lu je k&nbsp;dispozici vyh\u0159\u00edvan\u00fd velkokapacitn\u00ed stan ur\u010den\u00fd k&nbsp;p\u0159evl\u00e9knut\u00ed a&nbsp;odpo\u010dinku, venkovn\u00ed sezen\u00ed pro n\u00e1v\u0161t\u011bvn\u00edky, WC, p\u016fj\u010dovna brusl\u00ed s&nbsp;brus\u00edrnou a&nbsp;prodej drobn\u00e9ho ob\u010derstven\u00ed.<\/p>\r\n<p>Spu\u0161t\u011bn je <strong><a href=\"https:\/\/www.ice-tec.cz\/#rezervaceblok\" target=\"_blank\" rel=\"noopener\">rezerva\u010dn\u00ed syst\u00e9m<\/a><\/strong> (pro \u00fa\u010dely \u0161koln\u00edch rezervac\u00ed) a&nbsp;mobiln\u00ed aplikace s&nbsp;dal\u0161\u00edmi informacemi (z&nbsp;technick\u00fdch d\u016fvod\u016f je aplikace nyn\u00ed ke sta\u017een\u00ed pouze pro iOS <a href=\"https:\/\/apps.apple.com\/cz\/app\/ice-tec\/id1440258491\" target=\"_blank\" rel=\"noopener\">zde<\/a>).<\/p>\r\n<p><strong>Bruslen\u00ed pro ve\u0159ejnost je bez p\u0159edchoz\u00ed rezervace. \u00a0<\/strong><\/p>\r\n<p>K dispozici je tak\u00e9 <strong><a href=\"https:\/\/www.ice-tec.cz\/#kameryfeed\" target=\"_blank\" rel=\"noopener\">online webkamera<\/a><\/strong>, kde je mo\u017en\u00e9 sledovat aktu\u00e1ln\u00ed zapln\u011bn\u00ed ledov\u00e9 plochy.<\/p>\r\n<p><strong>Ka\u017ed\u00fd den prob\u00edh\u00e1 strojov\u00e1 \u00fadr\u017eba ledu v&nbsp;\u010dasech: 12.00\u201312.30, 15.00\u201315.45, 18.00\u201318.30 (v&nbsp;t\u011bchto \u010dasech nen\u00ed kluzi\u0161t\u011b p\u0159\u00edstupn\u00e9).<\/strong><\/p>\r\n<p>&nbsp;<\/p>\r\n<p><strong>CEN\u00cdK<\/strong><\/p>\r\n<p>Vstupn\u00e9 (dosp\u011bl\u00ed): 100&nbsp;K\u010d \/ cel\u00fd den<\/p>\r\n<p>Vstupn\u00e9 d\u011bti (do 18 let): ZDARMA \/ cel\u00fd den<\/p>\r\n<p>P\u016fj\u010den\u00ed brusl\u00ed (dosp\u011bl\u00ed): 130&nbsp;K\u010d \/ 2 hod.<\/p>\r\n<p>P\u016fj\u010den\u00ed brusl\u00ed d\u011bti (do 18 let): 60&nbsp;K\u010d \/ 2 hod.<\/p>\r\n<p>Brou\u0161en\u00ed brusl\u00ed: 150&nbsp;K\u010d<\/p>\r\n<p>P\u016fj\u010den\u00ed helmy: 30 K\u010d\u00a0\u00a0\u00a0<\/p>\r\n<p>\u00daschovna v\u011bc\u00ed: 30&nbsp;K\u010d \/ zavazadlo<\/p>\r\n<p>\u0160koln\u00ed t\u0159\u00edda \u2013 vstupn\u00e9: ZDARMA\u00a0\u00a0\u00a0\u00a0\u00a0\u00a0\u00a0\u00a0\u00a0\u00a0<\/p>\r\n<p>\u0160koln\u00ed t\u0159\u00edda \u2013 p\u016fj\u010dovn\u00e9: ZDARMA<\/p>\r\n<p>&nbsp;<\/p>\r\n<p><strong>KONTAKTY<\/strong><\/p>\r\n<p>tel.: 607&nbsp;048&nbsp;996<\/p>\r\n<p>e-mail:\u00a0<a href=\"mailto:icearena.letenskaplan@ice-tec.cz\">icearena.letenskaplan@ice-tec.cz<\/a><\/p>\r\n<p>&nbsp;<\/p>\r\n<p><img loading=\"lazy\" src=\"https:\/\/www.praha7.cz\/wp-content\/uploads\/2023\/11\/kluziste-vizual-1415x1000.jpg\" alt=\"\" width=\"640\" height=\"452\" class=\"alignnone size-large wp-image-71724\" srcset=\"https:\/\/www.praha7.cz\/wp-content\/uploads\/2023\/11\/kluziste-vizual-1415x1000.jpg 1415w, https:\/\/www.praha7.cz\/wp-content\/uploads\/2023\/11\/kluziste-vizual-566x400.jpg 566w, https:\/\/www.praha7.cz\/wp-content\/uploads\/2023\/11\/kluziste-vizual-768x543.jpg 768w, https:\/\/www.praha7.cz\/wp-content\/uploads\/2023\/11\/kluziste-vizual-1536x1086.jpg 1536w, https:\/\/www.praha7.cz\/wp-content\/uploads\/2023\/11\/kluziste-vizual-2048x1448.jpg 2048w\" sizes=\"(max-width: 640px) 100vw, 640px\" \/><\/p>\r\n<hr \/>\r\n<p><em>\u201eKluzi\u0161t\u011b nikdy nebylo v&nbsp;minulosti m\u011bstem vn\u00edm\u00e1no jen jako sedmi\u010dkov\u00e9. M\u00e1 velkou tradici. Je na hranici Prahy 6 a&nbsp;Prahy&nbsp;7 a&nbsp;zabruslit si sem loni p\u0159i\u0161lo na 90 tis\u00edc lid\u00ed z&nbsp;cel\u00e9 Prahy \u2013 \u0161koly, d\u011bti i&nbsp;dosp\u011bl\u00ed. Velmi n\u00e1s proto mrzelo, kdy\u017e jsme se dozv\u011bd\u011bli, \u017ee hlavn\u00ed m\u011bsto ji\u017e toto sportovi\u0161t\u011b financovat nebude. N\u00e1klady na provoz kluzi\u0161t\u011b se v\u0161ak pohybuj\u00ed v\u00a0\u0159\u00e1du n\u011bkolika milion\u016f korun, co\u017e si Praha&nbsp;7 nem\u016f\u017ee dovolit. Proto jsme zorganizovali rychlou anketu, ve kter\u00e9 jsme cht\u011bli zjistit, zda m\u00e1me kluzi\u0161t\u011b zachr\u00e1nit. Navrhli jsme lidem, \u017ee bychom p\u0159isp\u011bli na bezplatn\u00e9 bruslen\u00ed pro d\u011bti a&nbsp;zeptali jsme se, zda by dosp\u011bl\u00ed byli ochotn\u00ed platit stovku za vstupn\u00e9. V&nbsp;anket\u011b na soci\u00e1ln\u00edch s\u00edt\u00edch tento n\u00e1vrh podpo\u0159ilo zhruba 97&nbsp;% hlasuj\u00edc\u00edch. Pra\u017ean\u00e9 zkr\u00e1tka necht\u011bj\u00ed p\u0159ij\u00edt o&nbsp;bruslen\u00ed pod \u0161ir\u00fdm nebem na dohled od katedr\u00e1ly sv. V\u00edta,\u201c<\/em> uvedl <em><strong>starosta Prahy&nbsp;7 Jan \u010ci\u017einsk\u00fd<\/strong><\/em>. \u00a0\u00a0\u00a0<\/p>\r\n<p>Provozovatelem kluzi\u0161t\u011b bude, tak jako v&nbsp;minul\u00fdch letech, spole\u010dnost ICE-TEC SOLUTION CZ s.r.o. M\u010c Praha&nbsp;7 p\u0159isp\u011bje na provoz ledov\u00e9 plochy \u010d\u00e1stkou 200 tis\u00edc korun.<\/p>\r\n<p>Na pokra\u010dov\u00e1n\u00ed obl\u00edben\u00e9 tradice se pod\u00edl\u00ed i&nbsp;AC Sparta Praha, kter\u00e1 ve spolupr\u00e1ci se sv\u00fdmi partnery v\u011bnuje na kluzi\u0161t\u011b 150 tis\u00edc korun. <em>\u201eSpole\u010densk\u00e1 odpov\u011bdnost je jedn\u00edm z&nbsp;kl\u00ed\u010dov\u00fdch pil\u00ed\u0159\u016f na\u0161eho klubu. Kluzi\u0161t\u011b na Letn\u00e9 p\u0159ed stadionem Sparty m\u00e1 dlouholetou tradici, rozhodli jsme proto p\u0159isp\u011bt k&nbsp;jej\u00edmu zachov\u00e1n\u00ed,\u201c<\/em> \u0159\u00edk\u00e1 <em><strong>Irena Smetanov\u00e1, mana\u017eerka komunitn\u00edch projekt\u016f AC Sparta Praha<\/strong><\/em>. Nada\u010dn\u00ed fond AC Sparta Praha nav\u00edc v\u011bnuje dal\u0161\u00edch 50 tis\u00edc korun na podporu sportov\u00e1n\u00ed d\u011bt\u00ed v&nbsp;Praze 7.<\/p>\r\n<p><em>\u201ePova\u017eujeme za velmi d\u016fle\u017eit\u00e9, aby d\u011bti v&nbsp;Praze o&nbsp;mo\u017enosti bezplatn\u00e9ho sportov\u00e1n\u00ed nep\u0159ich\u00e1zely, naopak se sna\u017e\u00edme nab\u00eddku sportovn\u00edho vy\u017eit\u00ed roz\u0161i\u0159ovat. Ze zch\u00e1tral\u00fdch podchod\u016f na Vltavsk\u00e9 jsme v&nbsp;uplynul\u00fdch dvou letech vytvo\u0159ili sportovi\u0161t\u011b celoro\u010dn\u011b p\u0159\u00edstupn\u00e9 zdarma. Na letn\u00ed sezonu zaji\u0161\u0165ujeme bezplatn\u00e9 p\u016fj\u010dov\u00e1n\u00ed paddleboard\u016f pro d\u011bti na \u0160tvanici, dvakr\u00e1t do roka tak\u00e9 d\u011btem p\u0159isp\u00edv\u00e1me na krou\u017eky. Necht\u011bli jsme, aby d\u011bti, kter\u00e9 nejedou na v\u00e1no\u010dn\u00ed nebo jarn\u00ed pr\u00e1zdniny ven z&nbsp;Prahy, p\u0159i\u0161ly o&nbsp;mo\u017enost zdarma si zabruslit na Letensk\u00e9 pl\u00e1ni,\u201c<\/em> \u0159ekla <em><strong>m\u00edstostarostka Prahy&nbsp;7 Hana T\u0159e\u0161t\u00edkov\u00e1<\/strong><\/em>, kter\u00e1 m\u00e1 ve sv\u00e9 gesci kulturu, sport a&nbsp;sousedsk\u00e9 vztahy.<\/p>\r\n<p>&nbsp;<\/p>","protected":false},"excerpt":{"rendered":"[perex] Obl\u00edben\u00e9 bruslen\u00ed na Letensk\u00e9 pl\u00e1ni je i&nbsp;pro tuto sezonu zachr\u00e1n\u011bno. Pot\u00e9, co se hlavn\u00ed m\u011bsto Praha letos rozhodlo p\u0159estat toto tradi\u010dn\u00ed sportovi\u0161t\u011b financovat, dohodla se Praha&nbsp;7 s&nbsp;provozovatelem, \u017ee bruslen\u00ed na Letn\u00e9 bude pokra\u010dovat za finan\u010dn\u00ed podpory M\u010c Praha&nbsp;7. Kluzi\u0161t\u011b je v&nbsp;provozu od 1.&nbsp;prosince 2023 do 18.&nbsp;\u00fanora 2024, tedy do konce pra\u017esk\u00fdch jarn\u00edch pr\u00e1zdnin. Pro [&hellip;]","protected":false},"author":5,"featured_media":71399,"comment_status":"closed","ping_status":"open","sticky":false,"template":"","format":"standard","meta":[],"categories":[34,74],"tags":[122,91,110],"_links":{"self":[{"href":"https:\/\/www.praha7.cz\/api\/wp\/v2\/posts\/71397"}],"collection":[{"href":"https:\/\/www.praha7.cz\/api\/wp\/v2\/posts"}],"about":[{"href":"https:\/\/www.praha7.cz\/api\/wp\/v2\/types\/post"}],"author":[{"embeddable":true,"href":"https:\/\/www.praha7.cz\/api\/wp\/v2\/users\/5"}],"replies":[{"embeddable":true,"href":"https:\/\/www.praha7.cz\/api\/wp\/v2\/comments?post=71397"}],"version-history":[{"count":19,"href":"https:\/\/www.praha7.cz\/api\/wp\/v2\/posts\/71397\/revisions"}],"predecessor-version":[{"id":73017,"href":"https:\/\/www.praha7.cz\/api\/wp\/v2\/posts\/71397\/revisions\/73017"}],"wp:featuredmedia":[{"embeddable":true,"href":"https:\/\/www.praha7.cz\/api\/wp\/v2\/media\/71399"}],"wp:attachment":[{"href":"https:\/\/www.praha7.cz\/api\/wp\/v2\/media?parent=71397"}],"wp:term":[{"taxonomy":"category","embeddable":true,"href":"https:\/\/www.praha7.cz\/api\/wp\/v2\/categories?post=71397"},{"taxonomy":"post_tag","embeddable":true,"href":"https:\/\/www.praha7.cz\/api\/wp\/v2\/tags?post=71397"}],"curies":[{"name":"wp","href":"https:\/\/api.w.org\/{rel}","templated":true}]}}