    
{"id":71381,"date":"2023-11-08T15:16:05","date_gmt":"2023-11-08T14:16:05","guid":{"rendered":"https:\/\/www.praha7.cz\/?p=71381"},"modified":"2023-11-15T17:46:53","modified_gmt":"2023-11-15T16:46:53","slug":"pozvanka-na-8-mimoradne-jednani-zastupitelstva-mc-praha-7","status":"publish","type":"post","link":"https:\/\/www.praha7.cz\/pozvanka-na-8-mimoradne-jednani-zastupitelstva-mc-praha-7\/","title":{"rendered":"Pozv\u00e1nka na 8.&nbsp;mimo\u0159\u00e1dn\u00e9 jedn\u00e1n\u00ed Zastupitelstva M\u010c Praha&nbsp;7"},"content":{"rendered":"<p>[perex]<\/p>\r\n<p>8.&nbsp;mimo\u0159\u00e1dn\u00e9 jedn\u00e1n\u00ed Zastupitelstva M\u010c Praha&nbsp;7 se kon\u00e1 ve st\u0159edu 15.&nbsp;listopadu 2023 od 17.00 hodin.<\/p>\r\n<p>P\u0159enos jedn\u00e1n\u00ed m\u016f\u017eete sledovat\u00a0<a href=\"https:\/\/youtube.com\/live\/aLqKfx5W-9I?feature=share\">ZDE<\/a>.\u00a0<\/p>\r\n<p>Materi\u00e1ly k&nbsp;8.&nbsp;mimo\u0159\u00e1dn\u00e9mu jedn\u00e1n\u00ed Zastupitelstva M\u010c Praha&nbsp;7 najdete <a href=\"https:\/\/usneseni.praha7.cz\/usneseni\/jednani\/288\">ZDE<\/a>.<\/p>\r\n<p>[\/perex]<\/p>\r\n<p><strong>Program 8.&nbsp;mimo\u0159\u00e1dn\u00e9ho jedn\u00e1n\u00ed Zastupitelstva M\u010c Praha&nbsp;7\u00a0<\/strong><\/p>\r\n<p><strong>1.\u00a0<\/strong> Zah\u00e1jen\u00ed, volba n\u00e1vrhov\u00e9ho a&nbsp;volebn\u00edho v\u00fdboru<\/p>\r\n<p><strong>2.\u00a0<\/strong> Schv\u00e1len\u00ed programu mimo\u0159\u00e1dn\u00e9ho jedn\u00e1n\u00ed Zastupitelstva M\u010c Praha&nbsp;7<\/p>\r\n<p><strong>3.\u00a0<\/strong> N\u00c1VRH k&nbsp;obdr\u017een\u00e9 \u017e\u00e1dosti hl. m. Prahy o&nbsp;odejmut\u00ed pozemk\u016f parc. \u010d. 2416\/12 a&nbsp;2416\/15, oboj\u00ed k.\u00fa. Hole\u0161ovice, obec Praha, ze sv\u011b\u0159en\u00e9 spr\u00e1vy nemovitost\u00ed M\u010c Praha&nbsp;7<\/p>\r\n<p><strong>4.<\/strong>\u00a0 Z\u00e1v\u011br\u00a0\u00a0\u00a0\u00a0\u00a0\u00a0\u00a0\u00a0\u00a0\u00a0\u00a0\u00a0\u00a0\u00a0\u00a0\u00a0<\/p>\r\n<p>Mgr. Jan \u010ci\u017einsk\u00fd<br \/>\r\nStarosta m\u011bstsk\u00e9 \u010d\u00e1sti Praha&nbsp;7<\/p>","protected":false},"excerpt":{"rendered":"[perex] 8.&nbsp;mimo\u0159\u00e1dn\u00e9 jedn\u00e1n\u00ed Zastupitelstva M\u010c Praha&nbsp;7 se kon\u00e1 ve st\u0159edu 15.&nbsp;listopadu 2023 od 17.00 hodin. P\u0159enos jedn\u00e1n\u00ed m\u016f\u017eete sledovat\u00a0ZDE.\u00a0 Materi\u00e1ly k&nbsp;8.&nbsp;mimo\u0159\u00e1dn\u00e9mu jedn\u00e1n\u00ed Zastupitelstva M\u010c Praha&nbsp;7 najdete ZDE. [\/perex] Program 8.&nbsp;mimo\u0159\u00e1dn\u00e9ho jedn\u00e1n\u00ed Zastupitelstva M\u010c Praha&nbsp;7\u00a0 1.\u00a0 Zah\u00e1jen\u00ed, volba n\u00e1vrhov\u00e9ho a&nbsp;volebn\u00edho v\u00fdboru 2.\u00a0 Schv\u00e1len\u00ed programu mimo\u0159\u00e1dn\u00e9ho jedn\u00e1n\u00ed Zastupitelstva M\u010c Praha&nbsp;7&nbsp;3.\u00a0 N\u00c1VRH k&nbsp;obdr\u017een\u00e9 \u017e\u00e1dosti hl. m. Prahy [&hellip;]","protected":false},"author":14,"featured_media":33780,"comment_status":"closed","ping_status":"open","sticky":false,"template":"","format":"standard","meta":[],"categories":[34],"tags":[],"_links":{"self":[{"href":"https:\/\/www.praha7.cz\/api\/wp\/v2\/posts\/71381"}],"collection":[{"href":"https:\/\/www.praha7.cz\/api\/wp\/v2\/posts"}],"about":[{"href":"https:\/\/www.praha7.cz\/api\/wp\/v2\/types\/post"}],"author":[{"embeddable":true,"href":"https:\/\/www.praha7.cz\/api\/wp\/v2\/users\/14"}],"replies":[{"embeddable":true,"href":"https:\/\/www.praha7.cz\/api\/wp\/v2\/comments?post=71381"}],"version-history":[{"count":7,"href":"https:\/\/www.praha7.cz\/api\/wp\/v2\/posts\/71381\/revisions"}],"predecessor-version":[{"id":71546,"href":"https:\/\/www.praha7.cz\/api\/wp\/v2\/posts\/71381\/revisions\/71546"}],"wp:featuredmedia":[{"embeddable":true,"href":"https:\/\/www.praha7.cz\/api\/wp\/v2\/media\/33780"}],"wp:attachment":[{"href":"https:\/\/www.praha7.cz\/api\/wp\/v2\/media?parent=71381"}],"wp:term":[{"taxonomy":"category","embeddable":true,"href":"https:\/\/www.praha7.cz\/api\/wp\/v2\/categories?post=71381"},{"taxonomy":"post_tag","embeddable":true,"href":"https:\/\/www.praha7.cz\/api\/wp\/v2\/tags?post=71381"}],"curies":[{"name":"wp","href":"https:\/\/api.w.org\/{rel}","templated":true}]}}