    
{"id":71360,"date":"2023-11-07T15:13:34","date_gmt":"2023-11-07T14:13:34","guid":{"rendered":"https:\/\/www.praha7.cz\/?p=71360"},"modified":"2023-11-15T18:04:42","modified_gmt":"2023-11-15T17:04:42","slug":"pozvanka-na-9-radne-jednani-zastupitelstva-mc-praha-7","status":"publish","type":"post","link":"https:\/\/www.praha7.cz\/pozvanka-na-9-radne-jednani-zastupitelstva-mc-praha-7\/","title":{"rendered":"Pozv\u00e1nka na 9.&nbsp;\u0159\u00e1dn\u00e9 jedn\u00e1n\u00ed Zastupitelstva M\u010c Praha&nbsp;7"},"content":{"rendered":"<p style=\"text-align: justify;\">[perex]<\/p>\r\n<p><span style=\"color: #ff0000;\">Na z\u00e1klad\u011b rozhodnut\u00ed Zastupitelstva M\u010c Praha\u00a07 na 8.\u00a0mimo\u0159\u00e1dn\u00e9m jedn\u00e1n\u00ed dne 15.\u00a011.\u00a02023 starosta M\u010c Praha\u00a07 Jan \u010ci\u017einsk\u00fd ru\u0161\u00ed jedn\u00e1n\u00ed zastupitelstva, kter\u00e9 bylo svol\u00e1no na 20.\u00a011.\u00a02023.<\/span><\/p>\r\n<p><span style=\"color: #ff0000;\">Nejbli\u017e\u0161\u00ed jedn\u00e1n\u00ed zastupitelstva prob\u011bhne dne 18.\u00a012.\u00a02023.<\/span><\/p>\r\n<p><span style=\"color: #ff0000;\">D\u011bkujeme za pochopen\u00ed.<\/span><\/p>\r\n<p style=\"text-align: justify;\">[\/perex]<\/p>\r\n<p style=\"text-align: justify;\"><\/p>","protected":false},"excerpt":{"rendered":"[perex] Na z\u00e1klad\u011b rozhodnut\u00ed Zastupitelstva M\u010c Praha\u00a07 na 8.\u00a0mimo\u0159\u00e1dn\u00e9m jedn\u00e1n\u00ed dne 15.\u00a011.\u00a02023 starosta M\u010c Praha\u00a07 Jan \u010ci\u017einsk\u00fd ru\u0161\u00ed jedn\u00e1n\u00ed zastupitelstva, kter\u00e9 bylo svol\u00e1no na 20.\u00a011.\u00a02023. Nejbli\u017e\u0161\u00ed jedn\u00e1n\u00ed zastupitelstva prob\u011bhne dne 18.\u00a012.\u00a02023. D\u011bkujeme za pochopen\u00ed. [\/perex]","protected":false},"author":14,"featured_media":33780,"comment_status":"closed","ping_status":"open","sticky":false,"template":"","format":"standard","meta":[],"categories":[34],"tags":[],"_links":{"self":[{"href":"https:\/\/www.praha7.cz\/api\/wp\/v2\/posts\/71360"}],"collection":[{"href":"https:\/\/www.praha7.cz\/api\/wp\/v2\/posts"}],"about":[{"href":"https:\/\/www.praha7.cz\/api\/wp\/v2\/types\/post"}],"author":[{"embeddable":true,"href":"https:\/\/www.praha7.cz\/api\/wp\/v2\/users\/14"}],"replies":[{"embeddable":true,"href":"https:\/\/www.praha7.cz\/api\/wp\/v2\/comments?post=71360"}],"version-history":[{"count":6,"href":"https:\/\/www.praha7.cz\/api\/wp\/v2\/posts\/71360\/revisions"}],"predecessor-version":[{"id":71556,"href":"https:\/\/www.praha7.cz\/api\/wp\/v2\/posts\/71360\/revisions\/71556"}],"wp:featuredmedia":[{"embeddable":true,"href":"https:\/\/www.praha7.cz\/api\/wp\/v2\/media\/33780"}],"wp:attachment":[{"href":"https:\/\/www.praha7.cz\/api\/wp\/v2\/media?parent=71360"}],"wp:term":[{"taxonomy":"category","embeddable":true,"href":"https:\/\/www.praha7.cz\/api\/wp\/v2\/categories?post=71360"},{"taxonomy":"post_tag","embeddable":true,"href":"https:\/\/www.praha7.cz\/api\/wp\/v2\/tags?post=71360"}],"curies":[{"name":"wp","href":"https:\/\/api.w.org\/{rel}","templated":true}]}}