    
{"id":71349,"date":"2023-11-07T08:43:22","date_gmt":"2023-11-07T07:43:22","guid":{"rendered":"https:\/\/www.praha7.cz\/?p=71349"},"modified":"2023-11-10T11:04:23","modified_gmt":"2023-11-10T10:04:23","slug":"hledate-zajimavou-praci-kde-budete-pomahat-s-peci-o-nasi-ctvrt","status":"publish","type":"post","link":"https:\/\/www.praha7.cz\/hledate-zajimavou-praci-kde-budete-pomahat-s-peci-o-nasi-ctvrt\/","title":{"rendered":"Hled\u00e1te zaj\u00edmavou pr\u00e1ci, kde budete pom\u00e1hat s&nbsp;p\u00e9\u010d\u00ed o&nbsp;na\u0161i \u010dtvr\u0165?"},"content":{"rendered":"<p>[perex]<\/p>\r\n<p>\u00da\u0159ad Prahy&nbsp;7 sh\u00e1n\u00ed do sv\u00e9ho t\u00fdmu kolegu\/kolegyni na pozici inspektor\/ka p\u00e9\u010de o&nbsp;ve\u0159ejn\u00fd prostor. Zaj\u00edm\u00e1te se o&nbsp;po\u0159\u00e1dek v&nbsp;ulic\u00edch a&nbsp;vzhled na\u0161\u00ed \u010dtvrti? R\u00e1di st\u0159\u00edd\u00e1te pr\u00e1ci v&nbsp;teple kancel\u00e1\u0159e s&nbsp;p\u016fsoben\u00edm v&nbsp;ter\u00e9nu? M\u00e1te v\u00fdborn\u00e9 organiza\u010dn\u00ed a&nbsp;komunika\u010dn\u00ed schopnosti? Cht\u011bli byste pom\u00e1hat d\u011blat Prahu 7 t\u00edm nejlep\u0161\u00edm m\u00edstem pro \u017eivot? A&nbsp;chcete p\u0159itom pracovat v&nbsp;dynamicky se rozv\u00edjej\u00edc\u00ed m\u011bstsk\u00e9 \u010d\u00e1sti pro \u00fa\u0159ad s&nbsp;tak trochu jin\u00fdm p\u0159\u00edstupem? Nev\u00e1hejte a&nbsp;p\u0159ihlaste se do na\u0161eho popt\u00e1vkov\u00e9ho \u0159\u00edzen\u00ed.<\/p>\r\n<p>[\/perex]<\/p>\r\n<h3>Co u&nbsp;n\u00e1s budete d\u011blat?<\/h3>\r\n<p>Budete zaji\u0161\u0165ovat monitoring kvality a&nbsp;\u010distoty ve\u0159ejn\u00fdch prostranstv\u00ed na \u00fazem\u00ed M\u010c Prahy&nbsp;7 v\u010detn\u011b m\u011bstsk\u00e9ho mobili\u00e1\u0159e a&nbsp;okol\u00ed n\u00e1dob na t\u0159\u00edd\u011bn\u00fd odpad, koordinovat podn\u011bty a&nbsp;\u017e\u00e1dosti o&nbsp;n\u00e1doby na t\u0159\u00edd\u011bn\u00fd odpad a&nbsp;zaji\u0161\u0165ovat administrativu spojenou s&nbsp;touto agendou. D\u00e1le budete p\u0159ed\u00e1vat podn\u011bty a&nbsp;koordinovat \u00fadr\u017ebu ve\u0159ejn\u00fdch prostranstv\u00ed, spolupracovat s&nbsp;m\u011bstsk\u00fdmi organizacemi a&nbsp;m\u011bstskou firmou 7U s.r.o., komunikovat s&nbsp;ob\u010dany a&nbsp;vy\u0159izovat jejich podn\u011bty a&nbsp;p\u0159ipom\u00ednky a&nbsp;pod\u00edlet se na tvorb\u011b koncepc\u00ed rozvoje p\u00e9\u010de o&nbsp;ve\u0159ejn\u00fd prostor. 50&nbsp;% va\u0161\u00ed pracovn\u00ed doby budou tvo\u0159it poch\u016fzky a&nbsp;pr\u00e1ce v&nbsp;ter\u00e9nu.<\/p>\r\n<p>&nbsp;<\/p>\r\n<h3>Co od v\u00e1s o\u010dek\u00e1v\u00e1me?<\/h3>\r\n<ul>\r\n\t<li>vy\u0161\u0161\u00ed odborn\u00e9 vzd\u011bl\u00e1n\u00ed nebo st\u0159edn\u00ed vzd\u011bl\u00e1n\u00ed s&nbsp;maturitn\u00ed zkou\u0161kou<\/li>\r\n\t<li>z\u00e1jem o&nbsp;podobu a&nbsp;\u010distotu ve\u0159ejn\u00fdch prostranstv\u00ed<\/li>\r\n\t<li>samostatnost, d\u016fslednost, pe\u010dlivost<\/li>\r\n\t<li>dobr\u00e9 vyjad\u0159ov\u00e1n\u00ed slovem i&nbsp;p\u00edsmem<\/li>\r\n\t<li>v\u00fdborn\u00e9 organiza\u010dn\u00ed a&nbsp;komunika\u010dn\u00ed schopnosti<\/li>\r\n\t<li>orientace ve fungov\u00e1n\u00ed samospr\u00e1vy, m\u011bstsk\u00fdch \u010d\u00e1st\u00ed a&nbsp;hl. m. Prahy v\u00fdhodou<\/li>\r\n\t<li>zam\u011b\u0159en\u00ed na detail<\/li>\r\n\t<li>znalost pr\u00e1ce na PC (MS Word, MS Excel, Outlook)<\/li>\r\n\t<li>znalost prost\u0159ed\u00ed komunika\u010dn\u00edch aplikac\u00ed (nap\u0159. Munipolis, Whats app) v\u00fdhodou<\/li>\r\n<\/ul>\r\n<h3><\/h3>\r\n<p>&nbsp;<\/p>\r\n<h3>Co v\u00e1m nab\u00edz\u00edme?<\/h3>\r\n<p>Pracovn\u00ed pom\u011br na dobu neur\u010ditou. N\u00e1stupn\u00ed plat v&nbsp;9.&nbsp;platov\u00e9 t\u0159\u00edd\u011b a\u017e do v\u00fd\u0161e 31&nbsp;820&nbsp;K\u010d podle d\u00e9lky odborn\u00e9 praxe. Po zku\u0161ebn\u00ed dob\u011b osobn\u00ed p\u0159\u00edplatek a\u017e do v\u00fd\u0161e 50% maxim\u00e1ln\u00edho n\u00e1stupn\u00edho platu.<\/p>\r\n<table width=\"1109\" height=\"217\" style=\"color: black !important; font-weight: normal !important;\">\r\n<tbody>\r\n<tr>\r\n<td style=\"height: 0px; text-align: center;\"><\/td>\r\n<td style=\"height: 0px; text-align: center;\"><\/td>\r\n<td style=\"height: 0px; text-align: center;\"><\/td>\r\n<\/tr>\r\n<tr>\r\n<td style=\"width: 361px; text-align: center;\">\r\n<p><img loading=\"lazy\" src=\"https:\/\/www.praha7.cz\/wp-content\/uploads\/2018\/11\/rust.jpg\" alt=\"\" width=\"99\" height=\"96\" class=\"alignnone size-full wp-image-21382\" \/><\/p>\r\n<span style=\"font-weight: normal !important; color: black !important;\">Platov\u00e9 ohodnocen\u00ed, kter\u00e9 roste spolu s&nbsp;v\u00e1mi.<\/span><\/td>\r\n<td style=\"width: 363px; text-align: center;\">\r\n<p><img loading=\"lazy\" src=\"https:\/\/www.praha7.cz\/wp-content\/uploads\/2018\/11\/benefit.jpg\" alt=\"\" width=\"99\" height=\"96\" class=\"alignnone size-full wp-image-21381\" \/><\/p>\r\n<span style=\"font-weight: normal !important; color: black !important;\">\u0160irokou \u0161k\u00e1lu benefit\u016f, kter\u00e9 p\u0159ich\u00e1zej\u00ed ve spr\u00e1vn\u00fd \u010das.<\/span><\/td>\r\n<td style=\"width: 363px; text-align: center;\">\r\n<p><img loading=\"lazy\" src=\"https:\/\/www.praha7.cz\/wp-content\/uploads\/2018\/11\/dovolena.jpg\" alt=\"\" width=\"99\" height=\"96\" class=\"alignnone size-full wp-image-21383\" \/><\/p>\r\n<span style=\"font-weight: normal !important; color: black !important;\">5 t\u00fddn\u016f dovolen\u00e9, na kterou nebudete cht\u00edt odjet.<\/span><\/td>\r\n<\/tr>\r\n<tr>\r\n<td style=\"width: 361px; text-align: center;\">\r\n<p><img loading=\"lazy\" src=\"https:\/\/www.praha7.cz\/wp-content\/uploads\/2018\/11\/vzdelavani.jpg\" alt=\"\" width=\"142\" height=\"96\" class=\"alignnone size-full wp-image-21384\" \/><\/p>\r\n<span style=\"font-weight: normal !important; color: black !important;\">Mo\u017enost dal\u0161\u00edho vzd\u011bl\u00e1v\u00e1n\u00ed, abyste se ve sv\u011bt\u011b neztratili.<\/span><\/td>\r\n<td style=\"width: 363px; text-align: center;\">\r\n<p><img loading=\"lazy\" src=\"https:\/\/www.praha7.cz\/wp-content\/uploads\/2018\/11\/inspirace.jpg\" alt=\"\" width=\"99\" height=\"96\" class=\"alignnone size-full wp-image-21385\" \/><\/p>\r\n<span style=\"font-weight: normal !important; color: black !important;\">Pr\u00e1ci v&nbsp;inspirativn\u00edm kolektivu, kde se p\u0159ed n\u00e1pady nezav\u00edraj\u00ed o\u010di.<\/span><\/td>\r\n<td style=\"width: 363px; text-align: center;\">\r\n<p><img loading=\"lazy\" src=\"https:\/\/www.praha7.cz\/wp-content\/uploads\/2018\/11\/perspektiva.jpg\" alt=\"\" width=\"99\" height=\"96\" class=\"alignnone size-full wp-image-21386\" \/><\/p>\r\n<span style=\"font-weight: normal !important; color: black !important;\">Perspektivn\u00ed zam\u011bstn\u00e1n\u00ed, kde pom\u00e1h\u00e1te m\u011bnit sv\u011bt kolem sebe.<\/span><\/td>\r\n<\/tr>\r\n<\/tbody>\r\n<\/table>\r\n<p>&nbsp;<\/p>\r\n<h3>Jak se k\u00a0n\u00e1m dostanete?<\/h3>\r\n<p>P\u0159ihl\u00e1\u0161ku a&nbsp;souhlas se zpracov\u00e1n\u00edm osobn\u00edch \u00fadaj\u016f (naleznete ve <a href=\"https:\/\/www.praha7.cz\/radnice\/povinne-zverejnovane-informace\/formulare\/\">Formul\u00e1\u0159\u00edch Odboru person\u00e1ln\u00edch \u010dinnost\u00ed<\/a>) v\u010detn\u011b strukturovan\u00e9ho \u017eivotopisu je mo\u017en\u00e9 osobn\u011b doru\u010dit v&nbsp;\u00fa\u0159edn\u00edch hodin\u00e1ch do podatelny \u00da\u0159adu M\u010c Praha&nbsp;7 nebo zaslat na n\u00ed\u017ee uvedenou adresu, p\u0159\u00edpadn\u011b zaslat i&nbsp;e-mailem na <a href=\"mailto:pouzarovae@praha7.cz\">pouzarovae@praha7.cz<\/a> <span style=\"color: #ff0000;\"><strong>nejpozd\u011bji do 1.&nbsp;12.&nbsp;2023<\/strong><\/span>.<\/p>\r\n<p>&nbsp;<\/p>\r\n<p><strong>Vznik pracovn\u00edho pom\u011bru dohodou.<\/strong><\/p>\r\n<p>&nbsp;<\/p>\r\n<p><em>M\u011bstsk\u00e1 \u010d\u00e1st Praha&nbsp;7<\/em><\/p>\r\n<p><em>\u00da\u0159ad m\u011bstsk\u00e9 \u010d\u00e1sti Praha&nbsp;7<\/em><\/p>\r\n<p><em>Odbor person\u00e1ln\u00edch \u010dinnost\u00ed<\/em><\/p>\r\n<p><em>U Pr\u016fhonu 1338\/38<\/em><\/p>\r\n<p><em>170&nbsp;00 Praha&nbsp;7<\/em><\/p>\r\n<p>&nbsp;<\/p>\r\n<p><strong>Ve\u0161ker\u00e9 pot\u0159ebn\u00e9 informace pro p\u0159ihl\u00e1\u0161en\u00ed do popt\u00e1vkov\u00e9ho \u0159\u00edzen\u00ed naleznete <a href=\"https:\/\/www.praha7.cz\/wp-content\/uploads\/2023\/11\/ORVP-inspektor-pece-II-1.pdf\" target=\"_blank\" rel=\"noopener\">ZDE<\/a>.<\/strong><\/p>","protected":false},"excerpt":{"rendered":"[perex] \u00da\u0159ad Prahy&nbsp;7 sh\u00e1n\u00ed do sv\u00e9ho t\u00fdmu kolegu\/kolegyni na pozici inspektor\/ka p\u00e9\u010de o&nbsp;ve\u0159ejn\u00fd prostor. Zaj\u00edm\u00e1te se o&nbsp;po\u0159\u00e1dek v&nbsp;ulic\u00edch a&nbsp;vzhled na\u0161\u00ed \u010dtvrti? R\u00e1di st\u0159\u00edd\u00e1te pr\u00e1ci v&nbsp;teple kancel\u00e1\u0159e s&nbsp;p\u016fsoben\u00edm v&nbsp;ter\u00e9nu? M\u00e1te v\u00fdborn\u00e9 organiza\u010dn\u00ed a&nbsp;komunika\u010dn\u00ed schopnosti? Cht\u011bli byste pom\u00e1hat d\u011blat Prahu 7 t\u00edm nejlep\u0161\u00edm m\u00edstem pro \u017eivot? A&nbsp;chcete p\u0159itom pracovat v&nbsp;dynamicky se rozv\u00edjej\u00edc\u00ed m\u011bstsk\u00e9 \u010d\u00e1sti pro \u00fa\u0159ad s&nbsp;tak [&hellip;]","protected":false},"author":5,"featured_media":71353,"comment_status":"closed","ping_status":"open","sticky":false,"template":"","format":"standard","meta":[],"categories":[34],"tags":[],"_links":{"self":[{"href":"https:\/\/www.praha7.cz\/api\/wp\/v2\/posts\/71349"}],"collection":[{"href":"https:\/\/www.praha7.cz\/api\/wp\/v2\/posts"}],"about":[{"href":"https:\/\/www.praha7.cz\/api\/wp\/v2\/types\/post"}],"author":[{"embeddable":true,"href":"https:\/\/www.praha7.cz\/api\/wp\/v2\/users\/5"}],"replies":[{"embeddable":true,"href":"https:\/\/www.praha7.cz\/api\/wp\/v2\/comments?post=71349"}],"version-history":[{"count":4,"href":"https:\/\/www.praha7.cz\/api\/wp\/v2\/posts\/71349\/revisions"}],"predecessor-version":[{"id":71419,"href":"https:\/\/www.praha7.cz\/api\/wp\/v2\/posts\/71349\/revisions\/71419"}],"wp:featuredmedia":[{"embeddable":true,"href":"https:\/\/www.praha7.cz\/api\/wp\/v2\/media\/71353"}],"wp:attachment":[{"href":"https:\/\/www.praha7.cz\/api\/wp\/v2\/media?parent=71349"}],"wp:term":[{"taxonomy":"category","embeddable":true,"href":"https:\/\/www.praha7.cz\/api\/wp\/v2\/categories?post=71349"},{"taxonomy":"post_tag","embeddable":true,"href":"https:\/\/www.praha7.cz\/api\/wp\/v2\/tags?post=71349"}],"curies":[{"name":"wp","href":"https:\/\/api.w.org\/{rel}","templated":true}]}}