    
{"id":71343,"date":"2023-11-07T16:27:13","date_gmt":"2023-11-07T15:27:13","guid":{"rendered":"https:\/\/www.praha7.cz\/?p=71343"},"modified":"2023-11-10T11:50:37","modified_gmt":"2023-11-10T10:50:37","slug":"dusickova-oslava-romskeho-jazyka-2023","status":"publish","type":"post","link":"https:\/\/www.praha7.cz\/dusickova-oslava-romskeho-jazyka-2023\/","title":{"rendered":"Du\u0161i\u010dkov\u00e1 oslava romsk\u00e9ho jazyka 2023"},"content":{"rendered":"<p>[perex]<\/p>\r\n<p>Oslavte s&nbsp;n\u00e1mi ve \u010dtvrtek 9.&nbsp;listopadu 2023 od 16 hodin u&nbsp;Knihkopce (Tusarova 25a) Mezin\u00e1rodn\u00ed den romsk\u00e9ho jazyka. Oslavy se zam\u011b\u0159\u00ed tak\u00e9 na t\u00e9ma uct\u011bn\u00ed p\u0159edk\u016f jako\u017eto d\u016fle\u017eit\u00fd rys romsk\u00e9 kultury a&nbsp;nejen jej\u00ed. Sv\u00e1tkem zem\u0159el\u00fdch se budeme zab\u00fdvat i&nbsp;z&nbsp;pohledu jin\u00fdch kultur, zejm\u00e9na t\u00e9 mexick\u00e9. T\u0159et\u00ed ro\u010dn\u00edk t\u00e9to akce po\u0159\u00e1d\u00e1 hole\u0161ovick\u00fd krou\u017eek Cirkus\u00e1rna (Slovo 21 z.s.), M\u010c Praha&nbsp;7, nakladatelstv\u00ed Kher, Knihkopec a&nbsp;spolek latinskoamerick\u00fdch um\u011blc\u016f sdru\u017een\u00fdch kolem prostoru Letohradsk\u00e1 10. T\u011b\u0161it se m\u016f\u017eete na tane\u010dn\u00ed vystoupen\u00ed, autorsk\u00e9 \u010dten\u00ed,\u00a0 cimb\u00e1lovou kapelu, cirkusov\u00e1 \u010d\u00edsla i&nbsp;oh\u0148ovou show. Vstup zdarma.<\/p>\r\n<p>[\/perex]<\/p>\r\n<p><strong>PROGRAM 16:00-21:00:<\/strong><\/p>\r\n<p><strong>16:00-17:00<\/strong><br \/>\r\nZah\u00e1jen\u00ed akce<br \/>\r\n\u2022 Klaun Franti\u0161ek d\u011btem (bublifuk, cirkusov\u00e1 d\u00edlna)<br \/>\r\n\u2022 Workshop hula hoop &#8211; Tereza Or\u0161ul\u00edkov\u00e1 (cirkus Van Karavan)<br \/>\r\n\u2022 reprodukovan\u00e1 hudba, st\u00e1nky**<\/p>\r\n<p><strong>16:30<\/strong> Vystoupen\u00ed d\u011bt\u00ed z&nbsp;krou\u017ek\u016f Cirkus\u00e1rny<br \/>\r\n\u2022 Velk\u00e1 Cirkus\u00e1rna + Aerial<br \/>\r\n\u2022 skupina Nikolase Petika<\/p>\r\n<p><strong>17:00 \u2013 17:30<\/strong> &#8211; Cimb\u00e1lov\u00e1 kapela Ivana Her\u00e1ka (Ivan Her\u00e1k, Ivan Her\u00e1k ml. , Filip Her\u00e1k, Leon Boldi<\/p>\r\n<p><strong>17:30-17:40<\/strong> vystoupen\u00ed Cirkus\u00e1rny 2.&nbsp;\u010d\u00e1st<br \/>\r\n\u2022 Terne \u010daja 1.&nbsp;\u010d\u00e1st<br \/>\r\n\u2022 p\u0159\u00edpravka romsk\u00e9 tance<br \/>\r\n\u2022 Terne \u010daja 2.&nbsp;\u010d\u00e1st<\/p>\r\n<p><strong>17:40-18:10<\/strong> &#8211; Cimb\u00e1lov\u00e1 kapela &#8211; pokra\u010dov\u00e1n\u00ed<\/p>\r\n<p><strong>18:10<\/strong> vystoupen\u00ed Cirkus\u00e1rny 3.&nbsp;\u010d\u00e1st:<br \/>\r\n\u2022 Vystoupen\u00ed Tane\u010dn\u00ed skupiny \u017een Ranor\u00ed (Cirkus\u00e1rna)<br \/>\r\n\u2022 Tan\u010dn\u011b \u017eongl\u00e9rsk\u00e9 choreografie (Cirkus\u00e1rna)<\/p>\r\n<p><strong>18:15 -19:15<\/strong> Autorsk\u00e9 \u010dten\u00ed Ilony Ferkov\u00e9 z&nbsp;nov\u00e9 kn\u00ed\u017eky Amen s&nbsp;moderovanou diskuz\u00ed (nakladatelstv\u00ed Kher)<\/p>\r\n<p><strong>19:15<\/strong> Ohniv\u00e9 vystoupen\u00ed inspirovan\u00e9 Dia de muertos (Cirkus\u00e1rna + @Cirkus Van Karavan)<\/p>\r\n<p><strong>19:30-21:00<\/strong><br \/>\r\n\u2022 Voln\u00e9 to\u010den\u00ed s&nbsp;ohn\u011bm &#8211; fire jam<br \/>\r\n\u2022 Interaktivn\u00ed projekce Lenky Folt\u00fdnov\u00e9 Servus<\/p>\r\n<p><strong>21:00<\/strong> Konec akce<\/p>\r\n<p>Programem bude prov\u00e1zet Nikolas Petik<\/p>\r\n<p>**Doprovodn\u00fd program: st\u00e1nek Kheru, romsk\u00e9 a&nbsp;mexick\u00e9 j\u00eddlo, mexick\u00fd olt\u00e1\u0159<\/p>","protected":false},"excerpt":{"rendered":"[perex] Oslavte s&nbsp;n\u00e1mi ve \u010dtvrtek 9.&nbsp;listopadu 2023 od 16 hodin u&nbsp;Knihkopce (Tusarova 25a) Mezin\u00e1rodn\u00ed den romsk\u00e9ho jazyka. Oslavy se zam\u011b\u0159\u00ed tak\u00e9 na t\u00e9ma uct\u011bn\u00ed p\u0159edk\u016f jako\u017eto d\u016fle\u017eit\u00fd rys romsk\u00e9 kultury a&nbsp;nejen jej\u00ed. Sv\u00e1tkem zem\u0159el\u00fdch se budeme zab\u00fdvat i&nbsp;z&nbsp;pohledu jin\u00fdch kultur, zejm\u00e9na t\u00e9 mexick\u00e9. T\u0159et\u00ed ro\u010dn\u00edk t\u00e9to akce po\u0159\u00e1d\u00e1 hole\u0161ovick\u00fd krou\u017eek Cirkus\u00e1rna (Slovo 21 z.s.), M\u010c [&hellip;]","protected":false},"author":5,"featured_media":71387,"comment_status":"closed","ping_status":"open","sticky":false,"template":"","format":"standard","meta":[],"categories":[34],"tags":[],"_links":{"self":[{"href":"https:\/\/www.praha7.cz\/api\/wp\/v2\/posts\/71343"}],"collection":[{"href":"https:\/\/www.praha7.cz\/api\/wp\/v2\/posts"}],"about":[{"href":"https:\/\/www.praha7.cz\/api\/wp\/v2\/types\/post"}],"author":[{"embeddable":true,"href":"https:\/\/www.praha7.cz\/api\/wp\/v2\/users\/5"}],"replies":[{"embeddable":true,"href":"https:\/\/www.praha7.cz\/api\/wp\/v2\/comments?post=71343"}],"version-history":[{"count":4,"href":"https:\/\/www.praha7.cz\/api\/wp\/v2\/posts\/71343\/revisions"}],"predecessor-version":[{"id":71348,"href":"https:\/\/www.praha7.cz\/api\/wp\/v2\/posts\/71343\/revisions\/71348"}],"wp:featuredmedia":[{"embeddable":true,"href":"https:\/\/www.praha7.cz\/api\/wp\/v2\/media\/71387"}],"wp:attachment":[{"href":"https:\/\/www.praha7.cz\/api\/wp\/v2\/media?parent=71343"}],"wp:term":[{"taxonomy":"category","embeddable":true,"href":"https:\/\/www.praha7.cz\/api\/wp\/v2\/categories?post=71343"},{"taxonomy":"post_tag","embeddable":true,"href":"https:\/\/www.praha7.cz\/api\/wp\/v2\/tags?post=71343"}],"curies":[{"name":"wp","href":"https:\/\/api.w.org\/{rel}","templated":true}]}}