    
{"id":71332,"date":"2023-11-07T10:48:45","date_gmt":"2023-11-07T09:48:45","guid":{"rendered":"https:\/\/www.praha7.cz\/?p=71332"},"modified":"2023-11-13T10:48:02","modified_gmt":"2023-11-13T09:48:02","slug":"delnicka-palmovka-kratkodobe-preruseni-provozu-tramvaji","status":"publish","type":"post","link":"https:\/\/www.praha7.cz\/delnicka-palmovka-kratkodobe-preruseni-provozu-tramvaji\/","title":{"rendered":"D\u011blnick\u00e1 &#8211; Palmovka: kr\u00e1tkodob\u00e9 p\u0159eru\u0161en\u00ed provozu tramvaj\u00ed"},"content":{"rendered":"<p>[perex]<\/p>\r\n<p>Z d\u016fvodu geologick\u00e9ho pr\u016fzkumu doch\u00e1z\u00ed od p\u00e1tku 10.&nbsp;listopadu 2023 (od 22.00) do pond\u011bl\u00ed 13.&nbsp;listopadu 2023 (do 4.45) k&nbsp;obousm\u011brn\u00e9mu p\u0159eru\u0161en\u00ed provozu tramvaj\u00ed v&nbsp;\u00faseku D\u011blnick\u00e1 \u2013 Palmovka.<\/p>\r\n<p>[\/perex]\u00a0<\/p>\r\n<h3>Zm\u011bny tras tramvajov\u00fdch linek<\/h3>\r\n<p><strong>Linka \u010d\u00edslo 1<\/strong> je ve sm\u011bru od S\u00eddli\u0161t\u011b Pet\u0159iny ze zast\u00e1vky D\u011blnick\u00e1 odklon\u011bna p\u0159es zast\u00e1vky Ortenovo n\u00e1m\u011bst\u00ed, N\u00e1dra\u017e\u00ed Hole\u0161ovice, Trojsk\u00e1 a&nbsp;Kobylisy do obrati\u0161t\u011b Vozovna Kobylisy.<\/p>\r\n<p><strong>Linka \u010d\u00edslo 6<\/strong> je ve sm\u011bru od Kub\u00e1nsk\u00e9ho n\u00e1m\u011bst\u00ed ze zast\u00e1vky Strossmayerovo n\u00e1m\u011bst\u00ed odklon\u011bna p\u0159es zast\u00e1vky Kamenick\u00e1 a&nbsp;Letensk\u00e9 n\u00e1m\u011bst\u00ed do obrati\u0161t\u011b \u0160pejchar.<\/p>\r\n<p><strong>Linky \u010d\u00edslo 25 a&nbsp;94<\/strong> jsou v&nbsp;\u00faseku Vltavsk\u00e1 \u2013 Palmovka odklon\u011bny p\u0159es zast\u00e1vky T\u011b\u0161nov, Florenc, K\u0159i\u017e\u00edkova a&nbsp;Invalidovna.<\/p>\r\n<p>V denn\u00edm provozu je zavedena linka \u010d\u00edslo 31 v&nbsp;trase Spojovac\u00ed \u2013 Vozovna \u017di\u017ekov \u2013 Ohrada \u2013 Palmovka \u2013 Divadlo Gong \u2013 N\u00e1dra\u017e\u00ed Vyso\u010dany \u2013 Vyso\u010dansk\u00e1.<\/p>\r\n<p>&nbsp;<\/p>\r\n<p>Dojde tak\u00e9 k\u00a0do\u010dasn\u00fdm zm\u011bn\u00e1m v&nbsp;zast\u00e1vk\u00e1ch tramvaj\u00ed.<\/p>\r\n<p>Z\u0159izuje se zast\u00e1vka Vltavsk\u00e1 (pro oba sm\u011bry) na p\u0159edmost\u00ed Hl\u00e1vkova mostu.<\/p>\r\n<p>&nbsp;<\/p>\r\n<h3>N\u00e1hradn\u00ed doprava<\/h3>\r\n<p>V denn\u00edm provozu je ve vylou\u010den\u00e9m \u00faseku zavedena <strong>n\u00e1hradn\u00ed autobusov\u00e1 doprava X1<\/strong>.<\/p>\r\n<p>V no\u010dn\u00edm provozu je v&nbsp;trase Strossmayerovo n\u00e1m\u011bst\u00ed \u2013 Vltavsk\u00e1 \u2013 Hole\u0161ovick\u00e1 tr\u017enice \u2013 Maniny \u2013 Palmovka zavedena <strong>n\u00e1hradn\u00ed autobusov\u00e1 doprava X94<\/strong>.<\/p>\r\n<p>&nbsp;<\/p>\r\n<p><strong>Dal\u0161\u00ed informace najdete na <a href=\"https:\/\/www.dpp.cz\/omezeni-a-mimoradne-udalosti\/detail\/19976\" target=\"_blank\" rel=\"noopener\">str\u00e1nk\u00e1ch Dopravn\u00edho podniku hl. m. Prahy<\/a>.\u00a0<\/strong><\/p>\r\n<p>&nbsp;<\/p>\r\n<h3>Automobilov\u00e1 doprava<\/h3>\r\n<p>Osobn\u00ed automobilov\u00e1 doprava z\u016fst\u00e1v\u00e1 b\u011bhem prac\u00ed zachov\u00e1na. V&nbsp;pr\u016fb\u011bhu z\u00e1boru prav\u00e9ho j\u00edzdn\u00edho pruhu ve sm\u011bru od Prahy&nbsp;7 na Prahu 8 je umo\u017en\u011bn pr\u016fjezd po tramvajov\u00e9m t\u011blese. Tento z\u00e1bor je v&nbsp;platnosti do 16.&nbsp;11.&nbsp;2023.<\/p>\r\n<p>&nbsp;<\/p>\r\n<p><a href=\"https:\/\/www.praha7.cz\/wp-content\/uploads\/2023\/11\/mapa-vyluka-Delnicka-Palmovka.png\"><img loading=\"lazy\" src=\"https:\/\/www.praha7.cz\/wp-content\/uploads\/2023\/11\/mapa-vyluka-Delnicka-Palmovka.png\" alt=\"\" width=\"1484\" height=\"606\" class=\"alignnone size-full wp-image-71336\" srcset=\"https:\/\/www.praha7.cz\/wp-content\/uploads\/2023\/11\/mapa-vyluka-Delnicka-Palmovka.png 1484w, https:\/\/www.praha7.cz\/wp-content\/uploads\/2023\/11\/mapa-vyluka-Delnicka-Palmovka-600x245.png 600w, https:\/\/www.praha7.cz\/wp-content\/uploads\/2023\/11\/mapa-vyluka-Delnicka-Palmovka-768x314.png 768w\" sizes=\"(max-width: 1484px) 100vw, 1484px\" \/><\/a><\/p>\r\n<p><a href=\"https:\/\/www.praha7.cz\/wp-content\/uploads\/2023\/11\/schema-vyluka-Delnicka-palmovka.jpg\"><img loading=\"lazy\" src=\"https:\/\/www.praha7.cz\/wp-content\/uploads\/2023\/11\/schema-vyluka-Delnicka-palmovka-1500x979.jpg\" alt=\"\" width=\"640\" height=\"418\" class=\"alignnone size-large wp-image-71337\" srcset=\"https:\/\/www.praha7.cz\/wp-content\/uploads\/2023\/11\/schema-vyluka-Delnicka-palmovka-1500x979.jpg 1500w, https:\/\/www.praha7.cz\/wp-content\/uploads\/2023\/11\/schema-vyluka-Delnicka-palmovka-600x392.jpg 600w, https:\/\/www.praha7.cz\/wp-content\/uploads\/2023\/11\/schema-vyluka-Delnicka-palmovka-768x501.jpg 768w, https:\/\/www.praha7.cz\/wp-content\/uploads\/2023\/11\/schema-vyluka-Delnicka-palmovka-1536x1003.jpg 1536w, https:\/\/www.praha7.cz\/wp-content\/uploads\/2023\/11\/schema-vyluka-Delnicka-palmovka.jpg 1644w\" sizes=\"(max-width: 640px) 100vw, 640px\" \/><\/a><\/p>","protected":false},"excerpt":{"rendered":"[perex] Z&nbsp;d\u016fvodu geologick\u00e9ho pr\u016fzkumu doch\u00e1z\u00ed od p\u00e1tku 10.&nbsp;listopadu 2023 (od 22.00) do pond\u011bl\u00ed 13.&nbsp;listopadu 2023 (do 4.45) k&nbsp;obousm\u011brn\u00e9mu p\u0159eru\u0161en\u00ed provozu tramvaj\u00ed v&nbsp;\u00faseku D\u011blnick\u00e1 \u2013 Palmovka. [\/perex]\u00a0 Zm\u011bny tras tramvajov\u00fdch linek Linka \u010d\u00edslo 1 je ve sm\u011bru od S\u00eddli\u0161t\u011b Pet\u0159iny ze zast\u00e1vky D\u011blnick\u00e1 odklon\u011bna p\u0159es zast\u00e1vky Ortenovo n\u00e1m\u011bst\u00ed, N\u00e1dra\u017e\u00ed Hole\u0161ovice, Trojsk\u00e1 a&nbsp;Kobylisy do obrati\u0161t\u011b Vozovna [&hellip;]","protected":false},"author":5,"featured_media":71335,"comment_status":"closed","ping_status":"open","sticky":false,"template":"","format":"standard","meta":[],"categories":[34],"tags":[],"_links":{"self":[{"href":"https:\/\/www.praha7.cz\/api\/wp\/v2\/posts\/71332"}],"collection":[{"href":"https:\/\/www.praha7.cz\/api\/wp\/v2\/posts"}],"about":[{"href":"https:\/\/www.praha7.cz\/api\/wp\/v2\/types\/post"}],"author":[{"embeddable":true,"href":"https:\/\/www.praha7.cz\/api\/wp\/v2\/users\/5"}],"replies":[{"embeddable":true,"href":"https:\/\/www.praha7.cz\/api\/wp\/v2\/comments?post=71332"}],"version-history":[{"count":5,"href":"https:\/\/www.praha7.cz\/api\/wp\/v2\/posts\/71332\/revisions"}],"predecessor-version":[{"id":71342,"href":"https:\/\/www.praha7.cz\/api\/wp\/v2\/posts\/71332\/revisions\/71342"}],"wp:featuredmedia":[{"embeddable":true,"href":"https:\/\/www.praha7.cz\/api\/wp\/v2\/media\/71335"}],"wp:attachment":[{"href":"https:\/\/www.praha7.cz\/api\/wp\/v2\/media?parent=71332"}],"wp:term":[{"taxonomy":"category","embeddable":true,"href":"https:\/\/www.praha7.cz\/api\/wp\/v2\/categories?post=71332"},{"taxonomy":"post_tag","embeddable":true,"href":"https:\/\/www.praha7.cz\/api\/wp\/v2\/tags?post=71332"}],"curies":[{"name":"wp","href":"https:\/\/api.w.org\/{rel}","templated":true}]}}