    
{"id":71313,"date":"2023-11-06T17:01:06","date_gmt":"2023-11-06T16:01:06","guid":{"rendered":"https:\/\/www.praha7.cz\/?p=71313"},"modified":"2023-11-06T17:06:12","modified_gmt":"2023-11-06T16:06:12","slug":"kdo-podpori-vas-sousedsky-projekt","status":"publish","type":"post","link":"https:\/\/www.praha7.cz\/kdo-podpori-vas-sousedsky-projekt\/","title":{"rendered":"Kdo podpo\u0159\u00ed v\u00e1\u0161 sousedsk\u00fd projekt?"},"content":{"rendered":"<p>[perex]<\/p>\r\n<p>Ve \u010dtvrtek 2.&nbsp;listopadu 2023 prob\u011bhl v&nbsp;Dobrovolnick\u00e9m centru Agora 7 diskuzn\u00ed ve\u010der s&nbsp;prezentacemi V\u00e1clava Kov\u00e1\u0159e z&nbsp;Nadace Via, koordin\u00e1torky participace Terezy Nov\u00e1kov\u00e9 z&nbsp;M\u010c Praha&nbsp;7 a&nbsp;Michala K\u0159ivohl\u00e1vka ze spolku Bieno. Akce byla ur\u010dena v\u0161em z\u00e1jemc\u016fm o&nbsp;\u00fapravu vnitrobloku, ale i&nbsp;ve\u0159ejn\u00e9ho prostranstv\u00ed, v&nbsp;kontextu t\u00e9matu adaptace na klimatickou krizi. Akce byla ur\u010dena jak z\u00e1stupc\u016fm spolk\u016f, p\u0159edsed\u016f SVJ, ale i&nbsp;dal\u0161\u00edm obyvatel\u016fm, kte\u0159\u00ed cht\u011bj\u00ed pomoci s&nbsp;nahl\u00e9dnut\u00edm do mo\u017enosti financov\u00e1n\u00ed vlastn\u00edho n\u00e1padu.<\/p>\r\n<p>[\/perex]<\/p>\r\n<p><a href=\"https:\/\/www.nadacevia.cz\/\" target=\"_blank\" rel=\"noopener\">Nadace Via<\/a> p\u0159edstavila sv\u00fdch dev\u011bt oblast\u00ed grantov\u00e9 a&nbsp;p\u011bt negrantov\u00e9 podpory, v\u010detn\u011b mo\u017enosti konzultace a&nbsp;d\u00e1rcovstv\u00ed a&nbsp;p\u0159edev\u0161\u00edm podpory participace a&nbsp;p\u0159\u00edpravn\u00fdch \u010d\u00e1st\u00ed projektu. D\u00e1le byly p\u0159edstaveny t\u0159i t\u00e9mata dota\u010dn\u00ed podpory z&nbsp;oblasti rozvoje a&nbsp;p\u00e9\u010de o&nbsp;ve\u0159ejn\u00fd prostor M\u010c Praha&nbsp;7. Zm\u00edn\u011bno bylo financov\u00e1n\u00ed environment\u00e1ln\u00edch projekt\u016f z&nbsp;hlavn\u00edho m\u011bsta Prahy, Ministerstva \u017eivotn\u00edho prost\u0159ed\u00ed i&nbsp;z&nbsp;Evropsk\u00e9 unie. Prob\u011bhlo tak\u00e9 p\u0159edstaven\u00ed v\u00fdzkumu <a href=\"https:\/\/www.vnitrobloky.cz\/\" target=\"_blank\" rel=\"noopener\">spolku Bieno<\/a> t\u00fdkaj\u00edc\u00edho se mapov\u00e1n\u00ed situace v&nbsp;jin\u00fdch m\u011bstsk\u00fdch \u010d\u00e1stech. V\u0161echny prezentace byly zalo\u017eeny na p\u0159\u00edkladech dobr\u00e9 praxe, sd\u00edlen\u00ed zku\u0161enost\u00ed a&nbsp;vedly ke konkr\u00e9tn\u00edm ot\u00e1zk\u00e1m ze strany \u00fa\u010dastn\u00edk\u016f a&nbsp;p\u0159edev\u0161\u00edm ke sd\u00edlen\u00ed kontakt\u016f a&nbsp;sezn\u00e1men\u00ed se navz\u00e1jem. Velk\u00fd z\u00e1jem byl o&nbsp;pomoc odbornou, facilita\u010dn\u00ed, ale i&nbsp;s&nbsp;vypl\u0148ov\u00e1n\u00edm \u017e\u00e1dost\u00ed. \u00da\u010dastni byli obyvatel\u00e9 nejen z&nbsp;Prahy&nbsp;7, ale i&nbsp;komunitn\u00ed koordin\u00e1to\u0159i z&nbsp;dal\u0161\u00edch m\u011bstsk\u00fdch \u010d\u00e1st\u00ed.<\/p>\r\n<p>V\u011b\u0159\u00edme, \u017ee takov\u00e1to akce podpo\u0159\u00ed z\u00e1jem o&nbsp;p\u00e9\u010di o&nbsp;okol\u00ed a&nbsp;hlavn\u011b zbav\u00ed strachu z&nbsp;vy\u0159izov\u00e1n\u00ed dota\u010dn\u00edch \u017e\u00e1dost\u00ed v&nbsp;m\u011bstsk\u00e9 \u010d\u00e1sti a&nbsp;zp\u016fsob\u016f v\u00edcezdrojov\u00e9ho financov\u00e1n\u00ed. \u017d\u00e1dat podporu z&nbsp;m\u011bstsk\u00e9 \u010d\u00e1sti je d\u016fle\u017eit\u00e9 pro p\u0159ihl\u00e1\u0161en\u00ed se k&nbsp;m\u00edstu, ve kter\u00e9m \u017eijeme, a&nbsp;napom\u016f\u017ee to tak\u00e9 k&nbsp;z\u00edsk\u00e1v\u00e1n\u00ed podpory z&nbsp;dal\u0161\u00edch zdroj\u016f.<\/p>\r\n<p><strong>Uz\u00e1v\u011brka p\u0159\u00edjmu \u017e\u00e1dost\u00ed o&nbsp;programov\u00e9 dotace M\u010c Praha&nbsp;7 je 10.&nbsp;listopadu 2023, v&nbsp;pr\u016fb\u011bhu roku je pak v&nbsp;od\u016fvodn\u011bn\u00fdch p\u0159\u00edpadech mo\u017en\u00e9 \u017e\u00e1dat i&nbsp;o&nbsp;individu\u00e1ln\u00ed dotace<\/strong>.<\/p>\r\n<p>V\u00edce informac\u00ed naleznete zde:<\/p>\r\n<p><strong><a href=\"https:\/\/www.praha7.cz\/praha-7-vyhlasila-programove-dotace-na-rok-2024\/\">https:\/\/www.praha7.cz\/praha-7-vyhlasila-programove-dotace-na-rok-2024\/<\/a><\/strong><\/p>\r\n<p>V p\u0159\u00edpad\u011b dal\u0161\u00edch dotaz\u016f k&nbsp;titul\u016fm t\u00fdkaj\u00edc\u00edch se p\u00e9\u010de o&nbsp;ve\u0159ejn\u00fd prostor se obra\u0165te na email: <a href=\"mailto:novakovat@praha7.cz\">novakovat@praha7.cz<\/a><\/p>","protected":false},"excerpt":{"rendered":"[perex] Ve \u010dtvrtek 2.&nbsp;listopadu 2023 prob\u011bhl v&nbsp;Dobrovolnick\u00e9m centru Agora 7 diskuzn\u00ed ve\u010der s&nbsp;prezentacemi V\u00e1clava Kov\u00e1\u0159e z&nbsp;Nadace Via, koordin\u00e1torky participace Terezy Nov\u00e1kov\u00e9 z&nbsp;M\u010c Praha&nbsp;7 a&nbsp;Michala K\u0159ivohl\u00e1vka ze spolku Bieno. Akce byla ur\u010dena v\u0161em z\u00e1jemc\u016fm o&nbsp;\u00fapravu vnitrobloku, ale i&nbsp;ve\u0159ejn\u00e9ho prostranstv\u00ed, v&nbsp;kontextu t\u00e9matu adaptace na klimatickou krizi. Akce byla ur\u010dena jak z\u00e1stupc\u016fm spolk\u016f, p\u0159edsed\u016f SVJ, ale i&nbsp;dal\u0161\u00edm obyvatel\u016fm, [&hellip;]","protected":false},"author":5,"featured_media":71315,"comment_status":"closed","ping_status":"open","sticky":false,"template":"","format":"standard","meta":[],"categories":[34],"tags":[],"_links":{"self":[{"href":"https:\/\/www.praha7.cz\/api\/wp\/v2\/posts\/71313"}],"collection":[{"href":"https:\/\/www.praha7.cz\/api\/wp\/v2\/posts"}],"about":[{"href":"https:\/\/www.praha7.cz\/api\/wp\/v2\/types\/post"}],"author":[{"embeddable":true,"href":"https:\/\/www.praha7.cz\/api\/wp\/v2\/users\/5"}],"replies":[{"embeddable":true,"href":"https:\/\/www.praha7.cz\/api\/wp\/v2\/comments?post=71313"}],"version-history":[{"count":7,"href":"https:\/\/www.praha7.cz\/api\/wp\/v2\/posts\/71313\/revisions"}],"predecessor-version":[{"id":71322,"href":"https:\/\/www.praha7.cz\/api\/wp\/v2\/posts\/71313\/revisions\/71322"}],"wp:featuredmedia":[{"embeddable":true,"href":"https:\/\/www.praha7.cz\/api\/wp\/v2\/media\/71315"}],"wp:attachment":[{"href":"https:\/\/www.praha7.cz\/api\/wp\/v2\/media?parent=71313"}],"wp:term":[{"taxonomy":"category","embeddable":true,"href":"https:\/\/www.praha7.cz\/api\/wp\/v2\/categories?post=71313"},{"taxonomy":"post_tag","embeddable":true,"href":"https:\/\/www.praha7.cz\/api\/wp\/v2\/tags?post=71313"}],"curies":[{"name":"wp","href":"https:\/\/api.w.org\/{rel}","templated":true}]}}