    
{"id":71260,"date":"2023-11-03T16:18:20","date_gmt":"2023-11-03T15:18:20","guid":{"rendered":"https:\/\/www.praha7.cz\/?p=71260"},"modified":"2023-12-01T07:03:15","modified_gmt":"2023-12-01T06:03:15","slug":"listopadove-setkani-se-starostou-na-strese-radnice","status":"publish","type":"post","link":"https:\/\/www.praha7.cz\/listopadove-setkani-se-starostou-na-strese-radnice\/","title":{"rendered":"Listopadov\u00e9 setk\u00e1n\u00ed se starostou na st\u0159e\u0161e radnice"},"content":{"rendered":"<p>[perex]<\/p>\r\n<p>Zveme v\u00e1s na neform\u00e1ln\u00ed setk\u00e1n\u00ed se starostou Janem \u010ci\u017einsk\u00fdm, m\u00edstostarostou Kamilem Vav\u0159incem Mare\u0161em, kter\u00fd m\u00e1 v&nbsp;gesci majetek a&nbsp;energetiku, a&nbsp;m\u00edstostarostou Pavlem Zelenkou s&nbsp;kompetenc\u00ed doprava. T\u011b\u0161\u00edme se na v\u00e1s ve \u010dtvrtek 30.&nbsp;listopadu mezi 18.&nbsp;a&nbsp;20.&nbsp;hodinou na st\u0159e\u0161n\u00ed terase sedmi\u010dkov\u00e9 radnice.\u00a0<\/p>\r\n<p>[\/perex]<\/p>\r\n<p>P\u0159ij\u010fte se zeptat na v\u0161e, co v\u00e1s zaj\u00edm\u00e1, a&nbsp;z\u00e1rove\u0148 se pokochat jedine\u010dn\u00fdm ve\u010dern\u00edm v\u00fdhledem na Hole\u0161ovice.\u00a0<\/p>\r\n<p>&nbsp;<\/p>\r\n<p><strong>\u010dtvrtek 30.&nbsp;listopadu 2023, 18.00\u201320.00<\/strong><\/p>\r\n<p><strong>radnice M\u010c Praha\u00a07, U\u00a0Pr\u016fhonu 1338\/38, 8.\u00a0patro<\/strong><\/p>\r\n<p>&nbsp;<\/p>\r\n<p>T\u011b\u0161\u00edme se na v\u00e1s!<\/p>","protected":false},"excerpt":{"rendered":"[perex] Zveme v\u00e1s na neform\u00e1ln\u00ed setk\u00e1n\u00ed se starostou Janem \u010ci\u017einsk\u00fdm, m\u00edstostarostou Kamilem Vav\u0159incem Mare\u0161em, kter\u00fd m\u00e1 v&nbsp;gesci majetek a&nbsp;energetiku, a&nbsp;m\u00edstostarostou Pavlem Zelenkou s&nbsp;kompetenc\u00ed doprava. T\u011b\u0161\u00edme se na v\u00e1s ve \u010dtvrtek 30.&nbsp;listopadu mezi 18.&nbsp;a&nbsp;20.&nbsp;hodinou na st\u0159e\u0161n\u00ed terase sedmi\u010dkov\u00e9 radnice.\u00a0 [\/perex] P\u0159ij\u010fte se zeptat na v\u0161e, co v\u00e1s zaj\u00edm\u00e1, a&nbsp;z\u00e1rove\u0148 se pokochat jedine\u010dn\u00fdm ve\u010dern\u00edm v\u00fdhledem na Hole\u0161ovice.\u00a0 [&hellip;]","protected":false},"author":5,"featured_media":51311,"comment_status":"closed","ping_status":"open","sticky":false,"template":"","format":"standard","meta":[],"categories":[34],"tags":[],"_links":{"self":[{"href":"https:\/\/www.praha7.cz\/api\/wp\/v2\/posts\/71260"}],"collection":[{"href":"https:\/\/www.praha7.cz\/api\/wp\/v2\/posts"}],"about":[{"href":"https:\/\/www.praha7.cz\/api\/wp\/v2\/types\/post"}],"author":[{"embeddable":true,"href":"https:\/\/www.praha7.cz\/api\/wp\/v2\/users\/5"}],"replies":[{"embeddable":true,"href":"https:\/\/www.praha7.cz\/api\/wp\/v2\/comments?post=71260"}],"version-history":[{"count":3,"href":"https:\/\/www.praha7.cz\/api\/wp\/v2\/posts\/71260\/revisions"}],"predecessor-version":[{"id":71954,"href":"https:\/\/www.praha7.cz\/api\/wp\/v2\/posts\/71260\/revisions\/71954"}],"wp:featuredmedia":[{"embeddable":true,"href":"https:\/\/www.praha7.cz\/api\/wp\/v2\/media\/51311"}],"wp:attachment":[{"href":"https:\/\/www.praha7.cz\/api\/wp\/v2\/media?parent=71260"}],"wp:term":[{"taxonomy":"category","embeddable":true,"href":"https:\/\/www.praha7.cz\/api\/wp\/v2\/categories?post=71260"},{"taxonomy":"post_tag","embeddable":true,"href":"https:\/\/www.praha7.cz\/api\/wp\/v2\/tags?post=71260"}],"curies":[{"name":"wp","href":"https:\/\/api.w.org\/{rel}","templated":true}]}}