    
{"id":71140,"date":"2023-11-06T10:52:47","date_gmt":"2023-11-06T09:52:47","guid":{"rendered":"https:\/\/www.praha7.cz\/?p=71140"},"modified":"2023-11-10T11:50:14","modified_gmt":"2023-11-10T10:50:14","slug":"praha-7-ucti-10-11-pamatku-valecnych-veteranu","status":"publish","type":"post","link":"https:\/\/www.praha7.cz\/praha-7-ucti-10-11-pamatku-valecnych-veteranu\/","title":{"rendered":"Praha&nbsp;7 uct\u00ed 10.&nbsp;11.&nbsp;pam\u00e1tku v\u00e1le\u010dn\u00fdch veter\u00e1n\u016f"},"content":{"rendered":"<p>[perex]<\/p>\r\n<p>V p\u00e1tek 10.&nbsp;listopadu 2023 v&nbsp;10 hodin se uskute\u010dn\u00ed pietn\u00ed vzpom\u00ednkov\u00fd akt u&nbsp;p\u0159\u00edle\u017eitosti Dne v\u00e1le\u010dn\u00fdch veter\u00e1n\u016f a&nbsp;105.&nbsp;v\u00fdro\u010d\u00ed ukon\u010den\u00ed I. sv\u011btov\u00e9 v\u00e1lky. Setk\u00e1n\u00ed se kon\u00e1 v&nbsp;ulici Nad \u0160tolou 8 u&nbsp;pam\u011btn\u00ed desky v\u011bnovan\u00e9 \u010deskoslovensk\u00e9mu legion\u00e1\u0159i brig. gen. Rudolfu Medkovi. Jste srde\u010dn\u011b zv\u00e1ni.<\/p>\r\n<p>[\/perex]<\/p>","protected":false},"excerpt":{"rendered":"[perex] V&nbsp;p\u00e1tek 10.&nbsp;listopadu 2023 v&nbsp;10 hodin se uskute\u010dn\u00ed pietn\u00ed vzpom\u00ednkov\u00fd akt u&nbsp;p\u0159\u00edle\u017eitosti Dne v\u00e1le\u010dn\u00fdch veter\u00e1n\u016f a&nbsp;105.&nbsp;v\u00fdro\u010d\u00ed ukon\u010den\u00ed I. sv\u011btov\u00e9 v\u00e1lky. Setk\u00e1n\u00ed se kon\u00e1 v&nbsp;ulici Nad \u0160tolou 8 u&nbsp;pam\u011btn\u00ed desky v\u011bnovan\u00e9 \u010deskoslovensk\u00e9mu legion\u00e1\u0159i brig. gen. Rudolfu Medkovi. Jste srde\u010dn\u011b zv\u00e1ni. [\/perex]","protected":false},"author":251,"featured_media":61904,"comment_status":"closed","ping_status":"open","sticky":false,"template":"","format":"standard","meta":[],"categories":[34],"tags":[],"_links":{"self":[{"href":"https:\/\/www.praha7.cz\/api\/wp\/v2\/posts\/71140"}],"collection":[{"href":"https:\/\/www.praha7.cz\/api\/wp\/v2\/posts"}],"about":[{"href":"https:\/\/www.praha7.cz\/api\/wp\/v2\/types\/post"}],"author":[{"embeddable":true,"href":"https:\/\/www.praha7.cz\/api\/wp\/v2\/users\/251"}],"replies":[{"embeddable":true,"href":"https:\/\/www.praha7.cz\/api\/wp\/v2\/comments?post=71140"}],"version-history":[{"count":1,"href":"https:\/\/www.praha7.cz\/api\/wp\/v2\/posts\/71140\/revisions"}],"predecessor-version":[{"id":71141,"href":"https:\/\/www.praha7.cz\/api\/wp\/v2\/posts\/71140\/revisions\/71141"}],"wp:featuredmedia":[{"embeddable":true,"href":"https:\/\/www.praha7.cz\/api\/wp\/v2\/media\/61904"}],"wp:attachment":[{"href":"https:\/\/www.praha7.cz\/api\/wp\/v2\/media?parent=71140"}],"wp:term":[{"taxonomy":"category","embeddable":true,"href":"https:\/\/www.praha7.cz\/api\/wp\/v2\/categories?post=71140"},{"taxonomy":"post_tag","embeddable":true,"href":"https:\/\/www.praha7.cz\/api\/wp\/v2\/tags?post=71140"}],"curies":[{"name":"wp","href":"https:\/\/api.w.org\/{rel}","templated":true}]}}