    
{"id":71134,"date":"2023-11-01T11:08:27","date_gmt":"2023-11-01T10:08:27","guid":{"rendered":"https:\/\/www.praha7.cz\/?p=71134"},"modified":"2023-11-01T11:09:45","modified_gmt":"2023-11-01T10:09:45","slug":"na-radnici-probiha-sbirka-ke-dni-valecnych-veteranu","status":"publish","type":"post","link":"https:\/\/www.praha7.cz\/na-radnici-probiha-sbirka-ke-dni-valecnych-veteranu\/","title":{"rendered":"Na radnici prob\u00edh\u00e1 sb\u00edrka ke Dni v\u00e1le\u010dn\u00fdch veter\u00e1n\u016f"},"content":{"rendered":"<p>[perex]<\/p>\r\n<p>Bojovali za na\u0161i svobodu, dnes pat\u0159\u00ed mezi ty nejzraniteln\u011bj\u0161\u00ed z&nbsp;n\u00e1s. Hrdinstv\u00ed a&nbsp;odvahu t\u011bch, kte\u0159\u00ed se v&nbsp;minulosti postavili za na\u0161i svobodu a&nbsp;demokracii, si p\u0159ipomeneme nejen <a href=\"https:\/\/www.praha7.cz\/praha-7-ucti-10-11-pamatku-valecnych-veteranu\/\" target=\"_blank\" rel=\"noopener\">pietn\u00edm aktem 10.&nbsp;listopadu 2023<\/a> v&nbsp;ulici nad \u0160tolou, nejen 11.&nbsp;listopadu v&nbsp;Den v\u00e1le\u010dn\u00fdch veter\u00e1n\u016f, ale po cel\u00fd m\u011bs\u00edc listopad, kdy bude prob\u00edhat ve\u0159ejn\u00e1 sb\u00edrka Pam\u011bti n\u00e1roda. Na radnici Prahy&nbsp;7 se do sb\u00edrky m\u016f\u017eete zapojit kdykoli v&nbsp;otv\u00edrac\u00ed dob\u011b \u00fa\u0159adu.<\/p>\r\n<p>[\/perex]<\/p>\r\n<p>Letos ji\u017e podev\u00e1t\u00e9 zaplav\u00ed zemi \u010derven\u00e9 kv\u011bty vl\u010d\u00edch m\u00e1k\u016f, kter\u00e9 jsou symbolem tohoto sv\u00e1tku. Po\u0159\u00edzen\u00edm kv\u011btu p\u0159isp\u011bjete na p\u0159\u00edmou pomoc veter\u00e1n\u016fm a&nbsp;dal\u0161\u00edm bojovn\u00edk\u016fm za svobodu prost\u0159ednictv\u00edm Centra pomoci Pam\u011bti n\u00e1roda. V\u00fdt\u011b\u017eek sb\u00edrky jde tak\u00e9 na to, aby se na jejich p\u0159\u00edb\u011bhy nezapomn\u011blo.\u00a0<\/p>\r\n<p><iframe loading=\"lazy\" title=\"Den v\u00e1le\u010dn\u00fdch veter\u00e1n\u016f 2023\" width=\"640\" height=\"360\" src=\"https:\/\/www.youtube.com\/embed\/34zRKfFTYLE?feature=oembed\" frameborder=\"0\" allow=\"accelerometer; autoplay; clipboard-write; encrypted-media; gyroscope; picture-in-picture; web-share\" allowfullscreen><\/iframe><\/p>\r\n<p>V\u0161e o&nbsp;sb\u00edrce se do\u010dtete <a href=\"https:\/\/denveteranu.cz\/sbirka\/\" target=\"_blank\" rel=\"noopener\">zde<\/a>.\u00a0<\/p>\r\n<p>&nbsp;<\/p>","protected":false},"excerpt":{"rendered":"[perex] Bojovali za na\u0161i svobodu, dnes pat\u0159\u00ed mezi ty nejzraniteln\u011bj\u0161\u00ed z&nbsp;n\u00e1s. Hrdinstv\u00ed a&nbsp;odvahu t\u011bch, kte\u0159\u00ed se v&nbsp;minulosti postavili za na\u0161i svobodu a&nbsp;demokracii, si p\u0159ipomeneme nejen pietn\u00edm aktem 10.&nbsp;listopadu 2023 v&nbsp;ulici nad \u0160tolou, nejen 11.&nbsp;listopadu v&nbsp;Den v\u00e1le\u010dn\u00fdch veter\u00e1n\u016f, ale po cel\u00fd m\u011bs\u00edc listopad, kdy bude prob\u00edhat ve\u0159ejn\u00e1 sb\u00edrka Pam\u011bti n\u00e1roda. Na radnici Prahy&nbsp;7 se do sb\u00edrky [&hellip;]","protected":false},"author":251,"featured_media":71150,"comment_status":"closed","ping_status":"open","sticky":false,"template":"","format":"standard","meta":[],"categories":[34],"tags":[],"_links":{"self":[{"href":"https:\/\/www.praha7.cz\/api\/wp\/v2\/posts\/71134"}],"collection":[{"href":"https:\/\/www.praha7.cz\/api\/wp\/v2\/posts"}],"about":[{"href":"https:\/\/www.praha7.cz\/api\/wp\/v2\/types\/post"}],"author":[{"embeddable":true,"href":"https:\/\/www.praha7.cz\/api\/wp\/v2\/users\/251"}],"replies":[{"embeddable":true,"href":"https:\/\/www.praha7.cz\/api\/wp\/v2\/comments?post=71134"}],"version-history":[{"count":3,"href":"https:\/\/www.praha7.cz\/api\/wp\/v2\/posts\/71134\/revisions"}],"predecessor-version":[{"id":71154,"href":"https:\/\/www.praha7.cz\/api\/wp\/v2\/posts\/71134\/revisions\/71154"}],"wp:featuredmedia":[{"embeddable":true,"href":"https:\/\/www.praha7.cz\/api\/wp\/v2\/media\/71150"}],"wp:attachment":[{"href":"https:\/\/www.praha7.cz\/api\/wp\/v2\/media?parent=71134"}],"wp:term":[{"taxonomy":"category","embeddable":true,"href":"https:\/\/www.praha7.cz\/api\/wp\/v2\/categories?post=71134"},{"taxonomy":"post_tag","embeddable":true,"href":"https:\/\/www.praha7.cz\/api\/wp\/v2\/tags?post=71134"}],"curies":[{"name":"wp","href":"https:\/\/api.w.org\/{rel}","templated":true}]}}