    
{"id":71013,"date":"2023-10-30T16:43:45","date_gmt":"2023-10-30T15:43:45","guid":{"rendered":"https:\/\/www.praha7.cz\/?p=71013"},"modified":"2023-10-30T16:43:45","modified_gmt":"2023-10-30T15:43:45","slug":"statni-vyznamenani-pro-profesora-jiriho-chvalu","status":"publish","type":"post","link":"https:\/\/www.praha7.cz\/statni-vyznamenani-pro-profesora-jiriho-chvalu\/","title":{"rendered":"St\u00e1tn\u00ed vyznamen\u00e1n\u00ed pro profesora Ji\u0159\u00edho Chv\u00e1lu"},"content":{"rendered":"<p>[perex]<\/p>\r\n<p>Profesor Ji\u0159\u00ed Chv\u00e1la, hudebn\u00ed pedagog, dirigent a&nbsp;sbormistr K\u00fchnova d\u011btsk\u00e9ho sboru, \u010destn\u00fd ob\u010dan Prahy&nbsp;7, obdr\u017eel 28.&nbsp;\u0159\u00edjna 2023 medaili Za z\u00e1sluhy v&nbsp;oblasti v\u00fdchovy a&nbsp;\u0161kolstv\u00ed. Blahop\u0159ejeme a&nbsp;p\u0159ejeme dal\u0161\u00ed l\u00e9ta s&nbsp;dirigentskou taktovkou v&nbsp;ruce!\u00a0\u00a0<\/p>\r\n<p>[\/perex]<\/p>\r\n<p>Ji\u0159\u00ed Chv\u00e1la letos oslavil \u2013 stejn\u011b jako K\u00fchn\u016fv d\u011btsk\u00fd sbor \u2013 devades\u00e1t\u00e9 narozeniny. Od roku 1967 je hlavn\u00edm sbormistrem K\u00fch\u0148at. Historii tohoto v\u00fdznamn\u00e9ho hudebn\u00edho t\u011blesa i&nbsp;\u017eivotn\u00ed p\u0159\u00edb\u011bh pana profesora Chv\u00e1ly si m\u016f\u017eete p\u0159ipomenout <a href=\"https:\/\/www.praha7.cz\/zpivejte-s-nami\/\">v \u010dl\u00e1nku z&nbsp;Hobuletu<\/a> a&nbsp;<a href=\"https:\/\/www.praha7.cz\/volny-cas-prehled\/o-praze-7\/cestni-obcane\/\">zde<\/a>.<\/p>\r\n\r\n<figure id=\"attachment_59947\" aria-describedby=\"caption-attachment-59947\" style=\"width: 640px\" class=\"wp-caption alignnone\"><img loading=\"lazy\" src=\"https:\/\/www.praha7.cz\/wp-content\/uploads\/2022\/08\/chvala-nastup-1967-1500x695.jpg\" alt=\"\" width=\"640\" height=\"297\" class=\"wp-image-59947 size-large\" srcset=\"https:\/\/www.praha7.cz\/wp-content\/uploads\/2022\/08\/chvala-nastup-1967-1500x695.jpg 1500w, https:\/\/www.praha7.cz\/wp-content\/uploads\/2022\/08\/chvala-nastup-1967-600x278.jpg 600w, https:\/\/www.praha7.cz\/wp-content\/uploads\/2022\/08\/chvala-nastup-1967-768x356.jpg 768w, https:\/\/www.praha7.cz\/wp-content\/uploads\/2022\/08\/chvala-nastup-1967.jpg 1586w\" sizes=\"(max-width: 640px) 100vw, 640px\" \/><figcaption id=\"caption-attachment-59947\" class=\"wp-caption-text\">Ji\u0159\u00ed Chv\u00e1la se sborem v&nbsp;roce 1967<\/figcaption><\/figure>","protected":false},"excerpt":{"rendered":"[perex] Profesor Ji\u0159\u00ed Chv\u00e1la, hudebn\u00ed pedagog, dirigent a&nbsp;sbormistr K\u00fchnova d\u011btsk\u00e9ho sboru, \u010destn\u00fd ob\u010dan Prahy&nbsp;7, obdr\u017eel 28.&nbsp;\u0159\u00edjna 2023 medaili Za z\u00e1sluhy v&nbsp;oblasti v\u00fdchovy a&nbsp;\u0161kolstv\u00ed. Blahop\u0159ejeme a&nbsp;p\u0159ejeme dal\u0161\u00ed l\u00e9ta s&nbsp;dirigentskou taktovkou v&nbsp;ruce!\u00a0\u00a0 [\/perex] Ji\u0159\u00ed Chv\u00e1la letos oslavil \u2013 stejn\u011b jako K\u00fchn\u016fv d\u011btsk\u00fd sbor \u2013 devades\u00e1t\u00e9 narozeniny. Od roku 1967 je hlavn\u00edm sbormistrem K\u00fch\u0148at. Historii tohoto v\u00fdznamn\u00e9ho hudebn\u00edho [&hellip;]","protected":false},"author":251,"featured_media":71014,"comment_status":"closed","ping_status":"open","sticky":false,"template":"","format":"standard","meta":[],"categories":[34],"tags":[],"_links":{"self":[{"href":"https:\/\/www.praha7.cz\/api\/wp\/v2\/posts\/71013"}],"collection":[{"href":"https:\/\/www.praha7.cz\/api\/wp\/v2\/posts"}],"about":[{"href":"https:\/\/www.praha7.cz\/api\/wp\/v2\/types\/post"}],"author":[{"embeddable":true,"href":"https:\/\/www.praha7.cz\/api\/wp\/v2\/users\/251"}],"replies":[{"embeddable":true,"href":"https:\/\/www.praha7.cz\/api\/wp\/v2\/comments?post=71013"}],"version-history":[{"count":1,"href":"https:\/\/www.praha7.cz\/api\/wp\/v2\/posts\/71013\/revisions"}],"predecessor-version":[{"id":71022,"href":"https:\/\/www.praha7.cz\/api\/wp\/v2\/posts\/71013\/revisions\/71022"}],"wp:featuredmedia":[{"embeddable":true,"href":"https:\/\/www.praha7.cz\/api\/wp\/v2\/media\/71014"}],"wp:attachment":[{"href":"https:\/\/www.praha7.cz\/api\/wp\/v2\/media?parent=71013"}],"wp:term":[{"taxonomy":"category","embeddable":true,"href":"https:\/\/www.praha7.cz\/api\/wp\/v2\/categories?post=71013"},{"taxonomy":"post_tag","embeddable":true,"href":"https:\/\/www.praha7.cz\/api\/wp\/v2\/tags?post=71013"}],"curies":[{"name":"wp","href":"https:\/\/api.w.org\/{rel}","templated":true}]}}