    
{"id":70980,"date":"2023-10-30T09:58:33","date_gmt":"2023-10-30T08:58:33","guid":{"rendered":"https:\/\/www.praha7.cz\/?p=70980"},"modified":"2023-11-02T11:36:34","modified_gmt":"2023-11-02T10:36:34","slug":"prostor-pred-narodnim-zemedelskym-muzeem-ziskava-privetivejsi-podobu","status":"publish","type":"post","link":"https:\/\/www.praha7.cz\/prostor-pred-narodnim-zemedelskym-muzeem-ziskava-privetivejsi-podobu\/","title":{"rendered":"Prostor p\u0159ed NZM z\u00edsk\u00e1v\u00e1 p\u0159\u00edv\u011btiv\u011bj\u0161\u00ed podobu"},"content":{"rendered":"<p>[perex]<\/p>\r\n<p>Nevzhledn\u00e9 soukrom\u00e9 parkovi\u0161t\u011b p\u0159ed N\u00e1rodn\u00edm zem\u011bd\u011blsk\u00fdm muzeem na konci ulice Kosteln\u00ed m\u011blo p\u016fvodn\u011b zmizet s&nbsp;otev\u0159en\u00edm podzemn\u00edch gar\u00e1\u017e\u00ed pod Letenskou pl\u00e1n\u00ed, ale kv\u016fli soudn\u00edm pr\u016ftah\u016fm do\u0161lo k&nbsp;vyklizen\u00ed o&nbsp;v\u00edce ne\u017e p\u011bt let pozd\u011bji. Prostor p\u0159ed N\u00e1rodn\u00edm zem\u011bd\u011blsk\u00fdm muzeem, kter\u00fd je pokra\u010dov\u00e1n\u00edm jedn\u00e9 z&nbsp;nejhez\u010d\u00edch ulic v&nbsp;cel\u00e9m \u0161ir\u0161\u00edm centru Prahy, se tak ve\u0159ejnosti otev\u00edr\u00e1 a\u017e nyn\u00ed. Chodci ji\u017e nebudou muset obch\u00e1zet oplocen\u00e9 parkovi\u0161t\u011b koridorem vymezen\u00fdm tzv. citybloky, n\u00e1letov\u00e9 d\u0159eviny nahrad\u00ed okrasn\u00e1 zelen\u00e1 plocha (rozchodn\u00edk), v&nbsp;kv\u011btn\u00edc\u00edch porostou v\u00edcekmenn\u00e9 d\u0159eviny s&nbsp;podsadbou travin a&nbsp;trvalek a&nbsp;dopln\u011bny jsou lavi\u010dky a&nbsp;odpadkov\u00e9 ko\u0161e. Nov\u011b je zde 47 parkovac\u00edch m\u00edst v&nbsp;z\u00f3n\u011b placen\u00e9ho st\u00e1n\u00ed, kterou mohou vyu\u017e\u00edvat rezidenti a&nbsp;v&nbsp;omezen\u00e9m re\u017eimu i&nbsp;n\u00e1v\u0161t\u011bvn\u00edci. Kapacita parkov\u00e1n\u00ed je koncipov\u00e1na na t\u0159i normov\u00e1 st\u00e1n\u00ed v&nbsp;prostorech mezi kv\u011btn\u00edky.<\/p>\r\n<p>[\/perex]<\/p>\r\n<h3>Zanedban\u00fd architektonick\u00fd skvost Letn\u00e9<\/h3>\r\n<p>Navzdory skute\u010dnosti, \u017ee se jedn\u00e1 o&nbsp;jedno z&nbsp;architektonicky nejhodnotn\u011bj\u0161\u00edch m\u00edst cel\u00e9 Letn\u00e9, prov\u00e1zel prostor p\u0159ed N\u00e1rodn\u00edm zem\u011bd\u011blsk\u00fdm muzeem v&nbsp;posledn\u00edch desetilet\u00edch neblah\u00fd osud: nevratn\u00e1 \u0161koda vznikla roz\u0161\u00ed\u0159en\u00edm priv\u00e1tn\u00ed kliniky Gennet, tedy p\u016fvodn\u00ed budovy jesl\u00ed, kterou v&nbsp;roce 2009 vl\u00e1dnouc\u00ed ODS prodala za pouh\u00fdch 36 mil. korun, a&nbsp;n\u00e1sledn\u011b v&nbsp;roce 2012 povolila zastav\u011bt z\u00e1padn\u00ed vstup do Letensk\u00fdch sad\u016f v&nbsp;ose ulice Kosteln\u00ed, kter\u00e1 vizu\u00e1ln\u011b propojovala Letnou s&nbsp;Pra\u017esk\u00fdm hradem a&nbsp;kudy v&nbsp;minulosti vedla spojnice Hradu s&nbsp;muzejn\u00edm bulv\u00e1rem.<\/p>\r\n<p>Prostor p\u0159ed N\u00e1rodn\u00edm zem\u011bd\u011blsk\u00fdm muzeem je sou\u010d\u00e1st\u00ed pam\u00e1tkov\u00e9 rezervace UNESCO, nach\u00e1z\u00ed se zde v\u00fdduch z&nbsp;Letensk\u00e9ho tunelu s&nbsp;unik\u00e1tn\u00ed mozaikou Zde\u0148ka S\u00fdkory, vedle n\u011bj pak pam\u00e1tkov\u011b chr\u00e1n\u011bn\u00e1 klubovna tenisov\u00e9ho klubu LTC od Bohum\u00edra Koz\u00e1ka, jedna z&nbsp;posledn\u00edch modernistick\u00fdch d\u0159evostaveb v\u016fbec, ze severu prostoru dominuj\u00ed konstruktivistick\u00e9 budovy muze\u00ed od Milana Babu\u0161ky a&nbsp;samoz\u0159ejm\u011b jsou zde hlavn\u00ed vstupy do Letensk\u00fdch sad\u016f. Ka\u017ed\u00fd z&nbsp;t\u011bchto vyjmenovan\u00fdch architektonick\u00fdch, urbanistick\u00fdch \u010di um\u011bleck\u00fdch skvost\u016f si zasluhuje samostatnou kapitolu v&nbsp;u\u010debnic\u00edch.<\/p>\r\n<p>&nbsp;<\/p>\r\n<p><img loading=\"lazy\" src=\"https:\/\/www.praha7.cz\/wp-content\/uploads\/2023\/10\/prostor-pred-NZM-3-1500x844.jpg\" alt=\"\" width=\"640\" height=\"360\" class=\"alignnone size-large wp-image-70983\" srcset=\"https:\/\/www.praha7.cz\/wp-content\/uploads\/2023\/10\/prostor-pred-NZM-3-1500x844.jpg 1500w, https:\/\/www.praha7.cz\/wp-content\/uploads\/2023\/10\/prostor-pred-NZM-3-600x338.jpg 600w, https:\/\/www.praha7.cz\/wp-content\/uploads\/2023\/10\/prostor-pred-NZM-3-768x432.jpg 768w, https:\/\/www.praha7.cz\/wp-content\/uploads\/2023\/10\/prostor-pred-NZM-3-1536x864.jpg 1536w, https:\/\/www.praha7.cz\/wp-content\/uploads\/2023\/10\/prostor-pred-NZM-3-2048x1152.jpg 2048w\" sizes=\"(max-width: 640px) 100vw, 640px\" \/><\/p>\r\n<p>&nbsp;<\/p>\r\n<h3>Koncep\u010dn\u00ed \u0159e\u0161en\u00ed \u201eMuzejn\u00edho distriktu\u201c magistr\u00e1t odkl\u00e1d\u00e1<\/h3>\r\n<p>Praha&nbsp;7 ve spolupr\u00e1ci s&nbsp;magistr\u00e1tem pl\u00e1novala \u0159e\u0161it ztv\u00e1rn\u011bn\u00ed cel\u00e9ho \u00fazem\u00ed kolem muze\u00ed koncep\u010dn\u011b. V&nbsp;lo\u0148sk\u00e9m roce prob\u011bhla participace s&nbsp;ob\u010dany k&nbsp;zad\u00e1n\u00ed \u00faprav a&nbsp;letos m\u011bla b\u00fdt vyps\u00e1na architektonick\u00e1 sout\u011b\u017e. Bohu\u017eel nov\u00e1 magistr\u00e1tn\u00ed koalice odm\u00edtla v&nbsp;rozpo\u010dtu IPRu ponechat p\u0159isl\u00edben\u00e9 prost\u0159edky, tak\u017ee se cel\u00e1 akce odsouv\u00e1 na neur\u010dito.<\/p>\r\n<p>Z tohoto d\u016fvodu jsou nyn\u00ed \u00fapravy provedeny tzv. nestavebn\u011b, tedy jako do\u010dasn\u00e9. Je to efektivn\u00ed zp\u016fsob, jak zm\u011bnu prov\u00e9st esteticky p\u0159ijateln\u011b, p\u0159itom levn\u011b a&nbsp;rychle a&nbsp;zachovat flexibilitu pro budouc\u00ed koncep\u010dn\u00ed \u0159e\u0161en\u00ed vze\u0161l\u00e9 z&nbsp;architektonick\u00e9 sout\u011b\u017ee. I&nbsp;proto bude v&nbsp;pr\u016fb\u011bhu podzimu zele\u0148 vysazena v&nbsp;n\u00e1dob\u00e1ch, aby pro budouc\u00ed architektonick\u00e9 zpracov\u00e1n\u00ed nebyla fixov\u00e1na jej\u00ed poloha, rostliny jsou v\u0161ak pe\u010dliv\u011b vybr\u00e1ny tak, aby se jim v&nbsp;kv\u011btn\u00edc\u00edch da\u0159ilo a&nbsp;prosperovaly. Strom v&nbsp;ulic\u00edch nem\u016f\u017ee b\u00fdt nahrazen stromem v&nbsp;parku, ulice Kosteln\u00ed m\u00e1 stromo\u0159ad\u00ed v&nbsp;cel\u00e9m sv\u00e9m pr\u016fb\u011bhu, a&nbsp;i&nbsp;zde se tedy po\u010d\u00edt\u00e1 s&nbsp;jeho pokra\u010dov\u00e1n\u00edm.<\/p>\r\n<p>&nbsp;<\/p>\r\n<p><img loading=\"lazy\" src=\"https:\/\/www.praha7.cz\/wp-content\/uploads\/2023\/10\/prostor-pred-NZM-2-1500x774.jpg\" alt=\"\" width=\"640\" height=\"330\" class=\"alignnone size-large wp-image-70982\" srcset=\"https:\/\/www.praha7.cz\/wp-content\/uploads\/2023\/10\/prostor-pred-NZM-2-1500x774.jpg 1500w, https:\/\/www.praha7.cz\/wp-content\/uploads\/2023\/10\/prostor-pred-NZM-2-600x309.jpg 600w, https:\/\/www.praha7.cz\/wp-content\/uploads\/2023\/10\/prostor-pred-NZM-2-768x396.jpg 768w, https:\/\/www.praha7.cz\/wp-content\/uploads\/2023\/10\/prostor-pred-NZM-2-1536x792.jpg 1536w, https:\/\/www.praha7.cz\/wp-content\/uploads\/2023\/10\/prostor-pred-NZM-2-2048x1056.jpg 2048w\" sizes=\"(max-width: 640px) 100vw, 640px\" \/><\/p>\r\n<h3>Pohotov\u00e9 n\u00e1hradn\u00ed \u0159e\u0161en\u00ed<\/h3>\r\n<p>St\u00e1vaj\u00edc\u00ed \u00faprava zm\u00edn\u011bn\u00e9ho prostoru m\u00e1 za c\u00edl v&nbsp;principech nav\u00e1zat na vzhled v\u00fdchodn\u00ed \u010d\u00e1sti Kosteln\u00ed, umo\u017enit voln\u00fd pr\u016fchod do parku, zp\u0159\u00edstupnit tenisovou klubovnu LTC, kter\u00e1 se i&nbsp;s&nbsp;kurty do\u010dk\u00e1 rekonstrukce, a&nbsp;z&nbsp;prostoru p\u0159ipom\u00ednaj\u00edc\u00edho odstavn\u00e9 parkovi\u0161t\u011b n\u011bkde na periferii vytvo\u0159it kultivovan\u00e9 p\u0159\u00edjemn\u00e9 prost\u0159ed\u00ed, kde se budou dob\u0159e c\u00edtit jak m\u00edstn\u00ed obyvatel\u00e9, tak n\u00e1v\u0161t\u011bvn\u00edci.<\/p>\r\n<p>Realizaci m\u011bla na starosti Technick\u00e1 spr\u00e1va komunikac\u00ed, podobu zpracoval Odbor dopravy ve spolupr\u00e1ci s&nbsp;Odborem rozvoje a&nbsp;p\u00e9\u010de o&nbsp;ve\u0159ejn\u00fd prostor M\u010c Praha&nbsp;7.<\/p>\r\n<p>&nbsp;<\/p>\r\n<p><em>prostor p\u0159ed NZM \u2013 p\u016fvodn\u00ed stav<\/em><\/p>\r\n<p><img loading=\"lazy\" src=\"https:\/\/www.praha7.cz\/wp-content\/uploads\/2023\/10\/prostor-pred-NZM-puvodni.png\" alt=\"\" width=\"999\" height=\"999\" class=\"alignnone size-full wp-image-70985\" srcset=\"https:\/\/www.praha7.cz\/wp-content\/uploads\/2023\/10\/prostor-pred-NZM-puvodni.png 999w, https:\/\/www.praha7.cz\/wp-content\/uploads\/2023\/10\/prostor-pred-NZM-puvodni-400x400.png 400w, https:\/\/www.praha7.cz\/wp-content\/uploads\/2023\/10\/prostor-pred-NZM-puvodni-200x200.png 200w, https:\/\/www.praha7.cz\/wp-content\/uploads\/2023\/10\/prostor-pred-NZM-puvodni-768x768.png 768w\" sizes=\"(max-width: 999px) 100vw, 999px\" \/><\/p>\r\n<p>&nbsp;<\/p>","protected":false},"excerpt":{"rendered":"[perex] Nevzhledn\u00e9 soukrom\u00e9 parkovi\u0161t\u011b p\u0159ed N\u00e1rodn\u00edm zem\u011bd\u011blsk\u00fdm muzeem na konci ulice Kosteln\u00ed m\u011blo p\u016fvodn\u011b zmizet s&nbsp;otev\u0159en\u00edm podzemn\u00edch gar\u00e1\u017e\u00ed pod Letenskou pl\u00e1n\u00ed, ale kv\u016fli soudn\u00edm pr\u016ftah\u016fm do\u0161lo k&nbsp;vyklizen\u00ed o&nbsp;v\u00edce ne\u017e p\u011bt let pozd\u011bji. Prostor p\u0159ed N\u00e1rodn\u00edm zem\u011bd\u011blsk\u00fdm muzeem, kter\u00fd je pokra\u010dov\u00e1n\u00edm jedn\u00e9 z&nbsp;nejhez\u010d\u00edch ulic v&nbsp;cel\u00e9m \u0161ir\u0161\u00edm centru Prahy, se tak ve\u0159ejnosti otev\u00edr\u00e1 a\u017e nyn\u00ed. Chodci ji\u017e [&hellip;]","protected":false},"author":5,"featured_media":70981,"comment_status":"closed","ping_status":"open","sticky":false,"template":"","format":"standard","meta":[],"categories":[34,74],"tags":[],"_links":{"self":[{"href":"https:\/\/www.praha7.cz\/api\/wp\/v2\/posts\/70980"}],"collection":[{"href":"https:\/\/www.praha7.cz\/api\/wp\/v2\/posts"}],"about":[{"href":"https:\/\/www.praha7.cz\/api\/wp\/v2\/types\/post"}],"author":[{"embeddable":true,"href":"https:\/\/www.praha7.cz\/api\/wp\/v2\/users\/5"}],"replies":[{"embeddable":true,"href":"https:\/\/www.praha7.cz\/api\/wp\/v2\/comments?post=70980"}],"version-history":[{"count":9,"href":"https:\/\/www.praha7.cz\/api\/wp\/v2\/posts\/70980\/revisions"}],"predecessor-version":[{"id":71004,"href":"https:\/\/www.praha7.cz\/api\/wp\/v2\/posts\/70980\/revisions\/71004"}],"wp:featuredmedia":[{"embeddable":true,"href":"https:\/\/www.praha7.cz\/api\/wp\/v2\/media\/70981"}],"wp:attachment":[{"href":"https:\/\/www.praha7.cz\/api\/wp\/v2\/media?parent=70980"}],"wp:term":[{"taxonomy":"category","embeddable":true,"href":"https:\/\/www.praha7.cz\/api\/wp\/v2\/categories?post=70980"},{"taxonomy":"post_tag","embeddable":true,"href":"https:\/\/www.praha7.cz\/api\/wp\/v2\/tags?post=70980"}],"curies":[{"name":"wp","href":"https:\/\/api.w.org\/{rel}","templated":true}]}}