    
{"id":70935,"date":"2023-10-27T10:23:26","date_gmt":"2023-10-27T08:23:26","guid":{"rendered":"https:\/\/www.praha7.cz\/?p=70935"},"modified":"2023-10-27T10:42:08","modified_gmt":"2023-10-27T08:42:08","slug":"prozivat-svet-umenim","status":"publish","type":"post","link":"https:\/\/www.praha7.cz\/prozivat-svet-umenim\/","title":{"rendered":"Pro\u017e\u00edvat sv\u011bt um\u011bn\u00ed(m)"},"content":{"rendered":"<p>[perex]<\/p>\r\n<p>S um\u011bleckou \u0159editelkou Centra sou\u010dasn\u00e9ho um\u011bn\u00ed <a href=\"https:\/\/www.dox.cz\/\" target=\"_blank\" rel=\"noopener\">DOX<\/a>, kter\u00e9 pr\u00e1v\u011b oslavilo 15 let, jsem se setkala p\u0159\u00edmo v&nbsp;p\u016fsobiv\u00e9m labyrintu b\u00fdval\u00e9 industri\u00e1ln\u00ed budovy. Michaela \u0160ilpochov\u00e1 v&nbsp;rozhovoru erudovan\u011b a&nbsp;s&nbsp;nep\u0159edst\u00edran\u00fdm z\u00e1palem osv\u011btluje d\u016fle\u017eitost kreativn\u00edho vzd\u011bl\u00e1v\u00e1n\u00ed, p\u0159ibli\u017euje sv\u011bt sou\u010dasn\u00e9ho um\u011bn\u00ed a&nbsp;vysv\u011btluje, pro\u010d k&nbsp;n\u011bmu neexistuje manu\u00e1l. Po chv\u00edli jsem za\u010dala m\u00edt dojem, jako bychom se bavily o&nbsp;n\u011bjak\u00e9 t\u0159et\u00ed osob\u011b, \u017eivouc\u00edm DOXu, kter\u00fd umo\u017e\u0148uje nahl\u00e9dnout n\u00e1\u0161 sv\u011bt z&nbsp;jin\u00e9 perspektivy\u2026<\/p>\r\n<p>[\/perex]<\/p>\r\n<p><strong>P\u0159ed p\u00e1r dny jsem si DOX pro\u0161la, v\u010detn\u011b va\u0161\u00ed aktu\u00e1ln\u00ed v\u00fdstavy <a href=\"https:\/\/www.dox.cz\/program\/za-slovy\" target=\"_blank\" rel=\"noopener\">Za slovy<\/a>, ale asi p\u0159ijdu je\u0161t\u011b jednou. U\u017e chyst\u00e1te n\u011bjakou dal\u0161\u00ed?<\/strong><br \/>\r\nV\u00a0\u00fanoru budeme otev\u00edrat v\u00fdstavu Franz Kafka a\u00a0sou\u010dasn\u00e9 um\u011bn\u00ed, kter\u00e1 nahrad\u00ed nyn\u011bj\u0161\u00ed hlavn\u00ed expozici <a href=\"https:\/\/www.dox.cz\/program\/infamous-beauty\" target=\"_blank\" rel=\"noopener\">Infamous Beauty<\/a> sv\u011btov\u011b uzn\u00e1van\u00e9ho fotografa Andrese Serrana.<\/p>\r\n<p><strong>Serrano mi dal zabrat.<\/strong><br \/>\r\nSerrano d\u00e1v\u00e1 zabrat u\u017e \u0159adu desetilet\u00ed mnoha lidem. (sm\u00edch)<\/p>\r\n<p><strong>To je, p\u0159edpokl\u00e1d\u00e1m, asi i&nbsp;z\u00e1m\u011br v\u00fdstavy. Ka\u017edop\u00e1dn\u011b v&nbsp;n\u011bkter\u00fdch m\u00edstech jsem m\u011bla opravdu probl\u00e9m, tak\u017ee jsem zna\u010dn\u011b zrychlovala ch\u016fzi.<\/strong><br \/>\r\nAsi tu\u0161\u00edm, v\u00a0kter\u00fdch m\u00edstech. N\u011bkter\u00e9 jeho fotografie jsou nemilosrdn\u011b up\u0159\u00edmn\u00e9.<\/p>\r\n<p><strong>Hned na \u00favod bych se cht\u011bla zeptat: Pro\u010d se DOX jmenuje DOX? Chv\u00edli jsem si nad t\u00edm l\u00e1mala hlavu, pochopila jsem, \u017ee to n\u011bjak souvis\u00ed i&nbsp;s&nbsp;vizu\u00e1ln\u00ed identitou \u2013 \u010dtvere\u010dek, kole\u010dko, k\u0159\u00ed\u017eek. Ale akronym to asi nen\u00ed, \u017ee?<\/strong><br \/>\r\nJe to ze staro\u0159eck\u00e9ho slova doxa, kter\u00e9 m\u011blo v\u00a0pr\u016fb\u011bhu stalet\u00ed mnoho r\u016fzn\u00fdch v\u00fdznam\u016f. Ten, kter\u00fd je pro n\u00e1s nejrelevantn\u011bj\u0161\u00ed, je \u201ezp\u016fsob vn\u00edm\u00e1n\u00ed v\u011bc\u00ed\u201c. V\u00a0n\u00e1zvu se tak zrcadl\u00ed to, co DOX d\u011bl\u00e1, o\u00a0co se sna\u017e\u00ed, jeho filozofie, ale z\u00e1rove\u0148 je to i\u00a0odkaz na to, kde s\u00eddl\u00edme. Kdy\u017e se na Hole\u0161ovice pod\u00edv\u00e1te z\u00a0leteck\u00e9ho pohledu, uvid\u00edte, \u017ee tahle \u010d\u00e1st vypad\u00e1 skoro jako poloostrov obklopen\u00fd \u0159ekou, a\u00a0v\u00a019.&nbsp;stolet\u00ed tady byly doky.<\/p>\r\n<p><strong>Tak to je komplikovan\u011bj\u0161\u00ed, ne\u017e jsem \u010dekala.<\/strong><br \/>\r\nNo ano, m\u00e1 to zkr\u00e1tka dv\u011b roviny. Jedna odkazuje k&nbsp;tomu, co se sna\u017e\u00edme na\u0161imi v\u00fdstavami a&nbsp;programy p\u0159in\u00e1\u0161et \u2013 tedy trochu jin\u00fd zp\u016fsob nahl\u00ed\u017een\u00ed reality, a&nbsp;na druhou stranu se v&nbsp;n\u00e1zvu odr\u00e1\u017e\u00ed i&nbsp;odkaz na historii m\u00edsta, kde se nach\u00e1z\u00edme.<\/p>\r\n<p><strong>D\u00e1 se n\u011bjak\u00fd odkaz naj\u00edt i&nbsp;ve vizu\u00e1ln\u00ed podob\u011b loga?<\/strong><br \/>\r\nZ\u00e1kladn\u00ed tvary loga jsou d\u00edlem grafick\u00e9ho design\u00e9ra Ale\u0161e Najbrta. Logo je podle m\u011b a&nbsp;nejen podle m\u011b, ale i&nbsp;podle \u0159ady lid\u00ed z&nbsp;oboru poda\u0159en\u00e9, skoro bych \u0159ekla mimo\u0159\u00e1dn\u011b poda\u0159en\u00e9: pracuje s&nbsp;\u00fapln\u011b jednoduch\u00fdmi z\u00e1kladn\u00edmi tvary, je dob\u0159e zapamatovateln\u00e9, vizu\u00e1ln\u011b v\u00fdrazn\u00e9. K&nbsp;DOXu u\u017e neodmysliteln\u011b pat\u0159\u00ed.<\/p>\r\n<p><strong>Vy jste se na nov\u00e9 vizu\u00e1ln\u00ed podob\u011b DOXu tak\u00e9 pod\u00edlela?<br \/>\r\n<\/strong>D\u00e1 se to tak \u0159\u00edct. Nikoli na logu DOXu \u2013 to je pot\u0159eba zd\u016fraznit, to vzniklo mnohem d\u0159\u00edv. Ale v&nbsp;roce 2017 jsem se pod\u00edlela na vzniku sou\u010dasn\u00e9 vizu\u00e1ln\u00ed identity DOXu, kter\u00e1 z&nbsp;loga vych\u00e1z\u00ed. Respektuje jeho z\u00e1kladn\u00ed tvary a&nbsp;barevnost a&nbsp;pracuje s&nbsp;kr\u00e1tk\u00fdmi texty, kter\u00e9 se objevuj\u00ed na na\u0161ich plak\u00e1tech, v&nbsp;on-line komunikaci, ale t\u0159eba i&nbsp;v&nbsp;prostor\u00e1ch DOXu. Nap\u0159\u00edklad m\u00edsto toho, abychom v&nbsp;galerii klasickou cedul\u00ed zakazovali dot\u00fdkat se expon\u00e1t\u016f, \u0159\u00edk\u00e1me: \u201eNedot\u00fdkejte se um\u011bn\u00ed, um\u011bn\u00ed se dotkne v\u00e1s.\u201c Nebo kdy\u017e se ocitnete na konci chodby, do\u010dtete se: \u201eAbyste se na\u0161li, mus\u00edte se nejd\u0159\u00edv ztratit.\u201c Tyhle texty a&nbsp;cel\u00e1 vizu\u00e1ln\u00ed identita jsou d\u00edlem nizozemsk\u00e9 agentury <a href=\"https:\/\/www.kesselskramer.com\/\" target=\"_blank\" rel=\"noopener\">Kesselskramer<\/a>, kter\u00e1 ji navrhla na z\u00e1klad\u011b na\u0161eho zad\u00e1n\u00ed. Erik Kessels, spolumajitel agentury, je s\u00e1m vizu\u00e1ln\u00ed um\u011blec, a&nbsp;kdy\u017e u&nbsp;n\u00e1s v&nbsp;roce 2017 vystavoval, DOX ho nadchl. My jsme v\u011bd\u011bli, \u017ee jeho agentura m\u00e1 za sebou \u0159adu \u00fa\u017easn\u011b chytr\u00fdch projekt\u016f, a&nbsp;tehdy jsme se za\u010dali bavit o&nbsp;spolupr\u00e1ci. M\u011bli jsme jasno v&nbsp;tom, \u017ee chceme pracovat s&nbsp;kr\u00e1tk\u00fdmi texty, kter\u00e9 budou odr\u00e1\u017eet posl\u00e1n\u00ed DOXu \u2013 to znamen\u00e1, budou v\u00e1s motivovat, abyste se na chv\u00edli zastavili a&nbsp;pod\u00edvali se na v\u011bci jinak. A&nbsp;stejn\u011b jako sou\u010dasn\u00e9 um\u011bn\u00ed v\u00e1s n\u011bkdy znejist\u00ed, n\u011bkdy p\u0159ekvap\u00ed, n\u011bkdy jen pobav\u00ed. Erik a&nbsp;jeho kolegov\u00e9 to dokonale pochopili a&nbsp;zpracovali. Jejich texty jsou i&nbsp;sou\u010d\u00e1st\u00ed st\u00e1l\u00e9 navigace po budov\u011b DOXu, co\u017e je takov\u00fd kr\u00e1sn\u00fd labyrint. (\u00fasm\u011bv)<br \/>\r\n<br \/>\r\n<\/p>\r\n<p><img loading=\"lazy\" src=\"https:\/\/www.praha7.cz\/wp-content\/uploads\/2023\/10\/IMG_0445-299x400.jpg\" alt=\"\" width=\"299\" height=\"400\" class=\"alignnone size-medium wp-image-70937\" srcset=\"https:\/\/www.praha7.cz\/wp-content\/uploads\/2023\/10\/IMG_0445-299x400.jpg 299w, https:\/\/www.praha7.cz\/wp-content\/uploads\/2023\/10\/IMG_0445-748x1000.jpg 748w, https:\/\/www.praha7.cz\/wp-content\/uploads\/2023\/10\/IMG_0445-768x1026.jpg 768w, https:\/\/www.praha7.cz\/wp-content\/uploads\/2023\/10\/IMG_0445-1149x1536.jpg 1149w, https:\/\/www.praha7.cz\/wp-content\/uploads\/2023\/10\/IMG_0445.jpg 1264w\" sizes=\"(max-width: 299px) 100vw, 299px\" \/><\/p>\r\n<p><strong><br \/>\r\nAno, povedlo se, taky jsem se n\u011bkolikr\u00e1t ztratila.<\/strong><br \/>\r\nLid\u00e9 tu \u010dasto trochu bloud\u00ed, ale to je kouzlo cht\u011bn\u00e9ho. Ta zt\u00ed\u017een\u00e1 navigace, bloud\u011bn\u00ed, objevov\u00e1n\u00ed a&nbsp;nach\u00e1zen\u00ed, to bylo, pokud v\u00edm, tak trochu sou\u010d\u00e1st\u00ed architektonick\u00e9ho z\u00e1m\u011bru, proto\u017ee to do ur\u010dit\u00e9 m\u00edry vystihuje i&nbsp;zp\u016fsob uva\u017eov\u00e1n\u00ed o&nbsp;sou\u010dasn\u00e9m um\u011bn\u00ed. Ani k&nbsp;n\u011bmu neexistuje \u017e\u00e1dn\u00fd manu\u00e1l, kter\u00fd by v\u00e1m usnadnil orientaci. \u010casto sly\u0161\u00edm lidi \u0159\u00edkat, \u017ee sou\u010dasn\u00e9mu um\u011bn\u00ed nerozum\u011bj\u00ed. Maj\u00ed pocit, \u017ee n\u011bkde existuje n\u011bjak\u00fd konkr\u00e9tn\u00ed kl\u00ed\u010d k&nbsp;tomu, jak um\u011bn\u00ed rozum\u011bt, jak ho interpretovat, a&nbsp;\u017ee kdy\u017e ten kl\u00ed\u010d nemaj\u00ed, z\u016fstanou jim tyhle dve\u0159e prost\u011b zav\u0159en\u00e9. A&nbsp;my se sna\u017e\u00edme \u0159\u00edct, \u017ee t\u011bch kl\u00ed\u010d\u016f a&nbsp;dve\u0159\u00ed je nekone\u010dn\u011b mnoho a&nbsp;\u017ee vy jako div\u00e1k jste ty dve\u0159e a&nbsp;\u017ee vy jste ten kl\u00ed\u010d. \u017de um\u011bn\u00ed nemus\u00edte ch\u00e1pat, a&nbsp;p\u0159esto v\u00e1s m\u016f\u017ee naprosto ne\u010dekan\u011b zas\u00e1hnout.<\/p>\r\n<p><strong>Vy jste u\u017e sama nakousla mou dal\u0161\u00ed ot\u00e1zku ohledn\u011b sou\u010dasn\u00e9ho um\u011bn\u00ed. Co m\u00e1 v&nbsp;lidech probouzet? Pro\u010d vlastn\u011b nen\u00ed nutn\u00e9 mu tak \u00fapln\u011b rozum\u011bt? Co je t\u00edm hlavn\u00edm z\u00e1m\u011brem, s&nbsp;n\u00edm\u017e by m\u011bl n\u00e1v\u0161t\u011bvn\u00edk v&nbsp;ide\u00e1ln\u00edm p\u0159\u00edpad\u011b odch\u00e1zet?<\/strong><br \/>\r\n\u0158ekla bych, \u017ee role takov\u00e9 instituce, jako je DOX, se samoz\u0159ejm\u011b prom\u011b\u0148uje v&nbsp;\u010dase, s&nbsp;t\u00edm, jak se m\u011bn\u00ed i&nbsp;sv\u011bt kolem n\u00e1s. DOX se otev\u0159el v&nbsp;roce 2008, v&nbsp;t\u00e9 dob\u011b byl prvn\u00ed velkou soukromou galeri\u00ed sou\u010dasn\u00e9ho um\u011bn\u00ed, kter\u00e1 vznikla d\u00edky iniciativ\u011b Leo\u0161e V\u00e1lky a&nbsp;financov\u00e1n\u00edm ze soukrom\u00fdch zdroj\u016f. Z&nbsp;dne\u0161n\u00edho pohledu by se dalo \u0159\u00edct, \u017ee DOX za\u010d\u00ednal jako klasick\u00e1 kunsthalle \u2013 m\u00e1m na mysli kunsthalle s&nbsp;mal\u00fdm k, co\u017e je typologicky prost\u011b instituce, kter\u00e1 vystavuje sou\u010dasn\u00e9 vizu\u00e1ln\u00ed um\u011bn\u00ed a&nbsp;nem\u00e1 st\u00e1lou sb\u00edrku. \u0158\u00edk\u00e1m klasick\u00e1, proto\u017ee v&nbsp;posledn\u00edch dvaceti nebo t\u0159iceti letech bylo trendem zakl\u00e1dat takov\u00e9 instituce a&nbsp;t\u00e9m\u011b\u0159 ka\u017ed\u00e9 velk\u00e9 evropsk\u00e9 m\u011bsto dnes m\u00e1 svou galerii sou\u010dasn\u00e9ho um\u011bn\u00ed.<\/p>\r\n<p>Co\u017e je dob\u0159e. I&nbsp;kdy\u017e nutno \u0159\u00edct, \u017ee zdaleka ne ka\u017ed\u00e1 takov\u00e1 instituce m\u00e1 jasn\u011b formulovanou pozici, tedy n\u011bjak\u00fd z\u00e1m\u011br, se kter\u00fdm do ve\u0159ejn\u00e9ho prostoru vstupuje, n\u011bjak\u00e9 zd\u016fvodn\u011bn\u00ed, pro\u010d vlastn\u011b d\u011bl\u00e1 to, co d\u011bl\u00e1. Tedy krom\u011b obecn\u00fdch fr\u00e1z\u00ed o&nbsp;d\u016fle\u017eitosti kultury. To m\u011b nep\u0159est\u00e1v\u00e1 p\u0159ekvapovat. DOX m\u011bl u\u017e od po\u010d\u00e1tku jasnou ambici p\u0159edstavovat sou\u010dasn\u00e9 um\u011bn\u00ed v&nbsp;\u0161ir\u0161\u00edch souvislostech a&nbsp;v&nbsp;kontextu aktu\u00e1ln\u00edch t\u00e9mat.<\/p>\r\n<p><strong>Jak\u00fd kontext DOX zrcadl\u00ed dnes?<\/strong><br \/>\r\nPostupem \u010dasu se p\u016fvodn\u00ed pozice DOXu za\u010dala v\u00edc a&nbsp;v\u00edc prohlubovat a&nbsp;za\u010dali jsme hodn\u011b pracovat s&nbsp;t\u00e9matem vzd\u011bl\u00e1v\u00e1n\u00ed, co\u017e je dnes velmi podstatn\u00e1 \u010d\u00e1st toho, co DOX d\u011bl\u00e1 \u2013 pr\u00e1ce se \u0161kolami a&nbsp;studenty. Jsme toti\u017e p\u0159esv\u011bd\u010deni o&nbsp;tom, \u017ee role instituce s&nbsp;takov\u00fdm dosahem, jako m\u00e1 DOX, spo\u010d\u00edv\u00e1 p\u0159edev\u0161\u00edm v&nbsp;tom, \u017ee vytv\u00e1\u0159\u00edte ur\u010dit\u00e9 prost\u0159ed\u00ed a&nbsp;p\u0159\u00edle\u017eitost \u2013 prost\u0159ed\u00ed, kde d\u00edky um\u011bn\u00ed m\u016f\u017ee kdokoli za\u017e\u00edt n\u011bco, co nem\u00e1 \u0161anci za\u017e\u00edt v&nbsp;jin\u00e9m typu instituce, a&nbsp;p\u0159\u00edle\u017eitost pro ur\u010dit\u00fd druh pozn\u00e1n\u00ed nebo sebevzd\u011bl\u00e1v\u00e1n\u00ed. Zejm\u00e9na v&nbsp;dne\u0161n\u00ed dob\u011b, kdy tr\u00e1v\u00edme tolik \u010dasu na tzv. chytr\u00fdch za\u0159\u00edzen\u00edch na monitorech a&nbsp;v&nbsp;on-line aktivit\u00e1ch, je podstatn\u00e9 i&nbsp;to, \u017ee jde o&nbsp;z\u00e1\u017eitek a&nbsp;zku\u0161enost nevirtu\u00e1ln\u00ed, kter\u00e1 vy\u017eaduje va\u0161i fyzickou p\u0159\u00edtomnost, v\u00e1\u0161 \u010das, va\u0161i pozornost. D\u016fle\u017eit\u00e9 je, \u017ee se nejdete jenom na n\u011bco pasivn\u011b d\u00edvat. Jdete se v&nbsp;ide\u00e1ln\u00edm p\u0159\u00edpad\u011b n\u011bco dozv\u011bd\u011bt. T\u0159eba i&nbsp;sami o&nbsp;sob\u011b. Zjistit n\u011bco, nad \u010d\u00edm jste mo\u017en\u00e1 nem\u011bla \u010das nebo p\u0159\u00edle\u017eitost p\u0159em\u00fd\u0161let. A&nbsp;my se sna\u017e\u00edme takovou p\u0159\u00edle\u017eitost vytvo\u0159it. P\u0159edstavujeme um\u011bn\u00ed, kter\u00e9 v\u00e1s dok\u00e1\u017ee jemn\u011b vyhodit z&nbsp;ka\u017edodennosti.<\/p>\r\n<p><strong>Mo\u017en\u00e1 i\u00a0syrov\u011bj\u0161\u00ed um\u011bn\u00ed?<\/strong><br \/>\r\nOt\u00e1zka je, co si p\u0159edstavujeme pod pojmem syrov\u011bj\u0161\u00ed. Syrovost je kvalita, kter\u00e1 je v&nbsp;sou\u010dasn\u00e9m um\u011bn\u00ed dost cen\u011bn\u00e1. Co n\u00e1s ale nezaj\u00edm\u00e1, je um\u011bn\u00ed, kter\u00e9 prvopl\u00e1nov\u011b provokuje. I&nbsp;takov\u00fdch v\u011bc\u00ed je ve sv\u011bt\u011b sou\u010dasn\u00e9ho um\u011bn\u00ed dost.<\/p>\r\n<p><strong>V\u011bc\u00ed, kter\u00e9 cht\u011bj\u00ed pouze \u0161okovat\u2026<\/strong><br \/>\r\nP\u0159esn\u011b tak.<\/p>\r\n<p><strong>Tento typ um\u011bn\u00ed se tedy m\u00e1 \u010dlov\u011bka n\u011bjak\u00fdm zp\u016fsobem dotknout. M\u016f\u017ee ho ale zaujmout i&nbsp;z&nbsp;negativn\u00edho \u00fahlu pohledu, tedy jako ur\u010dit\u00e1 kr\u00e1sa o\u0161klivosti, t\u0159eba jako v\u00a0p\u0159\u00edpad\u011b Serrana.<\/strong><br \/>\r\nAno, ur\u010dit\u011b, samoz\u0159ejm\u011b. Um\u011bn\u00ed nen\u00ed\u00a0a\u00a0nem\u00e1 b\u00fdt jen kr\u00e1sn\u00e9. (\u00fasm\u011bv)<\/p>\r\n<p><strong>Dalo by se \u0159\u00edct, \u017ee jedn\u00edm ze z\u00e1m\u011br\u016f sou\u010dasn\u00e9ho um\u011bn\u00ed je pr\u00e1v\u011b snaha hledat kr\u00e1su toho nehezk\u00e9ho?<br \/>\r\n<\/strong>Ur\u010dit\u011b se to ned\u00e1 \u0159\u00edct o&nbsp;sou\u010dasn\u00e9m um\u011bn\u00ed v\u0161eobecn\u011b. Ale d\u00e1 se tak uva\u017eovat o&nbsp;tvorb\u011b konkr\u00e9tn\u00edch um\u011blc\u016f nebo um\u011blky\u0148. Term\u00edn kr\u00e1sa z&nbsp;um\u011bn\u00ed b\u011bhem 20.&nbsp;stolet\u00ed skoro vymizel a&nbsp;postupn\u011b se stal t\u00e9m\u011b\u0159 a\u017e tabuizovan\u00fdm pojmem. N\u011bkte\u0159\u00ed tv\u016frci se k&nbsp;n\u011bmu za\u010dali postupn\u011b vracet a&nbsp;Andres Serrano je jedn\u00edm z&nbsp;nich. On kr\u00e1su spat\u0159uje nebo hled\u00e1 i&nbsp;v&nbsp;tom, co jin\u00ed lid\u00e9 pova\u017euj\u00ed za o\u0161kliv\u00e9. To je velmi subjektivn\u00ed. A&nbsp;i&nbsp;kdy\u017e zachycuje ve fotografi\u00edch n\u011bco, co nen\u00ed konven\u010dn\u011b kr\u00e1sn\u00e9, a&nbsp;n\u00e1m\u011bt je \u010dasto i&nbsp;velmi drsn\u00fd, fin\u00e1ln\u00ed v\u00fdraz jeho fotky je v\u017edycky velmi estetick\u00fd d\u00edky tomu, jak pracuje s&nbsp;barvou, sv\u011btlem, kompozic\u00ed. A&nbsp;pr\u00e1v\u011b v&nbsp;tom nap\u011bt\u00ed mezi obsahem a&nbsp;formou je s\u00edla Serranov\u00fdch fotografi\u00ed. Ale \u0159\u00edct, \u017ee se sou\u010dasn\u00e9 um\u011bn\u00ed sna\u017e\u00ed o&nbsp;to, aby i&nbsp;to o\u0161kliv\u00e9 zobrazilo jako kr\u00e1sn\u00e9, to nelze.<\/p>\r\n<p><strong>Dnes se s&nbsp;oblibou velmi \u010dasto pou\u017e\u00edv\u00e1 pojem \u201evystupovat z&nbsp;komfortn\u00ed z\u00f3ny\u201c. Ten asi soudob\u00e9 um\u011bn\u00ed vystihuje dob\u0159e, je to tak?<br \/>\r\n<\/strong>Rozhodn\u011b. A&nbsp;i&nbsp;kdy\u017e se to ned\u00e1 \u0159\u00edct obecn\u011b o&nbsp;ve\u0161ker\u00e9m sou\u010dasn\u00e9m um\u011bn\u00ed, p\u0159esn\u011b takov\u00fd typ um\u011bn\u00ed m\u00e1 \u010dasto prostor tady v&nbsp;DOXu. Ale jak jste spr\u00e1vn\u011b \u0159ekla, ten term\u00edn komfortn\u00ed z\u00f3na je dnes modern\u00ed\u2026<\/p>\r\n<p><strong>\u2026 a\u00a0n\u011bkdy se mo\u017en\u00e1 pou\u017e\u00edv\u00e1 a\u017e moc.<\/strong><br \/>\r\nAno, ale jde o\u00a0to, \u017ee onu komfortn\u00ed z\u00f3nu m\u00e1 ka\u017ed\u00fd nastavenou \u00fapln\u011b jinak. Ned\u00e1 se \u0159\u00edct \u201ekomfortn\u00ed z\u00f3na\u201c a\u00a0p\u0159edstavovat si n\u011bjakou univerz\u00e1ln\u00ed kategorii. Kdy\u017e p\u0159ijdete do galerie, tak to, co v\u00e1m bude p\u0159ipadat \u0161okuj\u00edc\u00ed, bude pro jin\u00e9 ment\u00e1ln\u011b osv\u011b\u017euj\u00edc\u00ed, a\u00a0naopak to, co v\u00e1m bude p\u0159ipadat zaj\u00edmav\u00e9, bude pro jin\u00e9 lidi\u2026<\/p>\r\n<p><strong>Nuda.<\/strong><br \/>\r\nAno, t\u0159eba nudn\u00e9. Nebo ne. To je taky to, co d\u011bl\u00e1 ter\u00e9n sou\u010dasn\u00e9ho um\u011bn\u00ed zaj\u00edmav\u00fdm \u2013 hodn\u011b z\u00e1le\u017e\u00ed na tom, s&nbsp;jakou \u201ev\u00fdbavou\u201c do galerie p\u0159ich\u00e1z\u00edte, v&nbsp;jak\u00e9 kultu\u0159e jste vyrostla, jestli jste zvykl\u00e1 b\u00fdt v&nbsp;kontaktu s&nbsp;um\u011bn\u00edm, jestli \u010dtete a&nbsp;co, jak jste otev\u0159en\u00e1 nov\u00fdm v\u011bcem\u2026 V\u00fdhodou sou\u010dasn\u00e9ho um\u011bn\u00ed je, \u017ee je jeho jazyk pom\u011brn\u011b univerz\u00e1ln\u00ed \u2013 tedy a\u0165 p\u0159ijdete s&nbsp;jakoukoliv v\u00fdbavou, um\u011bn\u00ed k&nbsp;v\u00e1m m\u016f\u017ee \u201epromluvit\u201c, tedy pokud ho nech\u00e1te. N\u011bco na v\u00e1s ud\u011bl\u00e1 dojem, zas\u00e1hne v\u00e1s to, o&nbsp;n\u011b\u010dem si budete myslet, \u017ee je to p\u0159\u00ed\u0161ern\u00e9 \u2013 ale pak byste m\u011bla p\u0159em\u00fd\u0161let o&nbsp;tom, pro\u010d v\u00e1m to p\u0159ipad\u00e1 p\u0159\u00ed\u0161ern\u00e9, a&nbsp;u\u017e to v\u00e1s vlastn\u011b nut\u00ed k&nbsp;n\u011bjak\u00e9 interakci, ke kritick\u00e9mu uva\u017eov\u00e1n\u00ed.<\/p>\r\n<p><strong>DOX je nyn\u00ed ji\u017e proslul\u00fd t\u00edm, \u017ee pracuje s&nbsp;prol\u00edn\u00e1n\u00edm r\u016fzn\u00fdch linek \u2013 literatura, um\u011bn\u00ed, performance, architektura, vzd\u011bl\u00e1v\u00e1n\u00ed. To je pom\u011brn\u011b \u0161irok\u00fd z\u00e1b\u011br. A&nbsp;vy osobn\u011b se zam\u011b\u0159ujete p\u0159edev\u0161\u00edm na prol\u00edn\u00e1n\u00ed um\u011bn\u00ed a&nbsp;literatury. Co je za v\u00e1s poselstv\u00edm a&nbsp;z\u00e1m\u011brem prot\u00edn\u00e1n\u00ed pr\u00e1v\u011b t\u011bchto dvou oblast\u00ed \u2013 v\u00fdtvarn\u00e9ho um\u011bn\u00ed a\u00a0literatury?<br \/>\r\n<\/strong>Jak se b\u011bhem let DOX rozr\u016fstal \u2013 v&nbsp;roce 2016 o&nbsp;<a href=\"https:\/\/www.dox.cz\/vzducholod-gulliver\" target=\"_blank\" rel=\"noopener\">Vzducholo\u010f Gulliver<\/a> a&nbsp;v&nbsp;roce 2018 o&nbsp;<a href=\"https:\/\/www.dox.cz\/multifunkcni-sal-dox\" target=\"_blank\" rel=\"noopener\">multifunk\u010dn\u00ed s\u00e1l DOX+<\/a> \u2013 roz\u0161\u00ed\u0159ili jsme na\u0161i dramaturgii o&nbsp;literaturu, soudobou hudbu a&nbsp;fyzick\u00e9 divadlo. Pro n\u00e1s je prol\u00edn\u00e1n\u00ed \u017e\u00e1nr\u016f p\u0159irozenou cestou. V&nbsp;roce 2016 jsme s&nbsp;Leo\u0161em V\u00e1lkou kur\u00e1torsky p\u0159ipravili v\u00fdstavu Skv\u011bl\u00fd nov\u00fd sv\u011bt (Brave New World) a&nbsp;to byl za\u010d\u00e1tek posunu k&nbsp;multi\u017e\u00e1nrov\u00e9 dramaturgii. V\u00fdstava byla inspirovan\u00e1 knihami t\u0159\u00ed spisovatel\u016f, Aldouse Huxleyho, Raye Bradburyho a&nbsp;George Orwella, a&nbsp;kladla si ot\u00e1zku, do jak\u00e9 m\u00edry se naplnily jejich temn\u00e9 p\u0159edpov\u011bdi budoucnosti, dystopie, kter\u00e9 popsali ve sv\u00fdch knih\u00e1ch, jak dalece je na\u0161e dne\u0161n\u00ed sou\u010dasnost, na\u0161e dne\u0161n\u00ed realita naplnila, nebo dokonce p\u0159ed\u010dila. A&nbsp;prost\u0159ednictv\u00edm d\u011bl asi 45 um\u011blc\u016f z&nbsp;cel\u00e9ho sv\u011bta jsme zkou\u0161eli na tyhle ot\u00e1zky hledat odpov\u011bdi. V&nbsp;t\u00e9 dob\u011b jsme tak\u00e9 za\u010dali spolupracovat se souborem Farma v&nbsp;jeskyni Viliama Do\u010dolomansk\u00e9ho, co\u017e je dnes n\u00e1\u0161 reziden\u010dn\u00ed soubor. Pracuje \u010dasto s&nbsp;tabu t\u00e9maty, kter\u00e1 nejsou pro ve\u0159ejnost \u00fapln\u011b pohodln\u00e1 nebo se o&nbsp;nich mluv\u00ed m\u00e1lo.<\/p>\r\n<p>Pr\u00e1v\u011b projekt Skv\u011bl\u00fd nov\u00fd sv\u011bt n\u00e1m uk\u00e1zal n\u011bkolik podstatn\u00fdch parametr\u016f dramaturgie zalo\u017een\u00e9 na prol\u00edn\u00e1n\u00ed r\u016fzn\u00fdch um\u011bleck\u00fdch \u017e\u00e1nr\u016f. U&nbsp;n\u011bkter\u00fdch projekt\u016f se od po\u010d\u00e1tku bav\u00edme o&nbsp;tom, jak t\u00e9ma, kter\u00e9 n\u00e1s zaj\u00edm\u00e1, zpracovat prost\u0159ednictv\u00edm v\u00fdstavy a&nbsp;z\u00e1rove\u0148 jak ho uchopit t\u0159eba v&nbsp;liter\u00e1rn\u00edm nebo divadeln\u00edm kontextu. Pokud ke stejn\u00e9mu t\u00e9matu vznikne nap\u0159\u00edklad v\u00fdstava a&nbsp;p\u0159edstaven\u00ed, m\u016f\u017eete pak na maximum vyu\u017e\u00edt jejich odli\u0161n\u00e9ho um\u011bleck\u00e9ho jazyka, s\u00edly dan\u00e9ho m\u00e9dia a&nbsp;jin\u00e9ho typu z\u00e1\u017eitku, kter\u00fd div\u00e1kovi nab\u00edz\u00ed.<\/p>\r\n<p>S t\u00edm souvis\u00ed i&nbsp;specifick\u00fd zp\u016fsob pr\u00e1ce s&nbsp;publikem. Tady v&nbsp;\u010cR jsou publika jednotliv\u00fdch \u017e\u00e1nr\u016f pom\u011brn\u011b separovan\u00e1. Nap\u0159\u00edklad ned\u00e1 se \u0159\u00edct, \u017ee by liter\u00e1ti chodili masov\u011b na v\u00fdstavy, divadeln\u00ed prost\u0159ed\u00ed je tak\u00e9 sv\u00fdm zp\u016fsobem sv\u011bt s\u00e1m pro sebe a&nbsp;m\u00e1 sv\u00e9 vlastn\u00ed publikum, to sam\u00e9 lze \u0159\u00edct o&nbsp;v\u00fdtvarn\u00e9m um\u011bn\u00ed a&nbsp;jeho p\u0159\u00edznivc\u00edch. A&nbsp;pokud m\u00e1te dramaturgii zalo\u017eenou na koncep\u010dn\u00edm mezioborov\u00e9m p\u0159\u00edstupu, vytv\u00e1\u0159\u00edte p\u0159\u00edle\u017eitost, aby tyhle skupiny lid\u00ed nav\u0161t\u011bvovaly i&nbsp;jin\u00e9 \u017e\u00e1nry a&nbsp;setk\u00e1valy se. Za t\u011bch 15 let od roku 2008, kdy se DOX otev\u0159el jako galerie, jsme ud\u011blali velk\u00fd posun. Dnes jsme \u2013 stejn\u011b jako \u0159ada progresivn\u00edch instituc\u00ed v&nbsp;zahrani\u010d\u00ed \u2013 skute\u010dn\u011b sp\u00ed\u0161 centrum sou\u010dasn\u00e9ho um\u011bn\u00ed, v&nbsp;n\u011bm\u017e se setk\u00e1vaj\u00ed r\u016fzn\u00e9 um\u011bleck\u00e9 formy. By\u0165 jsou v\u00fdstavn\u00ed projekty st\u00e1le j\u00e1drem toho, co d\u011bl\u00e1me, u\u017e nejde mluvit jen o&nbsp;galerii nebo v\u00fdstavn\u00ed instituci.<\/p>\r\n<p><strong>Kdy\u017e \u0159\u00edk\u00e1te instituce v&nbsp;zahrani\u010d\u00ed, m\u00e1te na mysli n\u011bjakou konkr\u00e9tn\u00ed zemi?<br \/>\r\n<\/strong>Nem\u016f\u017eu mluvit o&nbsp;Asii, ale Evropu i&nbsp;Spojen\u00e9 st\u00e1ty m\u00e1m v&nbsp;tomto ohledu docela dob\u0159e zmapovan\u00e9. Je rozhodn\u011b zaj\u00edmav\u00e9 sledovat, kam se instituce na\u0161eho typu ub\u00edraj\u00ed. Ve sv\u011bt\u011b jich ale nen\u00ed mnoho, kter\u00e9 by m\u011bly podobn\u00fd status jako DOX. My jsme nejv\u011bt\u0161\u00ed soukrom\u00e1, a&nbsp;p\u0159esto neziskov\u00e1 kulturn\u00ed instituce v&nbsp;\u010cR a&nbsp;status soukrom\u00e9 a&nbsp;z\u00e1rove\u0148 neziskov\u00e9 instituce ve sv\u011bt\u011b v&nbsp;podstat\u011b moc neexistuje. Bu\u010f je instituce soukrom\u00e1 a&nbsp;pak je v\u011bt\u0161inou komer\u010dn\u00ed, tedy zastupuje um\u011blce a&nbsp;um\u011bn\u00ed prod\u00e1v\u00e1 a&nbsp;t\u00edm se vlastn\u011b \u201e\u017eiv\u00ed\u201c, nebo je neziskov\u00e1, co\u017e jsou obvykle instituce podporovan\u00e9 st\u00e1tem \u010di m\u011bstem, tedy instituce financovan\u00e9 p\u0159ev\u00e1\u017en\u011b z&nbsp;ve\u0159ejn\u00fdch zdroj\u016f. My jsme v&nbsp;tomto ohledu takov\u00fd zvl\u00e1\u0161tn\u00ed hybrid. Lid\u00e9, ani ti z&nbsp;oboru, \u010dasto nech\u00e1pou, jak je vlastn\u011b mo\u017en\u00e9 takovou instituci v&nbsp;\u010cesku provozovat.<\/p>\r\n<p><strong>Kr\u00e1sn\u00e1 uk\u00e1zka filantropie.<\/strong><br \/>\r\nAno, to je skute\u010dn\u00e1 filantropie lid\u00ed, kte\u0159\u00ed za DOXem u\u017e roky stoj\u00ed a&nbsp;podporuj\u00ed na\u0161i \u010dinnost. Jen za lo\u0148sk\u00fd rok jsme uspo\u0159\u00e1dali p\u0159es 600 vzd\u011bl\u00e1vac\u00edch program\u016f v&nbsp;r\u00e1mci toho, \u010demu se dnes \u0159\u00edk\u00e1 kreativn\u00ed vzd\u011bl\u00e1v\u00e1n\u00ed. To je podle m\u011b skute\u010dn\u011b z\u00e1sadn\u00ed, zejm\u00e9na v&nbsp;dob\u011b, kdy \u0161kolstv\u00ed ur\u010dit\u00fdm zp\u016fsobem zaost\u00e1v\u00e1 za rychl\u00fdm v\u00fdvojem dne\u0161n\u00ed doby. V&nbsp;mnoha ohledech. Volno\u010dasov\u00e9 a&nbsp;kreativn\u00ed vzd\u011bl\u00e1v\u00e1n\u00ed je opravdu d\u016fle\u017eit\u00e9, proto\u017ee dok\u00e1\u017ee suplovat to, co v&nbsp;ofici\u00e1ln\u00edm kurikulu nen\u00ed zastoupeno v\u016fbec \u010di nedostate\u010dn\u011b \u2013 kritick\u00e9 my\u0161len\u00ed, uva\u017eov\u00e1n\u00ed v&nbsp;souvislostech, kreativn\u00ed my\u0161len\u00ed, ale t\u0159eba i&nbsp;ob\u010dansk\u00e1 anga\u017eovanost. Tak\u017ee pr\u00e1ce se \u0161kolami a&nbsp;\u201eosv\u00edcen\u00fdmi\u201c u\u010diteli, kter\u00e9 se v\u011bnujeme u\u017e v\u00edc ne\u017e 10 let a&nbsp;m\u00e1me s\u00ed\u0165 spolupracuj\u00edc\u00edch \u0161kol po cel\u00e9 republice, to je d\u016fle\u017eit\u00e1 sou\u010d\u00e1st toho, co d\u011bl\u00e1me. A&nbsp;d\u00e1v\u00e1 to smysl i&nbsp;majitel\u016fm a&nbsp;lidem, kte\u0159\u00ed za DOXem stoj\u00ed.<\/p>\r\n<p><strong>DOX podporuj\u00ed t\u0159i akcion\u00e1\u0159i? M\u011b hned napad\u00e1 V\u00e1clav Dej\u010dmar, dal\u0161\u00ed si te\u010f nevybav\u00edm\u2026<\/strong><br \/>\r\nMajitel\u00e9 DOXu jsou \u010dty\u0159i. Vedle V\u00e1clava Dej\u010dmara je to Libor Winkler z&nbsp;RSJ Investments a&nbsp;Eduard Ku\u010dera, spoluzakladatel firmy AVAST Software. Minoritn\u00ed pod\u00edl m\u00e1 Leo\u0161 V\u00e1lka, kter\u00fd DOX zalo\u017eil. V\u0161e, co DOX vyd\u011bl\u00e1, se z&nbsp;povahy na\u0161eho neziskov\u00e9ho statusu mus\u00ed vlo\u017eit zp\u00e1tky do programu. Takov\u00fd typ instituce, jako je DOX, je obvykle v&nbsp;\u010derven\u00fdch \u010d\u00edslech a&nbsp;nikdy na sebe sama nevyd\u011bl\u00e1. Mus\u00edme se tedy hodn\u011b sna\u017eit a&nbsp;i&nbsp;p\u0159es podporu akcion\u00e1\u0159\u016f si velkou \u010d\u00e1st prost\u0159edk\u016f na na\u0161i \u010dinnost mus\u00edme sehnat sami. To je pro \u0159adu lid\u00ed v\u017edycky p\u0159ekvapen\u00ed. (\u00fasm\u011bv) Podpora z&nbsp;ve\u0159ejn\u00fdch zdroj\u016f, kterou m\u00e1me, je po\u0159\u00e1d hodn\u011b omezen\u00e1.<\/p>\r\n<p><strong>Podpora ze st\u00e1tn\u00edch zdroj\u016f se vztahuje asi hlavn\u011b na oblast vzd\u011bl\u00e1v\u00e1n\u00ed, nebo je to jinak?<\/strong><br \/>\r\nMy dost\u00e1v\u00e1me v\u00edcelet\u00fd grant od Magistr\u00e1tu hlavn\u00edho m\u011bsta Prahy. Toho si v\u00e1\u017e\u00edme, je pro n\u00e1s hodn\u011b d\u016fle\u017eit\u00fd. Jsme r\u00e1di, \u017ee po letech sna\u017een\u00ed kone\u010dn\u011b do\u0161lo p\u0159ed p\u00e1r lety k&nbsp;pochopen\u00ed, \u017ee DOX m\u011bstu skute\u010dn\u011b n\u011bco p\u0159in\u00e1\u0161\u00ed. Tento grant je ve v\u00fd\u0161i zhruba 18&nbsp;% na\u0161eho ro\u010dn\u00edho rozpo\u010dtu. Z&nbsp;ministerstva kultury dost\u00e1v\u00e1me grant na celoro\u010dn\u00ed \u010dinnost ve v\u00fd\u0161i 2&nbsp;% na\u0161eho rozpo\u010dtu. Po 15 letech na\u0161eho fungov\u00e1n\u00ed jsme po\u0159\u00e1d v&nbsp;t\u011bchto groteskn\u00edch proporc\u00edch. Ani dosah na\u0161ich vzd\u011bl\u00e1vac\u00edch aktivit na tom nic nem\u011bn\u00ed. To je podle m\u011b naprosto neadekv\u00e1tn\u00ed a&nbsp;v&nbsp;podstat\u011b ostudn\u00e9.<\/p>\r\n<p><strong>Souhlas\u00edm, nicm\u00e9n\u011b p\u0159ejd\u011bme k\u00a0n\u011b\u010demu veselej\u0161\u00edmu. Vy jste pod sv\u00e1 k\u0159\u00eddla vzala \u0159adu program\u016f (liter\u00e1rn\u00ed) Vzducholodi Gulliver. Mohla byste ji \u010dten\u00e1\u0159\u016fm trochu p\u0159ibl\u00ed\u017eit?<\/strong><br \/>\r\nVzducholo\u010f Gulliver p\u0159ist\u00e1la na DOXu v&nbsp;roce 2016 jako n\u00e1pad Leo\u0161e V\u00e1lky. Na tomto m\u00edst\u011b je asi pot\u0159eba \u0159\u00edct, \u017ee v\u016fbec cel\u00fd jeho p\u0159\u00edb\u011bh, kdy v&nbsp;roce 2002 koupil starou hole\u0161ovickou tov\u00e1rnu a&nbsp;rozhodl se ze dne na den ustoupit ze sv\u00e9ho p\u016fvodn\u00edho pl\u00e1nu p\u0159estav\u011bt ji na loftov\u00e9 byty, je dost fascinuj\u00edc\u00ed. Rozhodl se, \u017ee z&nbsp;m\u00edsta ud\u011bl\u00e1 centrum sou\u010dasn\u00e9ho um\u011bn\u00ed, a&nbsp;vlo\u017eil tehdy jako\u017eto podnikatel ve\u0161ker\u00e9 sv\u00e9 prost\u0159edky do vzniku tohoto prostoru \u2013 pr\u00e1v\u011b d\u00edky n\u011bmu a&nbsp;d\u00edky dal\u0161\u00edm partner\u016fm, kte\u0159\u00ed se n\u00e1sledn\u011b p\u0159idali, DOX v\u016fbec vznikl.<\/p>\r\n<p><strong>Tak\u017ee DOX vznikl jako d\u00edlo bezprost\u0159edn\u00edho vnuknut\u00ed? To se mi zd\u00e1 a\u017e jako n\u011bjak\u00fd vy\u0161\u0161\u00ed z\u00e1m\u011br, fascinuj\u00edc\u00ed. Je opravdu podstatn\u00fd rozd\u00edl, jestli se rozhodnete vyd\u011blat prodejem byt\u016f, nebo podpo\u0159it um\u011bn\u00ed.<\/strong><br \/>\r\nBylo to pr\u00fd v&nbsp;podstat\u011b okam\u017eit\u00e9 rozhodnut\u00ed. Tehdy byl tento prostor star\u00e1, nepou\u017e\u00edvan\u00e1 tov\u00e1rna, kde d\u0159\u00edv prob\u00edhala kovov\u00fdroba, a&nbsp;Leo\u0161 vypr\u00e1v\u00ed, \u017ee kdy\u017e sem vstoupil, zap\u016fsobilo to tu na n\u011bj tak siln\u011b, \u017ee se ze dne na den rozhodl zm\u011bnit pl\u00e1ny. P\u0159izval ke spolupr\u00e1ci architekta Ivana Kroupu, kter\u00fd projektoval prom\u011bnu tov\u00e1rny na multifunk\u010dn\u00ed prostor. Realizace byla pak nominovan\u00e1 na Cenu Miese van der Rohe, co\u017e je presti\u017en\u00ed evropsk\u00e1 cena za architekturu.<\/p>\r\n<p>Pot\u00e9, co z&nbsp;tov\u00e1rny vznikl DOX, m\u011bl Leo\u0161 pocit, \u017ee na \u010dist\u00e9, jednoduch\u00e9, industri\u00e1ln\u00ed architektu\u0159e chyb\u00ed n\u011bjak\u00fd prvek, kter\u00fd by to cel\u00e9 tak trochu naru\u0161il. N\u011bco z&nbsp;\u00fapln\u011b jin\u00e9ho sv\u011bta. V&nbsp;roce 2014 oslovil architekta Martina Rajni\u0161e, se kter\u00fdm za\u010dali diskutovat, co by tato architektonick\u00e1 intervence na DOXu mohla b\u00fdt, a&nbsp;Leo\u0161 p\u0159i\u0161el s&nbsp;n\u00e1padem, \u017ee by to mohla b\u00fdt vzducholo\u010f. Martin Rajni\u0161 pak na jej\u00edm slavnostn\u00edm otev\u0159en\u00ed hezky mluvil o&nbsp;tom, \u017ee tohle bylo poprv\u00e9 v&nbsp;\u017eivot\u011b, kdy k\u00fdvl na n\u00e1pad n\u011bkoho jin\u00e9ho. Oba se pro ten n\u00e1pad hrozn\u011b nadchli.<\/p>\r\n<p>Vzducholo\u010f se otev\u0159ela v&nbsp;roce 2016 v&nbsp;r\u00e1mci velkolep\u00e9ho ceremoni\u00e1lu, kdy se z&nbsp;jej\u00ed gondoly spou\u0161t\u011bla kotva na dv\u016fr DOXu. Kdy\u017e u&nbsp;n\u00e1s Gulliver zakotvil, m\u011bl opravdu neuv\u011b\u0159iteln\u00fd ohlas ve sv\u011btov\u00fdch m\u00e9di\u00edch, dostal i&nbsp;\u0159adu ocen\u011bn\u00ed. Sou\u010dasn\u011b tam byla od za\u010d\u00e1tku my\u0161lenka, \u017ee by jeho prostor m\u011bl n\u011b\u010demu slou\u017eit. Nejde tedy jen o&nbsp;v\u00fdraznou architektonickou intervenci, kter\u00e1 je v&nbsp;kontrastu s&nbsp;industri\u00e1ln\u00ed budovou, ale vzducholo\u010f z\u00e1rove\u0148 m\u00e1 i&nbsp;svou funkci \u2013 je prostorem pro diskuze s&nbsp;autory, autorsk\u00e1 \u010dten\u00ed, setk\u00e1v\u00e1n\u00ed s&nbsp;knihami, p\u0159\u00edb\u011bhy a&nbsp;nov\u011b je tak\u00e9 domovem festivalu FALL, kter\u00fd prob\u011bhl p\u0159ed t\u0159emi t\u00fddny \u2013 festival literatury, um\u011bn\u00ed a&nbsp;vzd\u011bl\u00e1v\u00e1n\u00ed. Gulliver je takov\u00fdm spln\u011bn\u00fdm snem, je to n\u011bco, co v&nbsp;dne\u0161n\u00ed p\u0159etechnizovan\u00e9 a&nbsp;p\u0159edigitalizovan\u00e9 dob\u011b p\u016fsob\u00ed opravdu jako z&nbsp;jin\u00e9ho sv\u011bta nebo stolet\u00ed \u2013 ud\u011blat d\u0159ev\u011bnou vzducholo\u010f je d\u016fkazem a&nbsp;symbolem toho, \u017ee se v\u011bci po\u0159\u00e1d je\u0161t\u011b daj\u00ed d\u011blat jinak, \u017ee lze vytvo\u0159it n\u011bco, co m\u00e1 v&nbsp;sob\u011b obrovskou poezii, co v\u00e1m vyraz\u00ed dech. Kdy\u017e lid\u00e9 vstoup\u00ed dovnit\u0159, jsou \u010dasto naprosto ohromeni.<\/p>\r\n<p><strong>N\u00e1zev vzducholodi m\u00e1 odkazovat k&nbsp;mo\u017enosti nechat se un\u00e9st do vzd\u00e1len\u00fdch sv\u011bt\u016f?<\/strong><br \/>\r\nAno, m\u00e1 to svou symboliku. Gulliverovy cesty jsou vlastn\u011b o\u00a0tom pozn\u00e1vat skrze jin\u00e9 sv\u011bty ten n\u00e1\u0161 a\u00a0d\u00edvat se na n\u011bj kriticky, nahl\u00ed\u017eet ho s\u00a0v\u011bt\u0161\u00edm odstupem.<\/p>\r\n<p><strong>DOX tak\u00e9 z\u00edskal licenci k&nbsp;programu <a href=\"https:\/\/narrative4.com\/\" target=\"_blank\" rel=\"noopener\">Narrative 4<\/a>, kter\u00fd je v&nbsp;\u010cR a&nbsp;mo\u017en\u00e1 i&nbsp;v&nbsp;Evrop\u011b pom\u011brn\u011b dost ojedin\u011bl\u00fd. \u010cemu p\u0159esn\u011b m\u00e1 slou\u017eit?<\/strong><br \/>\r\nDOX m\u00e1 cel\u00e9 portfolio vzd\u011bl\u00e1vac\u00edch program\u016f. V\u011bt\u0161inou pracuj\u00ed se sou\u010dasn\u00fdmi t\u00e9maty a&nbsp;ot\u00e1zkami, a\u0165 u\u017e se jedn\u00e1 o&nbsp;ob\u010danskou anga\u017eovanost, medi\u00e1ln\u00ed gramotnost, soci\u00e1ln\u00ed psychologii nebo udr\u017eitelnost. A&nbsp;ke ka\u017ed\u00e9mu z&nbsp;t\u011bchto t\u00e9mat existuje n\u011bkolik program\u016f, v\u011bt\u0161inou se jedn\u00e1 o&nbsp;programy pro z\u00e1kladn\u00ed a&nbsp;st\u0159edn\u00ed \u0161koly, a&nbsp;v&nbsp;na\u0161em portfoliu doposud chyb\u011bl program, kter\u00fd by n\u011bjak\u00fdm zp\u016fsobem pracoval s&nbsp;p\u0159\u00edb\u011bhy, jejich vypr\u00e1v\u011bn\u00edm a&nbsp;sd\u00edlen\u00edm. P\u0159ed \u010dty\u0159mi lety jsem se setkala s&nbsp;projektem Narrative 4, kter\u00fd zalo\u017eil irsk\u00fd spisovatel Colum McCann, jen\u017e byl hlavn\u00edm hostem leto\u0161n\u00edho festivalu FALL. Je to projekt zalo\u017een\u00fd na sd\u00edlen\u00ed osobn\u00edch p\u0159\u00edb\u011bh\u016f a&nbsp;posilov\u00e1n\u00ed empatie.<\/p>\r\n<p><strong>Mysl\u00edm, \u017ee se pou\u017e\u00edv\u00e1 i&nbsp;pojem radik\u00e1ln\u00ed empatie, co\u017e mi p\u0159ijde naprosto geni\u00e1ln\u00ed.<\/strong><br \/>\r\nM\u011b to taky tehdy zaujalo, tak\u017ee jsem si o&nbsp;tom hodn\u011b \u010detla a&nbsp;p\u0159i\u0161lo mi, \u017ee vlastn\u011b zd\u00e1nliv\u011b velmi jednoduch\u00fd princip m\u016f\u017ee b\u00fdt velmi \u00fa\u010dinn\u00fd. V&nbsp;r\u00e1mci dvouhodinov\u00e9ho workshopu jsou \u00fa\u010dastn\u00edci rozd\u011bleni do dvojic. Vy vypr\u00e1v\u00edte va\u0161emu partnerovi ve dvojici sv\u016fj p\u0159\u00edb\u011bh \u2013 p\u0159\u00edb\u011bh na p\u0159edem dan\u00e9 t\u00e9ma, kter\u00fd ale mus\u00ed b\u00fdt z&nbsp;va\u0161eho \u017eivota, ne vymy\u0161len\u00fd, a&nbsp;v\u00e1\u0161 partner v\u00e1m stejn\u00fdm zp\u016fsobem odvypr\u00e1v\u00ed sv\u016fj. Potom jste vyzv\u00e1ni, abyste p\u0159ed celou skupinou p\u0159evypr\u00e1v\u011bli p\u0159\u00edb\u011bh, kter\u00fd jste si od toho druh\u00e9ho pr\u00e1v\u011b vyslechli. Mus\u00edte ho ale vypr\u00e1v\u011bt v&nbsp;prvn\u00ed osob\u011b, jako by byl v\u00e1\u0161.<\/p>\r\n<p>Ono to zn\u00ed mo\u017en\u00e1 skoro a\u017e ban\u00e1ln\u011b, ale v&nbsp;praxi to m\u00e1 velkou s\u00edlu. Mus\u00edte jednak velmi soust\u0159ed\u011bn\u011b poslouchat, co\u017e u\u017e je samo o&nbsp;sob\u011b dnes pro \u0159adu lid\u00ed nep\u0159ekonateln\u00fd probl\u00e9m, jednak se sna\u017e\u00edte formulovat p\u0159\u00edb\u011bh tak, aby byl opravdu p\u0159\u00edb\u011bhem, tedy m\u011bl n\u011bjak\u00fd za\u010d\u00e1tek, vyvrcholen\u00ed a&nbsp;konec, a&nbsp;jednak ho mus\u00edte um\u011bt p\u0159edn\u00e9st i&nbsp;s&nbsp;emoc\u00ed, kterou jste z&nbsp;druh\u00e9ho \u010dlov\u011bka vyc\u00edtila. Velkou roli v&nbsp;cel\u00e9m procesu hraje i&nbsp;d\u016fv\u011bra, tedy co jste ochotn\u00e1 s&nbsp;druh\u00fdm \u010dlov\u011bkem sd\u00edlet, jestli dok\u00e1\u017eete odvypr\u00e1v\u011bt jeho p\u0159\u00edb\u011bh tak, aby m\u011bl pocit, \u017ee je to skute\u010dn\u011b ten p\u0159\u00edb\u011bh, kter\u00fd s&nbsp;v\u00e1mi sd\u00edlel. Vznik\u00e1 tak mnoho mikrosituac\u00ed a&nbsp;moment\u016f, kdy se u\u010d\u00edte druh\u00e9ho skute\u010dn\u011b vn\u00edmat, poslouchat, vstupujete na chv\u00edli do jeho k\u016f\u017ee, do jeho p\u0159\u00edb\u011bhu.<\/p>\r\n<p>Projekt Narrative 4 prob\u00edh\u00e1 ve \u0161kol\u00e1ch hlavn\u011b v&nbsp;Irsku a&nbsp;USA a&nbsp;je od po\u010d\u00e1tku prov\u00e1zen sociologick\u00fdmi a&nbsp;psychologick\u00fdmi studiemi, kter\u00e9 ukazuj\u00ed, \u017ee ve t\u0159\u00edd\u00e1ch, kde se projekt realizuje, jsou mnohem soudr\u017en\u011bj\u0161\u00ed kolektivy, je v&nbsp;nich m\u00e9n\u011b \u0161ikany, studenti maj\u00ed k&nbsp;sob\u011b bl\u00ed\u017e. Jsou situace, kdy jsou nap\u0159\u00edklad studenti konfrontovan\u00ed s&nbsp;p\u0159\u00edb\u011bhem n\u011bkoho, ke komu by se za b\u011b\u017en\u00fdch okolnost\u00ed nikdy nedostali \u2013 jedn\u00e1 se t\u0159eba o&nbsp;men\u0161iny, d\u011bti z&nbsp;r\u016fzn\u00fdch soci\u00e1ln\u00edch skupin. Najednou s&nbsp;v\u00e1mi sd\u00edl\u00ed p\u0159\u00edb\u011bh n\u011bkdo, kdo \u017eije v&nbsp;realit\u011b, kterou vy v\u016fbec nezn\u00e1te. To \u010dasto otv\u00edr\u00e1 \u00fa\u010dastn\u00edk\u016fm workshopu o\u010di.<\/p>\r\n<p>Se zakladatelem projektu Columem McCannem jsme se dohodli na tom, \u017ee DOX bude prvn\u00ed instituc\u00ed v&nbsp;\u010cR, kter\u00e1 s&nbsp;touto metodikou bude pracovat. Nejprve jsme projekt pilotovali, proto\u017ee jsme cht\u011bli metodiku nejen p\u0159evz\u00edt, ale taky upravit a&nbsp;p\u0159izp\u016fsobit na\u0161im podm\u00ednk\u00e1m a&nbsp;na\u0161emu kontextu. Pracujeme p\u0159edev\u0161\u00edm s&nbsp;vizu\u00e1ln\u00edm um\u011bn\u00edm, proto jsme p\u0159idali dal\u0161\u00ed vrstvu, kter\u00e1 propojuje projekt s&nbsp;na\u0161imi v\u00fdstavami. Tak\u017ee studenti krom\u011b toho, \u017ee sd\u00edlej\u00ed p\u0159\u00edb\u011bhy na n\u011bjak\u00e9 dan\u00e9 t\u00e9ma, se pak sna\u017e\u00ed k&nbsp;p\u0159\u00edb\u011bhu p\u0159i\u0159adit i&nbsp;n\u011bkter\u00e9 d\u00edlo z&nbsp;aktu\u00e1ln\u00ed v\u00fdstavy, kter\u00e9 podle nich nejv\u00edc odpov\u00edd\u00e1 emoci, ji\u017e p\u0159\u00edb\u011bh sd\u011bluje. Po dvou letech pilotov\u00e1n\u00ed m\u00e1me dnes vy\u0161kolen\u00e9 lektory a&nbsp;projekt je sou\u010d\u00e1st\u00ed na\u0161\u00ed st\u00e1l\u00e9 nab\u00eddky vzd\u011bl\u00e1vac\u00edch program\u016f.<\/p>\r\n<p><strong>Nab\u00edz\u00edte konkr\u00e9tn\u011b tento program i\u00a0ve\u0159ejnosti?<\/strong><br \/>\r\nAno, vypisujeme term\u00edny i&nbsp;pro ve\u0159ejnost. J\u00e1 sama jsem vy\u0161kolen\u00e1 jako instruktorka t\u00e9to metody a&nbsp;vedla jsem nap\u0159\u00edklad workshop pro skupinu Rotary Club International, co\u017e jsou vysoc\u00ed mana\u017ee\u0159i z&nbsp;cel\u00e9ho sv\u011bta a&nbsp;je jim t\u0159eba 60 nebo 70 let. Oni k&nbsp;tomu zpo\u010d\u00e1tku p\u0159istupovali s&nbsp;ur\u010ditou d\u00e1vkou ironie, s&nbsp;t\u00edm, \u017ee to bude jen takov\u00e9 zpest\u0159en\u00ed. Nakonec to dopadlo tak, \u017ee je\u0161t\u011b t\u0159i t\u00fddny pot\u00e9, co workshop skon\u010dil, si sd\u011blovali dojmy, z\u00e1\u017eitky a&nbsp;emoce a&nbsp;byli naprosto nad\u0161en\u00ed. I&nbsp;p\u0159esto, \u017ee se znaj\u00ed \u0159adu let, najednou byli v&nbsp;situaci, kdy mezi sebou sd\u00edleli velmi osobn\u00ed p\u0159\u00edb\u011bhy, a&nbsp;sami konstatovali, \u017ee to pro n\u011b bylo p\u0159ekvapiv\u011b siln\u00e9.<\/p>\r\n<p><strong>M\u00e1te pocit, \u017ee spole\u010dn\u011b s&nbsp;t\u00edm, jak se DOX rozr\u016fst\u00e1, osobnostn\u011b rostete i&nbsp;vy sama?<\/strong><br \/>\r\nUr\u010dit\u011b jsem vd\u011b\u010dn\u00e1 za p\u0159\u00edle\u017eitost, kterou jsem dostala, proto\u017ee \u010dlov\u011bk opravdu roste s&nbsp;t\u00edm, jak p\u0159ich\u00e1zej\u00ed nov\u00e9 projekty, a\u0165 u\u017e to jsou velk\u00e9 v\u00fdstavy, mezin\u00e1rodn\u00ed konference, festivaly nebo vzd\u011bl\u00e1vac\u00ed projekty, \u0159e\u0161\u00ed se po\u0159\u00e1d nov\u00e9 situace. DOX se od po\u010d\u00e1tku sv\u00e9 existence neust\u00e1le roz\u0161i\u0159uje \u2013 jak fyzicky, tak programov\u011b, co\u017e pro v\u011bt\u0161inu instituc\u00ed nen\u00ed \u00fapln\u011b b\u011b\u017en\u00e9. Kdy\u017e se zalo\u017e\u00ed velk\u00e1 kulturn\u00ed instituce, u\u017e to je velk\u00fd po\u010din, potom stoj\u00ed spoustu \u00fasil\u00ed udr\u017eet ji v&nbsp;chodu, ale tady se nav\u00edc neust\u00e1le posouv\u00e1me \u2013 a&nbsp;v\u0161ichni, nejen j\u00e1, se u\u010d\u00edme za pochodu. Ur\u010dit\u00e9 v\u011bci u\u017e m\u00e1me za ty roky profesion\u00e1ln\u011b zvl\u00e1dnut\u00e9. T\u0159eba produkci v\u00fdstav dovedeme dnes u\u017e realizovat v&nbsp;\u010dase, kter\u00fd je pro st\u00e1tn\u00ed instituce naprosto nemysliteln\u00fd.<\/p>\r\n<p>Pro m\u011b osobn\u011b je obrovsk\u00e1 satisfakce vid\u011bt, kde DOX po 15 letech je. A&nbsp;jak na n\u011bj reaguj\u00ed n\u00e1v\u0161t\u011bvn\u00edci i&nbsp;lid\u00e9 z&nbsp;oboru, hlavn\u011b ti ze zahrani\u010d\u00ed. Provozovat instituci, kter\u00e1 ud\u011bl\u00e1 za rok 10 v\u00fdstav a&nbsp;700 akc\u00ed, je v\u00fdzva. A&nbsp;nejenom v&nbsp;\u010desk\u00e9m prost\u0159ed\u00ed, troufnu si \u0159\u00edct, \u017ee i&nbsp;v&nbsp;evropsk\u00e9m prost\u0159ed\u00ed pat\u0159\u00ed DOX k&nbsp;t\u011bm v\u011bt\u0161\u00edm instituc\u00edm. Z\u00e1rove\u0148 na to, co v\u0161echno se tady d\u011bje, pracujeme s&nbsp;v\u00fdznamn\u011b n\u00edzk\u00fdm rozpo\u010dtem a&nbsp;t\u00fdmem, kter\u00fd je po\u0159\u00e1d relativn\u011b mal\u00fd. Cel\u00e9 to funguje p\u0159edev\u0161\u00edm proto, \u017ee je tu d\u00edky Leo\u0161i V\u00e1lkovi jasn\u00e1 vize d\u011blat v\u011bci jinak, pak proto, \u017ee jednotliv\u00e9 programov\u00e9 linie za\u0161ti\u0165uj\u00ed \u00fa\u017easn\u00ed profesion\u00e1lov\u00e9, jako je Otto M. Urban nebo Viliam Do\u010dolomansk\u00fd, a&nbsp;pak je tu mimo\u0159\u00e1dn\u011b schopn\u00fd t\u00fdm lid\u00ed, kte\u0159\u00ed si dob\u0159e rozum\u011bj\u00ed. Chod\u00ed spolu na pivo i&nbsp;na kulturu. (sm\u00edch) Nen\u00ed pot\u0159eba p\u0159\u00edli\u0161 pro\u017e\u00edvat n\u011bjakou hierarchii, n\u011bjak\u00e9 role, j\u00e1 jsem sice um\u011bleck\u00e1 \u0159editelka a&nbsp;kur\u00e1torka, ale kdy\u017e dojde na krizovou situaci, tak p\u016fjdu nosit \u017eidle na dv\u016fr jako ka\u017ed\u00fd jin\u00fd z&nbsp;t\u00fdmu. Je na v\u00e1s sice ur\u010dit\u00e1 t\u00edha zodpov\u011bdnosti a&nbsp;rozhodov\u00e1n\u00ed, ale z\u00e1rove\u0148 v\u00edte, \u017ee za sebou m\u00e1te lidi, kte\u0159\u00ed dok\u00e1\u017eou neuv\u011b\u0159iteln\u011b napnout s\u00edly a&nbsp;tr\u00e1vit tady i&nbsp;extra \u010das, vlastn\u011b DOXem tak trochu \u017e\u00edt. D\u00edky tomu m\u016f\u017eeme existovat a&nbsp;d\u011blat to, co n\u00e1m d\u00e1v\u00e1 smysl.<\/p>\r\n<p><strong>Je\u0161t\u011b jedna lehce feministick\u00e1 ot\u00e1zka: Jak\u00e9 to je b\u00fdt \u017eenou ve veden\u00ed instituce, jako je DOX? Jak v\u00a0\u010desk\u00e9m, tak v\u00a0mezin\u00e1rodn\u00edm kontextu?<br \/>\r\n<\/strong>Mus\u00edm \u0159\u00edct, \u017ee jsem se nikdy nesetkala s&nbsp;t\u00edm, \u017ee bych byla jako \u017eena n\u011bjak\u00fdm zp\u016fsobem diskvalifikovan\u00e1 nebo znev\u00fdhod\u0148ovan\u00e1, \u010d\u00edm\u017e ne\u0159\u00edk\u00e1m, \u017ee se to obecn\u011b ned\u011bje. V&nbsp;DOXu je to samoz\u0159ejm\u011b trochu specifick\u00e9 prost\u0159ed\u00ed, lid\u00e9 jsou tu otev\u0159en\u00ed a&nbsp;nemaj\u00ed pot\u0159ebu si nic dokazovat, s&nbsp;m\u00fdmi kolegy v&nbsp;um\u011bleck\u00e9m veden\u00ed Otto M. Urbanem a&nbsp;Viliamem Do\u010dolomansk\u00fdm si mimo\u0159\u00e1dn\u011b rozum\u00edme, s&nbsp;Leo\u0161em V\u00e1lkou jsme u\u017e l\u00e9ta \u017eivotn\u00ed partne\u0159i. Ale moje zku\u0161enost i&nbsp;z&nbsp;p\u0159edchoz\u00edch prac\u00ed a&nbsp;tak\u00e9 na mezin\u00e1rodn\u00ed \u00farovni je opravdu jen dobr\u00e1. Ve sv\u011bt\u011b m\u00e1m n\u011bkolik kamar\u00e1dek, kter\u00e9 stoj\u00ed v&nbsp;\u010dele velk\u00fdch instituc\u00ed, t\u0159eba ve \u0160pan\u011blsku doned\u00e1vna Rosa Ferr\u00e9 v&nbsp;Mataderu (Centrum sou\u010dasn\u00e9ho um\u011bn\u00ed Matadero Madrid, pozn. red.), \u017eena, je\u017e neuv\u011b\u0159iteln\u00fdm zp\u016fsobem postavila tuto instituci na nohy, a&nbsp;mohla bych jmenovat v\u00edc \u017een, kter\u00e9, jak v\u00edm, maj\u00ed v&nbsp;tomhle ohledu tak\u00e9 dobr\u00e9 zku\u0161enosti.<\/p>\r\n<p><strong>Tak to je dobr\u00e1 zpr\u00e1va na z\u00e1v\u011br.<\/strong><br \/>\r\n(\u00fasm\u011bv) Ano. Ale je to samoz\u0159ejm\u011b subjektivn\u00ed pohled, netroufnu si to hodnotit. Pro m\u011b je z\u00e1sadn\u00ed pod\u00edlet se ka\u017ed\u00fd den na n\u011b\u010dem, o&nbsp;\u010dem jsem p\u0159esv\u011bd\u010den\u00e1, \u017ee m\u00e1 smysl, s&nbsp;lidmi, kter\u00fdch si v\u00e1\u017e\u00edm a&nbsp;kter\u00e9 m\u00e1m r\u00e1da. To pova\u017euji za velk\u00e9 privilegium.<\/p>\r\n<hr \/>\r\n<p><strong>Centrum sou\u010dasn\u00e9ho um\u011bn\u00ed DOX<\/strong> (Poup\u011btova 1) je soukrom\u00e1 instituce zam\u011b\u0159en\u00e1 na sou\u010dasn\u00e9 um\u011bn\u00ed, kter\u00e1 se ve\u0159ejnosti otev\u0159ela v&nbsp;roce 2008. Jeho dramaturgie propojuje v\u00fdtvarn\u00e9 um\u011bn\u00ed, literaturu, performativn\u00ed um\u011bn\u00ed a&nbsp;vzd\u011bl\u00e1v\u00e1n\u00ed. Najdete zde v\u00fdstavn\u00ed prostory, multifunk\u010dn\u00ed s\u00e1l DOX+, Vzducholo\u010f Gulliver, design shop, knihkupectv\u00ed a&nbsp;Archiv v\u00fdtvarn\u00e9ho um\u011bn\u00ed. DOX m\u00e1 otev\u0159eno od st\u0159edy do ned\u011ble 12\u201318 hod.<br \/>\r\n\u2192\u00a0<a href=\"http:\/\/www.dox.cz\" target=\"_blank\" rel=\"noopener\">www.dox.cz<\/a><\/p>\r\n<hr \/>\r\n<p><strong>Michaela \u0160ilpochov\u00e1\u00a0<\/strong>(* 1981) je um\u011bleck\u00e1 \u0159editelka Centra sou\u010dasn\u00e9ho um\u011bn\u00ed DOX. Je absolventkou Katedry britsk\u00fdch a&nbsp;americk\u00fdch studi\u00ed FF UK v&nbsp;Praze se specializac\u00ed na britskou literaturu. B\u011bhem studi\u00ed se za\u010dala v\u011bnovat d\u011bjin\u00e1m um\u011bn\u00ed a&nbsp;jej\u00edm profesn\u00edm z\u00e1jmem se staly vz\u00e1jemn\u00e9 vztahy a&nbsp;vlivy mezi literaturou a&nbsp;v\u00fdtvarn\u00fdm um\u011bn\u00edm. Od roku 2011 pracuje v&nbsp;Centru sou\u010dasn\u00e9ho um\u011bn\u00ed DOX, od roku 2019 je jeho um\u011bleckou \u0159editelkou. Je kur\u00e1torkou \u0159ady v\u00fdstavn\u00edch projekt\u016f a&nbsp;editorkou n\u011bkolika v\u00fdstavn\u00edch publikac\u00ed. Od roku 2017 p\u0159ipravuje i&nbsp;liter\u00e1rn\u00ed program pro prostor <a href=\"https:\/\/www.dox.cz\/vzducholod-gulliver\" target=\"_blank\" rel=\"noopener\">Vzducholodi Gulliver<\/a>, kter\u00fd rozv\u00edj\u00ed t\u00e9mata v\u00fdstavn\u00edch projekt\u016f Centra DOX. V&nbsp;roce 2021 iniciovala vzd\u011bl\u00e1vac\u00ed projekt B\u011aHEM P\u0158\u00cdB\u011aHU, kter\u00fd pracuje s&nbsp;rozv\u00edjen\u00edm empatie prost\u0159ednictv\u00edm sd\u00edlen\u00ed p\u0159\u00edb\u011bh\u016f \u2013 metodologi\u00ed mezin\u00e1rodn\u00edho projektu Narrative 4. Je tak\u00e9 zakladatelkou nov\u00e9ho festivalu um\u011bn\u00ed, literatury a&nbsp;kreativn\u00edho vzd\u011bl\u00e1v\u00e1n\u00ed <a href=\"https:\/\/www.dox.cz\/fall\" target=\"_blank\" rel=\"noopener\">FALL<\/a>.<\/p>","protected":false},"excerpt":{"rendered":"[perex] S&nbsp;um\u011bleckou \u0159editelkou Centra sou\u010dasn\u00e9ho um\u011bn\u00ed DOX, kter\u00e9 pr\u00e1v\u011b oslavilo 15 let, jsem se setkala p\u0159\u00edmo v&nbsp;p\u016fsobiv\u00e9m labyrintu b\u00fdval\u00e9 industri\u00e1ln\u00ed budovy. Michaela \u0160ilpochov\u00e1 v&nbsp;rozhovoru erudovan\u011b a&nbsp;s&nbsp;nep\u0159edst\u00edran\u00fdm z\u00e1palem osv\u011btluje d\u016fle\u017eitost kreativn\u00edho vzd\u011bl\u00e1v\u00e1n\u00ed, p\u0159ibli\u017euje sv\u011bt sou\u010dasn\u00e9ho um\u011bn\u00ed a&nbsp;vysv\u011btluje, pro\u010d k&nbsp;n\u011bmu neexistuje manu\u00e1l. Po chv\u00edli jsem za\u010dala m\u00edt dojem, jako bychom se bavily o&nbsp;n\u011bjak\u00e9 t\u0159et\u00ed osob\u011b, \u017eivouc\u00edm [&hellip;]","protected":false},"author":292,"featured_media":70936,"comment_status":"closed","ping_status":"open","sticky":false,"template":"","format":"standard","meta":[],"categories":[37],"tags":[],"_links":{"self":[{"href":"https:\/\/www.praha7.cz\/api\/wp\/v2\/posts\/70935"}],"collection":[{"href":"https:\/\/www.praha7.cz\/api\/wp\/v2\/posts"}],"about":[{"href":"https:\/\/www.praha7.cz\/api\/wp\/v2\/types\/post"}],"author":[{"embeddable":true,"href":"https:\/\/www.praha7.cz\/api\/wp\/v2\/users\/292"}],"replies":[{"embeddable":true,"href":"https:\/\/www.praha7.cz\/api\/wp\/v2\/comments?post=70935"}],"version-history":[{"count":3,"href":"https:\/\/www.praha7.cz\/api\/wp\/v2\/posts\/70935\/revisions"}],"predecessor-version":[{"id":70940,"href":"https:\/\/www.praha7.cz\/api\/wp\/v2\/posts\/70935\/revisions\/70940"}],"wp:featuredmedia":[{"embeddable":true,"href":"https:\/\/www.praha7.cz\/api\/wp\/v2\/media\/70936"}],"wp:attachment":[{"href":"https:\/\/www.praha7.cz\/api\/wp\/v2\/media?parent=70935"}],"wp:term":[{"taxonomy":"category","embeddable":true,"href":"https:\/\/www.praha7.cz\/api\/wp\/v2\/categories?post=70935"},{"taxonomy":"post_tag","embeddable":true,"href":"https:\/\/www.praha7.cz\/api\/wp\/v2\/tags?post=70935"}],"curies":[{"name":"wp","href":"https:\/\/api.w.org\/{rel}","templated":true}]}}