    
{"id":70571,"date":"2023-10-16T14:41:00","date_gmt":"2023-10-16T12:41:00","guid":{"rendered":"https:\/\/www.praha7.cz\/?p=70571"},"modified":"2023-10-16T15:56:03","modified_gmt":"2023-10-16T13:56:03","slug":"obnova-vodovodniho-radu-v-ulicich-u-vystaviste-partyzanska","status":"publish","type":"post","link":"https:\/\/www.praha7.cz\/obnova-vodovodniho-radu-v-ulicich-u-vystaviste-partyzanska\/","title":{"rendered":"Obnova vodovodn\u00edho \u0159adu U&nbsp;V\u00fdstavi\u0161t\u011b, Partyz\u00e1nsk\u00e1"},"content":{"rendered":"<p>[perex]<\/p>\r\n<p>Od 18.&nbsp;do 26.&nbsp;\u0159\u00edjna\u00a0 2023 prob\u011bhne obnova vodovodn\u00edho \u0159adu v&nbsp;ulic\u00edch U&nbsp;V\u00fdstavi\u0161t\u011b a&nbsp;Partyz\u00e1nsk\u00e1, kter\u00e9 budou \u010d\u00e1ste\u010dn\u011b uzav\u0159eny, zcela uzav\u0159ena bude ulice U&nbsp;Pap\u00edrny.\u00a0 Tramvajov\u00fd provoz z\u016fstane zachov\u00e1n. V&nbsp;dopravn\u00ed \u0161pi\u010dce po\u010d\u00edtejte se zdr\u017een\u00edm 10\u201330 minut.<\/p>\r\n<p>[\/perex]<\/p>\r\n<h4>Obj\u00edzdn\u00e9 trasy<\/h4>\r\n<p>Sm\u011br centrum: Vrbensk\u00e9ho, Bondyho<\/p>\r\n<p>Sm\u011br Troja: Bubensk\u00e1, \u017delezni\u010d\u00e1\u0159\u016f<\/p>\r\n<p>Ve sm\u011bru V\u00fdstavi\u0161t\u011b bude umo\u017en\u011bn pr\u016fjezd dopravn\u00ed obsluze.\u00a0<\/p>\r\n<hr \/>\r\n<p>V\u00edce informac\u00ed najdete na <a href=\"https:\/\/opravujeme.to\/action\/1555\/\" target=\"_blank\" rel=\"noopener\">str\u00e1nk\u00e1ch TSK<\/a>.<\/p>","protected":false},"excerpt":{"rendered":"[perex] Od 18.&nbsp;do 26.&nbsp;\u0159\u00edjna\u00a0 2023 prob\u011bhne obnova vodovodn\u00edho \u0159adu v&nbsp;ulic\u00edch U&nbsp;V\u00fdstavi\u0161t\u011b a&nbsp;Partyz\u00e1nsk\u00e1, kter\u00e9 budou \u010d\u00e1ste\u010dn\u011b uzav\u0159eny, zcela uzav\u0159ena bude ulice U&nbsp;Pap\u00edrny.\u00a0 Tramvajov\u00fd provoz z\u016fstane zachov\u00e1n. V&nbsp;dopravn\u00ed \u0161pi\u010dce po\u010d\u00edtejte se zdr\u017een\u00edm 10\u201330 minut. [\/perex] Obj\u00edzdn\u00e9 trasy Sm\u011br centrum: Vrbensk\u00e9ho, Bondyho Sm\u011br Troja: Bubensk\u00e1, \u017delezni\u010d\u00e1\u0159\u016f Ve sm\u011bru V\u00fdstavi\u0161t\u011b bude umo\u017en\u011bn pr\u016fjezd dopravn\u00ed obsluze.\u00a0 V\u00edce informac\u00ed najdete na [&hellip;]","protected":false},"author":251,"featured_media":39457,"comment_status":"closed","ping_status":"open","sticky":false,"template":"","format":"standard","meta":[],"categories":[34],"tags":[],"_links":{"self":[{"href":"https:\/\/www.praha7.cz\/api\/wp\/v2\/posts\/70571"}],"collection":[{"href":"https:\/\/www.praha7.cz\/api\/wp\/v2\/posts"}],"about":[{"href":"https:\/\/www.praha7.cz\/api\/wp\/v2\/types\/post"}],"author":[{"embeddable":true,"href":"https:\/\/www.praha7.cz\/api\/wp\/v2\/users\/251"}],"replies":[{"embeddable":true,"href":"https:\/\/www.praha7.cz\/api\/wp\/v2\/comments?post=70571"}],"version-history":[{"count":2,"href":"https:\/\/www.praha7.cz\/api\/wp\/v2\/posts\/70571\/revisions"}],"predecessor-version":[{"id":70580,"href":"https:\/\/www.praha7.cz\/api\/wp\/v2\/posts\/70571\/revisions\/70580"}],"wp:featuredmedia":[{"embeddable":true,"href":"https:\/\/www.praha7.cz\/api\/wp\/v2\/media\/39457"}],"wp:attachment":[{"href":"https:\/\/www.praha7.cz\/api\/wp\/v2\/media?parent=70571"}],"wp:term":[{"taxonomy":"category","embeddable":true,"href":"https:\/\/www.praha7.cz\/api\/wp\/v2\/categories?post=70571"},{"taxonomy":"post_tag","embeddable":true,"href":"https:\/\/www.praha7.cz\/api\/wp\/v2\/tags?post=70571"}],"curies":[{"name":"wp","href":"https:\/\/api.w.org\/{rel}","templated":true}]}}